{"id":720,"date":"2009-11-16T00:52:29","date_gmt":"2009-11-16T00:52:29","guid":{"rendered":"https:\/\/archivioturi.lavocedelpaese.info\/index.php\/2009\/11\/16\/settanni-qde-grisantis-e-valentini-i-peggioriq\/"},"modified":"2009-11-16T00:52:29","modified_gmt":"2009-11-16T00:52:29","slug":"settanni-qde-grisantis-e-valentini-i-peggioriq","status":"publish","type":"post","link":"https:\/\/archivioturi.lavocedelpaese.info\/index.php\/2009\/11\/16\/settanni-qde-grisantis-e-valentini-i-peggioriq\/","title":{"rendered":"SETTANNI:&#8221;DE GRISANTIS E VALENTINI I PEGGIORI&#8221;"},"content":{"rendered":"<p><img loading=\"lazy\" decoding=\"async\" class=\" alignleft size-full wp-image-182\" style=\"margin: 5px; float: left;\" alt=\"occhiosalato\" src=\"https:\/\/archivioturi.lavocedelpaese.info\/wp-content\/uploads\/2009\/08\/occhiosalato.jpg\" width=\"320\" height=\"156\" srcset=\"https:\/\/archivioturi.lavocedelpaese.info\/wp-content\/uploads\/2009\/08\/occhiosalato.jpg 410w, https:\/\/archivioturi.lavocedelpaese.info\/wp-content\/uploads\/2009\/08\/occhiosalato-300x146.jpg 300w\" sizes=\"auto, (max-width: 320px) 100vw, 320px\" \/> <\/p>\n<p>Intervista a<strong> Giovanni Settanni<\/strong>, uno dei tre coordinatori del Pdl turese, sempre in attesa del congresso cittadino. Settanni, 27enne, laureato in scienze politiche, giornalista, lo sport e la politica come hobby. L&#8217;ultimo film visto: Baar\u00eca di Tornatore. L&#8217;ultimo libro letto: Il futuro della libert\u00e0 di Gianfranco Fini. <\/p>\n<p><strong>\u00c8 vero che Lei, nelle sue ultime analisi, ha &#8216;4 pi\u00f9&#8217;di politica nel sangue? <\/strong><br \/>\u201cPu\u00f2 essere, pu\u00f2 essere. \u00c8 proprio una malattia allora o un sintomo di malattia\u201d. <\/p>\n<p><strong>Lei si sente pi\u00f9 l\u2019erede di Gigantelli, di Di Venere Giammaria o di Nico Catalano?<\/strong><strong> <\/strong><br \/>\u201cMeglio dei primi due\u201d.<\/p>\n<p><strong>Chi lo ha deluso di pi\u00f9: Fini o De Novellis? <\/strong><br \/>\u201cDe Novellis. Decisamente\u201d. <\/p>\n<p><strong>Il paese, Fax o Turiweb?<\/strong><br \/>\u201cIl paese\u201d. <\/p>\n<p><strong>Un amministratore intelligente come Gigantelli perch\u00e9 ha commesso il passo falso della vendita dell\u2019ex cinema Zaccheo? <\/strong><br \/>\u201cNon \u00e8 un passo falso ma un atto dovuto\u201d. <\/p>\n<p><strong>Lei, pur essendo molto conosciuto e, nel centro-destra, molto apprezzato, non ebbe consensi sufficienti per essere eletto in Consiglio comunale. Come lo spiega?<\/strong> <br \/>\u201cAvendo avuto 97 voti uno come me con genitori non vicini alla politica, \u00e8 un risultato molto esaltante\u201d. <\/p>\n<p><strong>Dicono tutti che lei \u00e8 il Nico Catalano del centro destra. Lei si ritrova in questa affermazione? <\/strong><br \/>\u201cNo, soprattutto per una questione di &#8216;padri putativi&#8217;. Io Gigantelli l&#8217;ho trovato dopo che avevo fatto le mie scelte da solo e stavo camminando con le mie gambe. Lui invece inizi\u00f2 la carriera grazie al suo padre putativo che poi l&#8217;ha abbandonato, o si sono abbandonati a vicenda\u201d. <\/p>\n<p><strong>Tre aggettivi per Gigantelli sindaco.<\/strong> <br \/>\u201cCompetente, preparato, leader\u201d. <\/p>\n<p><strong>Un aggettivo per Franco D\u2019Addabbo. <\/strong><br \/>\u201cPreparatissimo e aperto ai giovani\u201d. <\/p>\n<p><strong>Paolo Tundo. <\/strong><br \/>\u201cAmato dalla gente\u201d. <\/p>\n<p><strong>Antonio Tateo. <\/strong><br \/>\u201cE&#8217; quello che mi assomiglia di pi\u00f9. Passionale\u201d&#8230; <\/p>\n<p><strong>Teresita De Florio. <\/strong><br \/>\u201cUna che ha il pugno duro in un assessorato difficilissimo. E tra poco tutte le strade faranno la raccolta delle firme a Turi. Avremo 6mila raccolte di firme\u201d. <\/p>\n<p><strong>Giacomo Valentini. <\/strong><br \/>\u201cPreparato anche perch\u00e8 \u00e8 la sua materia\u201d. <\/p>\n<p><strong>Modesto Cazzetta. <\/strong><br \/>\u201cVoglioso di migliorare\u201d. <\/p>\n<p><strong>Michele Boccardi. <\/strong><br \/>\u201cUno che d\u00e0 tanto a Turi ricevendo speriamo tanto\u201d. <\/p>\n<p><strong>Chi sar\u00e0 il prossimo governatore di Puglia? <\/strong><br \/>\u201cSperiamo il candidato del centro destra. Sono di parte come al solito\u201d&#8230; (Ride, ndr)<\/p>\n<p><strong>Michele Boccardi eletto al Consiglio regionale? <\/strong><br \/>\u201cSperiamo di s\u00ec. Le possibilit\u00e0 sono tantissime\u201d. <br \/><strong><br \/>Dopo Gigantelli chi sar\u00e0 il nuovo sindaco di Turi? <\/strong><br \/>\u201cGigantelli\u201d. <\/p>\n<p><strong>Che ne dice dell\u2019operazione D\u2019Autilia? <\/strong><br \/>\u201cOttima. So bene che come provenienza politica pu\u00f2 far storcere il naso a qualcuno ma come preparazione nessuno pu\u00f2 dire niente. D&#8217;Autilia \u00e8 un altro che ha passione per la politica. Sul passaggio dalla minoranza alla maggioranza, non c&#8217;\u00e8 niente di male\u201d. <\/p>\n<p><strong>Gigantelli ha due gruppi di oppositori. Quale dei due teme di pi\u00f9? <\/strong><br \/>\u201cNessuno dei due\u201d. <\/p>\n<p><strong>Mi faccia due nomi di giovani, uno del centro destra e l\u2019altro del centro sinistra, che possano avere un futuro politico, ammesso che ci siano\u2026 <\/strong><br \/>\u201cNel centro-sinistra Arianna Gasparro, nel centro-destra speriamo molto nel nuovo: Fabio Topputi\u201d. <\/p>\n<p><strong>Che delusione la Poli Bortone\u2026 <\/strong><br \/>\u201cIo non sono stato mai della sua corrente ma \u00e8 una grossa delusione\u201d. <\/p>\n<p><strong>Che parere si \u00e8 fatto sulla nascita della \u2018Giovane Italia\u2019? <\/strong><br \/>\u201cOttimo. Pi\u00f9 giovani sono e meglio \u00e8. Soprattutto se appartengono al centro-destra\u201d&#8230; <\/p>\n<p><strong>In un famoso comizio lei disse che, in caso di vittoria, avreste comandato. Secondo lei l&#8217;Amministrazione Gigantelli finora ha pi\u00f9 amministrato o comandato? <\/strong><br \/>\u201cQuesta \u00e8 proprio una bella domanda. Amministrato sicuramente, comandato fortunatamente no. Cos\u00ec diventiamo di nuovo democratici\u201d. <\/p>\n<p><strong>Cosa non le ho chiesto che vorrebbe le chiedessi? <\/strong><br \/>\u201cChi \u00e8 il peggior politico di Turi?\u201d<\/p>\n<p><strong>Chi \u00e8 il peggior politico di Turi? <\/strong><br \/>\u201c\u00c8 una bella lotta fra De Grisantis e Vito Donato Valentini. Questa \u00e8 la risposta a ci\u00f2 che ti ha detto Petrera, nella tua ultima intervista su Turiweb\u201d.<\/p>\n<p><img loading=\"lazy\" decoding=\"async\" class=\" size-full wp-image-718\" alt=\"vignetta-settanni\" src=\"https:\/\/archivioturi.lavocedelpaese.info\/wp-content\/uploads\/2009\/11\/vignetta-settanni.jpg\" width=\"660\" height=\"428\" srcset=\"https:\/\/archivioturi.lavocedelpaese.info\/wp-content\/uploads\/2009\/11\/vignetta-settanni.jpg 660w, https:\/\/archivioturi.lavocedelpaese.info\/wp-content\/uploads\/2009\/11\/vignetta-settanni-300x195.jpg 300w\" sizes=\"auto, (max-width: 660px) 100vw, 660px\" \/><\/p>\n<p><img loading=\"lazy\" decoding=\"async\" class=\" size-full wp-image-719\" alt=\"vignetta-settanni-bis\" src=\"https:\/\/archivioturi.lavocedelpaese.info\/wp-content\/uploads\/2009\/11\/vignetta-settanni-bis.jpg\" width=\"514\" height=\"640\" srcset=\"https:\/\/archivioturi.lavocedelpaese.info\/wp-content\/uploads\/2009\/11\/vignetta-settanni-bis.jpg 514w, https:\/\/archivioturi.lavocedelpaese.info\/wp-content\/uploads\/2009\/11\/vignetta-settanni-bis-241x300.jpg 241w\" sizes=\"auto, (max-width: 514px) 100vw, 514px\" \/><\/p>\n","protected":false},"excerpt":{"rendered":"<p><img loading=\"lazy\" decoding=\"async\" class=\" alignleft size-full wp-image-182\" style=\"margin: 5px; float: left;\" alt=\"occhiosalato\" src=\"https:\/\/archivioturi.lavocedelpaese.info\/wp-content\/uploads\/2009\/08\/occhiosalato.jpg\" width=\"320\" height=\"156\" srcset=\"https:\/\/archivioturi.lavocedelpaese.info\/wp-content\/uploads\/2009\/08\/occhiosalato.jpg 410w, https:\/\/archivioturi.lavocedelpaese.info\/wp-content\/uploads\/2009\/08\/occhiosalato-300x146.jpg 300w\" sizes=\"auto, (max-width: 320px) 100vw, 320px\" \/> <\/p>\n","protected":false},"author":1,"featured_media":182,"comment_status":"open","ping_status":"closed","sticky":false,"template":"","format":"standard","meta":{"colormag_page_container_layout":"default_layout","colormag_page_sidebar_layout":"default_layout","footnotes":""},"categories":[4],"tags":[],"class_list":["post-720","post","type-post","status-publish","format-standard","has-post-thumbnail","hentry","category-politica"],"_links":{"self":[{"href":"https:\/\/archivioturi.lavocedelpaese.info\/index.php\/wp-json\/wp\/v2\/posts\/720","targetHints":{"allow":["GET"]}}],"collection":[{"href":"https:\/\/archivioturi.lavocedelpaese.info\/index.php\/wp-json\/wp\/v2\/posts"}],"about":[{"href":"https:\/\/archivioturi.lavocedelpaese.info\/index.php\/wp-json\/wp\/v2\/types\/post"}],"author":[{"embeddable":true,"href":"https:\/\/archivioturi.lavocedelpaese.info\/index.php\/wp-json\/wp\/v2\/users\/1"}],"replies":[{"embeddable":true,"href":"https:\/\/archivioturi.lavocedelpaese.info\/index.php\/wp-json\/wp\/v2\/comments?post=720"}],"version-history":[{"count":0,"href":"https:\/\/archivioturi.lavocedelpaese.info\/index.php\/wp-json\/wp\/v2\/posts\/720\/revisions"}],"wp:featuredmedia":[{"embeddable":true,"href":"https:\/\/archivioturi.lavocedelpaese.info\/index.php\/wp-json\/wp\/v2\/media\/182"}],"wp:attachment":[{"href":"https:\/\/archivioturi.lavocedelpaese.info\/index.php\/wp-json\/wp\/v2\/media?parent=720"}],"wp:term":[{"taxonomy":"category","embeddable":true,"href":"https:\/\/archivioturi.lavocedelpaese.info\/index.php\/wp-json\/wp\/v2\/categories?post=720"},{"taxonomy":"post_tag","embeddable":true,"href":"https:\/\/archivioturi.lavocedelpaese.info\/index.php\/wp-json\/wp\/v2\/tags?post=720"}],"curies":[{"name":"wp","href":"https:\/\/api.w.org\/{rel}","templated":true}]}}