{"id":7161,"date":"2011-10-17T16:45:03","date_gmt":"2011-10-17T16:45:03","guid":{"rendered":"https:\/\/archivioturi.lavocedelpaese.info\/index.php\/2011\/10\/17\/mi-ritorni-in-mente-5\/"},"modified":"2011-10-17T16:45:03","modified_gmt":"2011-10-17T16:45:03","slug":"mi-ritorni-in-mente-5","status":"publish","type":"post","link":"https:\/\/archivioturi.lavocedelpaese.info\/index.php\/2011\/10\/17\/mi-ritorni-in-mente-5\/","title":{"rendered":"MI RITORNI IN MENTE&#8230;"},"content":{"rendered":"<p><img loading=\"lazy\" decoding=\"async\" class=\" size-full wp-image-7160\" alt=\"gruppo_maschile_corretta\" height=\"150\" width=\"320\" src=\"https:\/\/archivioturi.lavocedelpaese.info\/wp-content\/uploads\/2011\/10\/gruppo_maschile_corretta.jpg\" srcset=\"https:\/\/archivioturi.lavocedelpaese.info\/wp-content\/uploads\/2011\/10\/gruppo_maschile_corretta.jpg 640w, https:\/\/archivioturi.lavocedelpaese.info\/wp-content\/uploads\/2011\/10\/gruppo_maschile_corretta-300x141.jpg 300w\" sizes=\"auto, (max-width: 320px) 100vw, 320px\" \/><\/p>\n<p style=\"text-align: justify;\">Questo ritornare ai tempi&#8230; che furono, non ha certo l&#8217;obiettivo di ricercare &#8220;il colpevole&#8221;, ma di cercare di capire se la nostra comunit\u00e0 \u00e8 cresciuta, si \u00e8 fermata o addirittura stia peggio di prima. E poi ricordare fa sempre piacere. Sebastiano Savino ha ripercorso le tappe della sua vita e si \u00e8 commosso perch\u00e8 ha scoperto che la sua figura \u00e8 ancora viva nel ricordo di tante persone. Nostro ospite della rubrica \u00e8 Antonio Gasparro, ex presidente della pallavolo maschile, che per tanti anni ha &#8220;gestito&#8221; il volley locale.<\/p>\n<p style=\"text-align: justify;\"><strong>Da largo pozzi al palazzetto: evoluzione del volley a Turi.<\/strong><\/p>\n<p style=\"text-align: justify;\">Credo che la pallavolo, come tutto quello che ci circonda, ha seguito l\u2019evolversi dei tempi, e mi meraviglia che alcune persone non accettino questo stato di fatto, rappresentando positivamente la pallavolo giocata sull\u2019asfalto e guardando negativamente quella giocata oggi nel nostro palazzetto, quando proprio in quei tempi non si faceva altro che auspicare la costruzione di una struttura adeguata per accogliere i ragazzi. \u00c8 come se continuassimo a scrivere con pennino e inchiostro, ignorando di essere nell\u2019era della tecnologia, e la pallavolo e lo sport non potevano non adeguarsi, dal gioco all\u2019aperto sull\u2019asfalto alla palestra in cemento della scuola media, fino a quella in gomma dell\u2019ITC per giungere finalmente al palazzetto.<\/p>\n<p style=\"text-align: justify;\"><strong>Tanti anni di presidenza dell\u2019ASP Turi: cosa hai ereditato e cosa hai lasciato?<\/strong><\/p>\n<p style=\"text-align: justify;\">Quello che il mio predecessore Stefano Orlandi mi ha lasciato in eredit\u00e0 \u00e8 stata la sua esperienza e una grande voglia di far crescere quel movimento che gi\u00e0 esisteva e che Mimmo Sabatelli e Franco Palmisano portavano avanti con grande impegno. E fu proprio Mimmo a suggerirmi di mettere insieme quel gruppo di giovani, oggi affermati professionisti, che hanno portato il volley turese allo stato attuale. Quando subentrai a Stefano la societ\u00e0 era solo al femminile con una squadra che militava in II divisione: i settori giovanili e i CAS. Quei giovani che si erano inseriti nel movimento avevano tutti maturato qualche esperienza pallavolistica e perci\u00f2 pensammo di rimettere su una squadra maschile, insieme ad alcuni ragazzi,\u00a0 per partecipare al primo campionato provinciale. <strong>Rinasce cos\u00ec la pallavolo maschile a Turi nel 1994<\/strong> e tutto l\u2019attuale movimento pallavolistico, che non ho lasciato. Sono solo cambiati i ruoli, largo ai giovani, ma senza lasciarli soli. Quindi da una II divisione femminile e dal nulla maschile oggi esprimiamo: un Centro Avviamento allo sport (CAS), settori giovanili under 13, 14, 16, 18 e I div. Giovani, sia maschile che femminile; quindi le prime squadre in serie B2, femminile e maschile.<\/p>\n<p style=\"text-align: justify;\"><strong>Duole ancora il sogno svanito della promozione in A2, con il ridimensionamento in serie C. Perch\u00e9?<\/strong><\/p>\n<p style=\"text-align: justify;\">I bei sogni non svaniscono mai, e quello rimarr\u00e0 sempre la grande impresa della pallavolo maschile turese insieme all\u2019anno della doppia promozione in serie C (maschile e femminile), ma bisogna rimanere sempre con i piedi per terra. La promozione in B1 ci fu comunicata solo nel mese di luglio, quando il bilancio era ormai definito, ma nonostante ci\u00f2 la societ\u00e0 con l\u2019avvallo del main sponsor Villa Menelao decisero di affrontare questa avventura con grande entusiasmo. A fine anno quando si chiuse il bilancio sul quale pesava un campionato di B1 e i play-off conquistati in campo, la situazione economica non era delle pi\u00f9 rosee, e se a ci\u00f2 si aggiunge che lo sponsor Villa Menelao aveva gi\u00e0 anticipato una parte del badget dell\u2019anno successivo per far fronte alle spese, piacevolmente impreviste, dei play-off, si capisce che il ridimensionamento era l\u2019unica strada percorribile se si voleva far continuare questa realt\u00e0 sportiva.<\/p>\n<p style=\"text-align: justify;\"><strong>Eppure nessuno ha contestato il declassamento. Fosse stato nel calcio ci sarebbe stata una mezza sommossa. Il pubblico della pallavolo \u00e8 diverso da quello del calcio?<\/strong><\/p>\n<p style=\"text-align: justify;\">Non credo ci sia molta differenza tra il pubblico turese della pallavolo e quello del calcio, forse il nostro sport \u00e8 seguito da tutta la famiglia. Se mi permetti credo che l\u2019aver accettato con tranquillit\u00e0 il declassamento, come lo definisci tu, \u00e8 dovuto al modo schietto, trasparente e tranquillo con cui la societ\u00e0 ha spiegato il problema e motivato le proprie scelte.<\/p>\n<p style=\"text-align: justify;\"><strong>Sempre grossi sponsor: prima la DE.CO.BIT di Noicattaro e da 10 anni Villa Menelao di Boccardi. \u00c8 questo il segreto? Sport \u2013 politica?<\/strong><\/p>\n<p style=\"text-align: justify;\">Non esiste nessun segreto se non la solidit\u00e0 della societ\u00e0 e la seriet\u00e0 delle persone che si rispecchiano in rapporti concreti tra le parti (societ\u00e0 \u2013 sponsor), il rispetto reciproco dei programmi sulla gestione della loro immagine e l\u2019impegno sempre massimo per dare una visibilit\u00e0 positiva. Per quanto riguarda la sua domanda tendenziosa, le rispondo che forse dimentica che chi rappresentava la DE.CO.BIT, in quel momento non era impegnata in politica. Cos\u00ec come il forte legame Villa Menelao &#8211; Pallavolo risale a dieci anni fa, quando l\u2019Amministratore Delegato non era un politico e sarebbe opportuno inoltre sottolineare come le Aziende Arr\u00e8 Formaggi e Catucci Ecologia, nostri sponsor storici e importanti, non hanno niente a che spartire con la politica.<\/p>\n<p style=\"text-align: justify;\"><strong>Perch\u00e9 la pallavolo si divise in maschile e femminile?<\/strong><\/p>\n<p style=\"text-align: justify;\">Sar\u00f2 pi\u00f9 presuntuoso di Raffaele Tardi, presidente della parte femminile, al quale ha rivolto la stessa domanda. Il movimento pallavolistico in toto cresce sempre di pi\u00f9, per cui si \u00e8 sentito il bisogno di avere due organizzazioni separate, ma allo stesso tempo strettamente legate, tant\u2019\u00e8 che la gestione degli impianti e i rapporti con i vari Enti (Comune, FIPAV, Istituzioni e scuole) sono di competenza di una persona infaticabile come Daniele Marotta, presidente della pallavolo maschile. Siamo come una famiglia in separazione dei beni.<\/p>\n<p style=\"text-align: justify;\"><strong>Dei politici dagli anni \u201980 ad oggi chi butteresti gi\u00f9 dalla torre e a chi il volley \u00e8 grato?<\/strong><\/p>\n<p style=\"text-align: justify;\">Nessuno, credo che nel bene e nel male tutti hanno pensato di fare qualcosa per lo sport in genere, che ci siano riusciti o meno, non sar\u00f2 certo io a dirlo. Quello che posso ribadire \u00e8 che, come in tutte le situazioni, anche nello sport\u00a0 bisogna impegnarsi sempre in prima persona e non aspettare che la politica debba o possa risolvere tutti i propri problemi.<\/p>\n<p style=\"text-align: justify;\"><strong>Cosa ne pensi dei giudizi del prof. Sabatelli, del prof. Arr\u00e8 e dell\u2019ing. Tardi?<\/strong><\/p>\n<p style=\"text-align: justify;\">Anche ai \u201cnostri tempi\u201d il sacrificio e l\u2019amore per la pallavolo sono l\u2019essenza, rappresentano ci\u00f2 che ci permette da oltre quindici anni di mandare avanti con successo il movimento pallavolistico turese, nonostante le difficolt\u00e0 \u201ceconomiche\u201d e\u00a0 le sempre poche persone disposte a dare una mano solo per quell\u2019amore e quel sacrificio. E non mi si venga a dire che all\u2019epoca non esistevano gli sponsor. Noi sappiamo benissimo quello che facciamo e lo dimostra il coraggio del ridimensionamento di due anni fa, nel momento pi\u00f9 entusiasmante, pi\u00f9 alto del nostro percorso. Per quanto riguarda il tema dei settori giovanili, forse non tutti sanno che nel roster della squadra maschile di B2 e due anni fa in quello di B1, c\u2019erano e ci sono quattro atleti provenienti dai nostri settori giovanili. L\u2019ing. Tardi non ha bisogno del mio giudizio, vive nella stessa famiglia.<\/p>\n<p style=\"text-align: justify;\"><strong>Antonio \u00e8 vero che la societ\u00e0 di pallavolo maschile \u00e8 un \u201ccircuito chiuso\u201d?<\/strong><\/p>\n<p style=\"text-align: justify;\">Guardando i nomi degli attuali dirigenti mi accorgo che tranne il mio, quello di Daniele Marotta e Piero Catucci, gli altri (Stefano Dell\u2019Aera-ex giocatore, Leonardo Spinelli-ex giocatore, D\u2019Aprile Domenico, Piero Palmisano, Domenico Salvatore, Nicola Cazzetta,Nicola Del Bene, Bartolo Ritoli, Francesco Mirizzi-ex giocatore, Alberto Colapietro-ex giocatore) sono tutte persone nuove, diversi dai fondatori di questa societ\u00e0 e la maggior parte di loro sono giovani con sani principi e giusti valori che preferiscono occupare il loro tempo libero, con gratuit\u00e0, nel palazzetto piuttosto che nei bar, e questo mi d\u00e0 la convinzione che dopo di me la pallavolo a Turi possa avere il futuro garantito. Comunque se qualcuno ci considera una societ\u00e0 chiusa, nessuno vieta di costituirne un\u2019altra aperta, magari migliore della nostra.<\/p>\n<p style=\"text-align: justify;\"><strong>Per concludere, perch\u00e9 hai passato il testimone?<\/strong><\/p>\n<p style=\"text-align: justify;\">Perch\u00e9 era arrivato il momento di dare spazio alla nuova generazione di dirigenti e giovani, con idee innovative ed entusiasmo rinnovato, molto pi\u00f9 attiva di un anziano come me; questo non significa che ho abbandonato la pallavolo, sono sempre un dirigente pronto a dare una mano e seguire i ragazzi del nostro settore giovanile.<\/p>\n<p style=\"text-align: justify;\">Antonio ha dato tanto alla crescita della pallavolo turese. Questo \u00e8 fuori dubbio. Si rimane perplessi quando afferma &#8220;mi meraviglia che alcune persone non accettino che la pallavolo ha seguito l&#8217;evolversi dei tempi&#8221;. Non \u00e8 esattamente vero che si ricorda positivamente la pallavolo giocata sull&#8217;asfalto per &#8220;nascondere&#8221; l&#8217;evoluzione societaria del volley turese. Tutti &#8220;Noi&#8221; di largo Pozzi volevamo il palazzetto. Antonio ricorder\u00e0 la battaglia di Michele Resta e soci, quindi&#8230; Il palazzetto \u00e8 un bene per tutti, non solo per la pallavolo. Basti vedere che il calcio a 5 non \u00e8 pi\u00f9 quello dell&#8217;oratorio. Quindi&#8230; Tutti abbiamo sempre preso come esempio di organizzazione la pallavolo turese, quindi&#8230; Siamo molto grati ad Antonio nel ricordare che i due grossi sponsor non si cimentavano in politica, ma poi&#8230; Non vorremmo che ora sia la volta di Arr\u00e9 Formaggi e Catucci Ecologia. Se si verificasse vuol dire che oltre all&#8217;avviamento alla pallavolo esiste l&#8217;avviamento all&#8217;assessorato.<\/p>\n","protected":false},"excerpt":{"rendered":"<p><img loading=\"lazy\" decoding=\"async\" class=\" size-full wp-image-7160\" alt=\"gruppo_maschile_corretta\" height=\"150\" width=\"320\" src=\"https:\/\/archivioturi.lavocedelpaese.info\/wp-content\/uploads\/2011\/10\/gruppo_maschile_corretta.jpg\" srcset=\"https:\/\/archivioturi.lavocedelpaese.info\/wp-content\/uploads\/2011\/10\/gruppo_maschile_corretta.jpg 640w, https:\/\/archivioturi.lavocedelpaese.info\/wp-content\/uploads\/2011\/10\/gruppo_maschile_corretta-300x141.jpg 300w\" sizes=\"auto, (max-width: 320px) 100vw, 320px\" \/><\/p>\n","protected":false},"author":1,"featured_media":7160,"comment_status":"open","ping_status":"closed","sticky":false,"template":"","format":"standard","meta":{"colormag_page_container_layout":"default_layout","colormag_page_sidebar_layout":"default_layout","footnotes":""},"categories":[7],"tags":[],"class_list":["post-7161","post","type-post","status-publish","format-standard","has-post-thumbnail","hentry","category-attualita"],"_links":{"self":[{"href":"https:\/\/archivioturi.lavocedelpaese.info\/index.php\/wp-json\/wp\/v2\/posts\/7161","targetHints":{"allow":["GET"]}}],"collection":[{"href":"https:\/\/archivioturi.lavocedelpaese.info\/index.php\/wp-json\/wp\/v2\/posts"}],"about":[{"href":"https:\/\/archivioturi.lavocedelpaese.info\/index.php\/wp-json\/wp\/v2\/types\/post"}],"author":[{"embeddable":true,"href":"https:\/\/archivioturi.lavocedelpaese.info\/index.php\/wp-json\/wp\/v2\/users\/1"}],"replies":[{"embeddable":true,"href":"https:\/\/archivioturi.lavocedelpaese.info\/index.php\/wp-json\/wp\/v2\/comments?post=7161"}],"version-history":[{"count":0,"href":"https:\/\/archivioturi.lavocedelpaese.info\/index.php\/wp-json\/wp\/v2\/posts\/7161\/revisions"}],"wp:featuredmedia":[{"embeddable":true,"href":"https:\/\/archivioturi.lavocedelpaese.info\/index.php\/wp-json\/wp\/v2\/media\/7160"}],"wp:attachment":[{"href":"https:\/\/archivioturi.lavocedelpaese.info\/index.php\/wp-json\/wp\/v2\/media?parent=7161"}],"wp:term":[{"taxonomy":"category","embeddable":true,"href":"https:\/\/archivioturi.lavocedelpaese.info\/index.php\/wp-json\/wp\/v2\/categories?post=7161"},{"taxonomy":"post_tag","embeddable":true,"href":"https:\/\/archivioturi.lavocedelpaese.info\/index.php\/wp-json\/wp\/v2\/tags?post=7161"}],"curies":[{"name":"wp","href":"https:\/\/api.w.org\/{rel}","templated":true}]}}