{"id":7149,"date":"2011-10-17T07:27:19","date_gmt":"2011-10-17T07:27:19","guid":{"rendered":"https:\/\/archivioturi.lavocedelpaese.info\/index.php\/2011\/10\/17\/al-centro-studi-le-donne-nel-risorgimento\/"},"modified":"2011-10-17T07:27:19","modified_gmt":"2011-10-17T07:27:19","slug":"al-centro-studi-le-donne-nel-risorgimento","status":"publish","type":"post","link":"https:\/\/archivioturi.lavocedelpaese.info\/index.php\/2011\/10\/17\/al-centro-studi-le-donne-nel-risorgimento\/","title":{"rendered":"AL CENTRO STUDI, LE DONNE NEL RISORGIMENTO"},"content":{"rendered":"<p><img loading=\"lazy\" decoding=\"async\" class=\" size-full wp-image-7147\" alt=\"centro_studi_donne_1\" height=\"150\" width=\"320\" src=\"https:\/\/archivioturi.lavocedelpaese.info\/wp-content\/uploads\/2011\/10\/centro_studi_donne_1.jpg\" srcset=\"https:\/\/archivioturi.lavocedelpaese.info\/wp-content\/uploads\/2011\/10\/centro_studi_donne_1.jpg 640w, https:\/\/archivioturi.lavocedelpaese.info\/wp-content\/uploads\/2011\/10\/centro_studi_donne_1-300x141.jpg 300w\" sizes=\"auto, (max-width: 320px) 100vw, 320px\" \/><\/p>\n<p><img loading=\"lazy\" decoding=\"async\" class=\" alignright size-full wp-image-7148\" style=\"margin-top: 10px; margin-bottom: 10px; margin-left: 10px; float: right;\" alt=\"centro_studi_donne_3\" height=\"336\" width=\"448\" src=\"https:\/\/archivioturi.lavocedelpaese.info\/wp-content\/uploads\/2011\/10\/centro_studi_donne_3.jpg\" srcset=\"https:\/\/archivioturi.lavocedelpaese.info\/wp-content\/uploads\/2011\/10\/centro_studi_donne_3.jpg 448w, https:\/\/archivioturi.lavocedelpaese.info\/wp-content\/uploads\/2011\/10\/centro_studi_donne_3-300x225.jpg 300w\" sizes=\"auto, (max-width: 448px) 100vw, 448px\" \/><\/p>\n<div style=\"text-align: justify;\">Pochi i presenti alla serata organizzata dal Centro Studi e Cultura di Turi nella serata del 7 ottobre. In occasione dei 150 anni dell\u2019Unit\u00e0 d\u2019Italia, venerd\u00ec scorso \u00e8 partito un ciclo di conferenze che si concluderanno a dicembre. Grande attenzione \u00e8 stata data alle figure femminili con \u201cLe donne nel Rinascimento\u201d raccontate dalla prof.ssa Marisa Cacciapaglia, Vice Presidente del Centro Studi \u201cM. Marangelli\u201d di Conversano. Ad introdurla, il presidente del Centro Studi, dott. Domenico Resta.<\/div>\n<p>\u00a0<\/p>\n<p style=\"text-align: justify;\">Uno sguardo al Risorgimento, osservato e analizzato attraverso l\u2019opera non degli eroi che si leggono classicamente sui libri, bens\u00ec di donne che, spesso illetterate, alcune volte cacciate o punite, sono state le coprotagoniste del processo di indipendenza della nostra penisola. Non solo madri o mogli, ma donne che hanno preso consapevolezza della loro identit\u00e0, del loro ruolo, non solo matrimoniale, della propria capacit\u00e0.<\/p>\n<p style=\"text-align: justify;\">\u201cPatriote del Risorgimento\u201d verso le quali, solo dal centenario dell\u2019Unit\u00e0 d\u2019Italia, si \u00e8 iniziato ad indagare. Studi e ricerche hanno portato a comprendere come maggiore consapevolezza sia derivata dalla scia delle rivoluzioni, prima americana, poi francese che port\u00f2 le donne della penisola ad essere prese da un comune senso di appartenenza ad una societ\u00e0 e volont\u00e0 di farne parte. \u201cPretendiamo di non essere inferiori: di conseguenza, pretendiamo di essere considerate pari agli uomini\u201d \u2013 cos\u00ec si legge in un antico documento del 1797 di un\u2019anonima veneziana. Da nord a sud, un susseguirsi di nomi, come Eleonora marchesa de Fonseca Pimentel, \u201cmadre della patria\u201d nel napoletano, Contessa di Castiglione o Cristina Trivulzio di Belgiojoso. Pugliesi sono Maddalena Vectini di Noci, Anna Teresa Stella di Fasano, Donna Maria Pizzoli, Maria Nuzzolese di Trani, Vincenza Spadaccini di Lecce, Rosa Brunetti di Gravina, la Principessa Caracciolo di Altamura, le 40 monache di clausura o Francesca De Carolis. Tutte donne che solo in pochi conoscono, che difficilmente si leggono sui libri di storia, ma che per le loro azioni hanno dato la vita ed hanno preso parte alla scrittura del nostro futuro.<\/p>\n","protected":false},"excerpt":{"rendered":"<p><img loading=\"lazy\" decoding=\"async\" class=\" size-full wp-image-7147\" alt=\"centro_studi_donne_1\" height=\"150\" width=\"320\" src=\"https:\/\/archivioturi.lavocedelpaese.info\/wp-content\/uploads\/2011\/10\/centro_studi_donne_1.jpg\" srcset=\"https:\/\/archivioturi.lavocedelpaese.info\/wp-content\/uploads\/2011\/10\/centro_studi_donne_1.jpg 640w, https:\/\/archivioturi.lavocedelpaese.info\/wp-content\/uploads\/2011\/10\/centro_studi_donne_1-300x141.jpg 300w\" sizes=\"auto, (max-width: 320px) 100vw, 320px\" \/><\/p>\n","protected":false},"author":1,"featured_media":7147,"comment_status":"open","ping_status":"closed","sticky":false,"template":"","format":"standard","meta":{"colormag_page_container_layout":"default_layout","colormag_page_sidebar_layout":"default_layout","footnotes":""},"categories":[6],"tags":[],"class_list":["post-7149","post","type-post","status-publish","format-standard","has-post-thumbnail","hentry","category-cultura"],"_links":{"self":[{"href":"https:\/\/archivioturi.lavocedelpaese.info\/index.php\/wp-json\/wp\/v2\/posts\/7149","targetHints":{"allow":["GET"]}}],"collection":[{"href":"https:\/\/archivioturi.lavocedelpaese.info\/index.php\/wp-json\/wp\/v2\/posts"}],"about":[{"href":"https:\/\/archivioturi.lavocedelpaese.info\/index.php\/wp-json\/wp\/v2\/types\/post"}],"author":[{"embeddable":true,"href":"https:\/\/archivioturi.lavocedelpaese.info\/index.php\/wp-json\/wp\/v2\/users\/1"}],"replies":[{"embeddable":true,"href":"https:\/\/archivioturi.lavocedelpaese.info\/index.php\/wp-json\/wp\/v2\/comments?post=7149"}],"version-history":[{"count":0,"href":"https:\/\/archivioturi.lavocedelpaese.info\/index.php\/wp-json\/wp\/v2\/posts\/7149\/revisions"}],"wp:featuredmedia":[{"embeddable":true,"href":"https:\/\/archivioturi.lavocedelpaese.info\/index.php\/wp-json\/wp\/v2\/media\/7147"}],"wp:attachment":[{"href":"https:\/\/archivioturi.lavocedelpaese.info\/index.php\/wp-json\/wp\/v2\/media?parent=7149"}],"wp:term":[{"taxonomy":"category","embeddable":true,"href":"https:\/\/archivioturi.lavocedelpaese.info\/index.php\/wp-json\/wp\/v2\/categories?post=7149"},{"taxonomy":"post_tag","embeddable":true,"href":"https:\/\/archivioturi.lavocedelpaese.info\/index.php\/wp-json\/wp\/v2\/tags?post=7149"}],"curies":[{"name":"wp","href":"https:\/\/api.w.org\/{rel}","templated":true}]}}