{"id":7146,"date":"2011-10-17T07:24:57","date_gmt":"2011-10-17T07:24:57","guid":{"rendered":"https:\/\/archivioturi.lavocedelpaese.info\/index.php\/2011\/10\/17\/25-anni-di-sacerdozio\/"},"modified":"2011-10-17T07:24:57","modified_gmt":"2011-10-17T07:24:57","slug":"25-anni-di-sacerdozio","status":"publish","type":"post","link":"https:\/\/archivioturi.lavocedelpaese.info\/index.php\/2011\/10\/17\/25-anni-di-sacerdozio\/","title":{"rendered":"25 ANNI DI SACERDOZIO."},"content":{"rendered":"<p><img loading=\"lazy\" decoding=\"async\" class=\" size-full wp-image-7145\" alt=\"IMG_3937\" height=\"150\" width=\"320\" src=\"https:\/\/archivioturi.lavocedelpaese.info\/wp-content\/uploads\/2011\/10\/IMG_3937.jpg\" \/><\/p>\n<p style=\"text-align: justify;\">Festeggiare con tutti coloro che ha incontrato il suo 25\u00b0 anniversario di sacerdozio. \u00c8 questo quanto invita il nostro Arciprete Don Giovanni Amodio che, per il 18 ottobre, attende tutti nella Chiesa Madre di Turi dove ora svolge il suo ministero.<\/p>\n<p style=\"text-align: justify;\">Da chi ha ricevuto il Battesimo, la Prima Comunione, il Matrimonio, tutti i ragazzi incontrati nelle Scuole (Media Forlani, Liceo Classico Morea e Istituto magistrale e\/o Liceo Pedagogico S. Benedetto di Conversano), nelle parrocchie dove ha svolto il suo sacerdozio (Polignano, Conversano e Turi) e nel Seminario Vescovile di Conversano negli anni dal 1985 al 1992.<\/p>\n<p style=\"text-align: justify;\">A tutti, il nostro Arciprete, rivolge un caloroso invito a partecipare per ricordare principalmente, e festeggiare insieme l\u2019importante traguardo della sua attivit\u00e0.<\/p>\n<p style=\"text-align: justify;\">Dimostrazioni d\u2019affetto e di vicinanza giungono gi\u00e0 da diversi giorni al nostro Arciprete, attraverso il Social Network pi\u00f9 conosciuto, dove, vicino al linguaggio dei pi\u00f9 giovani e per mezzo di uno strumento pi\u00f9 moderno, Don Giovanni Amodio ha diffuso il suo invito a tutti gli amici e fedeli. Un richiamo che si estende non solo a Turi, ma che prosegue fino ai paesi limitrofi. L\u2019appuntamento \u00e8 quindi per la prossima settimana, per rivolgere, insieme, a Don Giovanni Amodio un sentito augurio per il suo quarto di secolo di sacerdozio.<\/p>\n","protected":false},"excerpt":{"rendered":"<p><img loading=\"lazy\" decoding=\"async\" class=\" size-full wp-image-7145\" alt=\"IMG_3937\" height=\"150\" width=\"320\" src=\"https:\/\/archivioturi.lavocedelpaese.info\/wp-content\/uploads\/2011\/10\/IMG_3937.jpg\" \/><\/p>\n","protected":false},"author":1,"featured_media":7145,"comment_status":"open","ping_status":"closed","sticky":false,"template":"","format":"standard","meta":{"colormag_page_container_layout":"default_layout","colormag_page_sidebar_layout":"default_layout","footnotes":""},"categories":[7],"tags":[],"class_list":["post-7146","post","type-post","status-publish","format-standard","has-post-thumbnail","hentry","category-attualita"],"_links":{"self":[{"href":"https:\/\/archivioturi.lavocedelpaese.info\/index.php\/wp-json\/wp\/v2\/posts\/7146","targetHints":{"allow":["GET"]}}],"collection":[{"href":"https:\/\/archivioturi.lavocedelpaese.info\/index.php\/wp-json\/wp\/v2\/posts"}],"about":[{"href":"https:\/\/archivioturi.lavocedelpaese.info\/index.php\/wp-json\/wp\/v2\/types\/post"}],"author":[{"embeddable":true,"href":"https:\/\/archivioturi.lavocedelpaese.info\/index.php\/wp-json\/wp\/v2\/users\/1"}],"replies":[{"embeddable":true,"href":"https:\/\/archivioturi.lavocedelpaese.info\/index.php\/wp-json\/wp\/v2\/comments?post=7146"}],"version-history":[{"count":0,"href":"https:\/\/archivioturi.lavocedelpaese.info\/index.php\/wp-json\/wp\/v2\/posts\/7146\/revisions"}],"wp:featuredmedia":[{"embeddable":true,"href":"https:\/\/archivioturi.lavocedelpaese.info\/index.php\/wp-json\/wp\/v2\/media\/7145"}],"wp:attachment":[{"href":"https:\/\/archivioturi.lavocedelpaese.info\/index.php\/wp-json\/wp\/v2\/media?parent=7146"}],"wp:term":[{"taxonomy":"category","embeddable":true,"href":"https:\/\/archivioturi.lavocedelpaese.info\/index.php\/wp-json\/wp\/v2\/categories?post=7146"},{"taxonomy":"post_tag","embeddable":true,"href":"https:\/\/archivioturi.lavocedelpaese.info\/index.php\/wp-json\/wp\/v2\/tags?post=7146"}],"curies":[{"name":"wp","href":"https:\/\/api.w.org\/{rel}","templated":true}]}}