{"id":7126,"date":"2011-10-11T12:15:23","date_gmt":"2011-10-11T12:15:23","guid":{"rendered":"https:\/\/archivioturi.lavocedelpaese.info\/index.php\/2011\/10\/11\/a-turi-una-nuova-sede-dellasl\/"},"modified":"2011-10-11T12:15:23","modified_gmt":"2011-10-11T12:15:23","slug":"a-turi-una-nuova-sede-dellasl","status":"publish","type":"post","link":"https:\/\/archivioturi.lavocedelpaese.info\/index.php\/2011\/10\/11\/a-turi-una-nuova-sede-dellasl\/","title":{"rendered":"A TURI UNA NUOVA SEDE DELL\u2019ASL"},"content":{"rendered":"<p><img loading=\"lazy\" decoding=\"async\" class=\" size-full wp-image-1895\" alt=\"ospedale\" height=\"150\" width=\"320\" src=\"https:\/\/archivioturi.lavocedelpaese.info\/wp-content\/uploads\/2010\/04\/ospedale.jpg\" srcset=\"https:\/\/archivioturi.lavocedelpaese.info\/wp-content\/uploads\/2010\/04\/ospedale.jpg 640w, https:\/\/archivioturi.lavocedelpaese.info\/wp-content\/uploads\/2010\/04\/ospedale-300x141.jpg 300w\" sizes=\"auto, (max-width: 320px) 100vw, 320px\" \/><\/p>\n<p style=\"text-align: justify;\">Finalmente l\u2019ex ospedale di via Conversano sar\u00e0 abbattuto. \u00c8 stato infatti raggiunto l\u2019accordo tra il comune e l\u2019Asl per la cessione di duemila metri quadri e il trasferimento momentaneo dei servizi allocati all\u2019interno, in altra sede.<\/p>\n<p style=\"text-align: justify;\">Durante il consiglio comunale dello scorso 27 luglio si discusse animatamente della possibilit\u00e0 di trovare un accordo con l\u2019Azienda Sanitaria Locale per quanto riguarda un contenzioso sulla propriet\u00e0 dell\u2019area dell\u2019ex ospedale. I consiglieri d\u2019opposizione avevano paura che l\u2019ASL avrebbe potuto impugnare il provvedimento di abbattimento, portando il comune in una disputa che sarebbe durata decenni. Invece, per fortuna, si \u00e8 riusciti a trovare un accordo.<\/p>\n<p style=\"text-align: justify;\">L\u2019area del post abbattimento sar\u00e0 divisa in tre parti.<\/p>\n<p style=\"text-align: justify;\">Quella pi\u00f9 grande, da otto mila metri quadri, \u00e8 soggetta ad un vincolo idrogeologico, per cui sar\u00e0 destinata ad un parco urbano realizzato con fondi Fasr (gli stessi che serviranno per l\u2019abbattimento).<\/p>\n<p style=\"text-align: justify;\">La zona rimanente non vincolata, sar\u00e0 divisa in due: duemila metri saranno ceduti a titolo definitivo all\u2019ASL, mentre nella restante porzione saranno realizzati 12 alloggi di edilizia-convenzionata di propriet\u00e0 comunale. Questi ultimi saranno realizzati con fondi Fas, per un totale di un milione e 175 mila euro. Per tali fondi il comune ha gi\u00e0 ricevuto l\u2019ammissibilit\u00e0 di finanziamento, sono perci\u00f2 vincolati.<\/p>\n<p style=\"text-align: justify;\">L\u2019ASL realizzer\u00e0 nella propriet\u00e0 a lei destinata una struttura in cui riunir\u00e0 tutti i servizi presenti sul territorio comunale turese. Tale struttura sar\u00e0 realizzata dall\u2019Azienda Sanitaria Locale con fondi propri e il centro sar\u00e0 ultimato completamente, si spera, nei prossimi due anni.<\/p>\n<p style=\"text-align: justify;\">Prima di poter iniziare i lavori di abbattimento dell\u2019ex ospedale, il comune ha dovuto trovare una sistemazione per i servizi alloggiati al primo piano della struttura di via Conversano. Il 118 e la continuit\u00e0 assistenziale (guardia medica) saranno trasferiti in via Guglielmo Cisternino nei locali sottostanti la scuola Media, pertanto tali locali saranno pronti a breve, dopo che l\u2019Asl ha dato al comune una cartina su come sistemare tali locali.<\/p>\n","protected":false},"excerpt":{"rendered":"<p><img loading=\"lazy\" decoding=\"async\" class=\" size-full wp-image-1895\" alt=\"ospedale\" height=\"150\" width=\"320\" src=\"https:\/\/archivioturi.lavocedelpaese.info\/wp-content\/uploads\/2010\/04\/ospedale.jpg\" srcset=\"https:\/\/archivioturi.lavocedelpaese.info\/wp-content\/uploads\/2010\/04\/ospedale.jpg 640w, https:\/\/archivioturi.lavocedelpaese.info\/wp-content\/uploads\/2010\/04\/ospedale-300x141.jpg 300w\" sizes=\"auto, (max-width: 320px) 100vw, 320px\" \/><\/p>\n","protected":false},"author":1,"featured_media":1895,"comment_status":"open","ping_status":"closed","sticky":false,"template":"","format":"standard","meta":{"colormag_page_container_layout":"default_layout","colormag_page_sidebar_layout":"default_layout","footnotes":""},"categories":[4],"tags":[],"class_list":["post-7126","post","type-post","status-publish","format-standard","has-post-thumbnail","hentry","category-politica"],"_links":{"self":[{"href":"https:\/\/archivioturi.lavocedelpaese.info\/index.php\/wp-json\/wp\/v2\/posts\/7126","targetHints":{"allow":["GET"]}}],"collection":[{"href":"https:\/\/archivioturi.lavocedelpaese.info\/index.php\/wp-json\/wp\/v2\/posts"}],"about":[{"href":"https:\/\/archivioturi.lavocedelpaese.info\/index.php\/wp-json\/wp\/v2\/types\/post"}],"author":[{"embeddable":true,"href":"https:\/\/archivioturi.lavocedelpaese.info\/index.php\/wp-json\/wp\/v2\/users\/1"}],"replies":[{"embeddable":true,"href":"https:\/\/archivioturi.lavocedelpaese.info\/index.php\/wp-json\/wp\/v2\/comments?post=7126"}],"version-history":[{"count":0,"href":"https:\/\/archivioturi.lavocedelpaese.info\/index.php\/wp-json\/wp\/v2\/posts\/7126\/revisions"}],"wp:featuredmedia":[{"embeddable":true,"href":"https:\/\/archivioturi.lavocedelpaese.info\/index.php\/wp-json\/wp\/v2\/media\/1895"}],"wp:attachment":[{"href":"https:\/\/archivioturi.lavocedelpaese.info\/index.php\/wp-json\/wp\/v2\/media?parent=7126"}],"wp:term":[{"taxonomy":"category","embeddable":true,"href":"https:\/\/archivioturi.lavocedelpaese.info\/index.php\/wp-json\/wp\/v2\/categories?post=7126"},{"taxonomy":"post_tag","embeddable":true,"href":"https:\/\/archivioturi.lavocedelpaese.info\/index.php\/wp-json\/wp\/v2\/tags?post=7126"}],"curies":[{"name":"wp","href":"https:\/\/api.w.org\/{rel}","templated":true}]}}