{"id":7084,"date":"2011-10-05T17:03:45","date_gmt":"2011-10-05T17:03:45","guid":{"rendered":"https:\/\/archivioturi.lavocedelpaese.info\/index.php\/2011\/10\/05\/letica-della-responsabilita\/"},"modified":"2011-10-05T17:03:45","modified_gmt":"2011-10-05T17:03:45","slug":"letica-della-responsabilita","status":"publish","type":"post","link":"https:\/\/archivioturi.lavocedelpaese.info\/index.php\/2011\/10\/05\/letica-della-responsabilita\/","title":{"rendered":"L\u2019ETICA DELLA RESPONSABILIT\u00c0"},"content":{"rendered":"<p><img loading=\"lazy\" decoding=\"async\" class=\" size-full wp-image-7083\" src=\"https:\/\/archivioturi.lavocedelpaese.info\/wp-content\/uploads\/2011\/10\/leogrande.jpg\" width=\"150\" height=\"226\" alt=\"leogrande\" \/><\/p>\n<p style=\"text-align: justify;\"><strong>Abbiamo voluto dare &#8220;voce&#8221; a Mimmo Leogrande pensato indirettamente nelle file dell&#8217;opposizione &#8220;assente&#8221; da De Grisantis in comizio. Mimmo Leogrande abbiamo appreso che De Grisantis non trova l\u2019opposizione. La cerca ma non la trova. Vorrebbe aiutarlo?<\/strong><\/p>\n<p style=\"text-align: justify;\">De Grisantis mi sembra si sia un po\u2019 distratto negli ultimi 4 anni, non sembra aver seguito attentamente le vicende politico-amministrative dell\u2019ultimo\u00a0 periodo. Oppure \u00e8 preso da una sorta di mania di onnipotenza, onniscienza, onnitutto insomma visto che ha accusato tutti, maggioranza, opposizione, destra, sinistra, centro, tutti tranne se stesso di avere contribuito allo scempio di Turi, dimenticando che lo scempio \u00e8 iniziato con egli sindaco di Turi. L\u2019opposizione ha fatto il suo dovere e lo sta ancora facendo; \u00e8 vero senza sbraitare e senza essere plateali, certo qualche errore \u00e8 stato commesso, ma tutto \u00e8 stato fatto con seriet\u00e0 e determinazione, anche ricorrendo alle autorit\u00e0 competenti quando \u00e8 stato il caso. Ha dovuto difendere, suo malgrado, l\u2019operato della sua amministrazione (di De Grisantis) anche quando era difficile difenderla. S\u00ec, perch\u00e8 il dott. De Grisantis forse ha dimenticato che l\u2019unico superstite della sua amministrazione presente in questo consiglio \u00e8 Tina Resta, la quale si \u00e8 addossata le responsabilit\u00e0 politiche e amministrative dell\u2019intera amministrazione De Grisantis senza che nessuno, soprattutto lui (De Grisantis), abbia mai manifestato n\u00e9 collaborazione n\u00e9 soprattutto solidariet\u00e0 nei confronti di Tina Resta, considerando che\u00a0 grazie a lei, (De Grisantis)\u00a0 ha potuto amministrare gli ultimi due anni del suo mandato. Anzi si permette, nel suo sproloquio, di rimproverare l\u2019operato della Resta anzich\u00e9 ringraziarla. Ho avuto modo in altra occasione di dire al dott. De Grisantis che se avesse avuto gli attributi giusti, si sarebbe dovuto candidare 4 anni fa per difendere e continuare il suo operato; ma lui ha preferito \u201csedersi in panchina\u201d (anzi per la verit\u00e0 \u00e8 scomparso tranne comparire con qualche iniziativa estemporanea).<\/p>\n<p style=\"text-align: justify;\"><strong>Perch\u00e9? <\/strong><\/p>\n<p style=\"text-align: justify;\">Da quel po\u2019 che capisco di calcio, dott. De Grisantis, in panchina si siedono le riserve, i rincalzi e le giovani promesse, ma lei, dott. De Grisantis, non mi sembra tanto giovane. Comunque, per concludere, adesso ha una buona opportunit\u00e0 per rimettersi in gioco: formi una squadra e scenda in campo, altrimenti appenda definitivamente le scarpe al chiodo!<\/p>\n<p style=\"text-align: justify;\"><strong>Sembra che il centro destra e Boccardi la vorrebbero dalla loro parte nelle prossime amministrative. Senza approfondire passato, futuro e coerenza, accetterebbe l\u2019invito e se s\u00ec a quali condizioni?<\/strong><\/p>\n<p style=\"text-align: justify;\">Iniziamo col dire che non c\u2019\u00e8 stato alcun contatto con il centro destra e il mio rapporto con Boccardi non deve confondere le posizioni di ciascuno. Boccardi svolge un ruolo importante nella politica per cui un confronto, e non soltanto con Michele, sarebbe auspicabile per il bene di Turi. \u00a0E poi, \u00e8 difficile, diciamo cos\u00ec, che io possa fare una scelta senza approfondimenti, perch\u00e9, checch\u00e8 ne dica De Grisantis, il principio su cui cerco di fondare la mia azione, e non soltanto politica, \u00e8 la coerenza. In questi anni nei banchi dell\u2019opposizione ho imparato a conoscere meglio le persone che credevo di conoscere, sia in senso positivo che in quello negativo, per cui la mia scelta partir\u00e0 da questa valutazione. <em><\/em><\/p>\n<p style=\"text-align: justify;\"><strong>Le primarie, sembra, che le avrebbe accettate 5 anni fa. Oggi cosa ne pensa di questa modalit\u00e0?<\/strong><\/p>\n<p style=\"text-align: justify;\">Le primarie rappresentano uno strumento importante in un contesto democratico ma attenzione non devono rappresentare l\u2019unica via d\u2019uscita in una eventuale situazione di incertezza (certo, molto meglio delle imposizioni che vengono fatte dall\u2019alto). Lo sforzo che si deve fare tra i partecipanti ad un progetto \u00e8 quello di fare una sintesi non rispetto ai ruoli da ricoprire ma alle finalit\u00e0 del progetto.\u00a0 Se si condividono principi, procedure, strategie, obiettivi e se nei partecipanti sono radicati i principi di lealt\u00e0, trasparenza, onest\u00e0, coerenza, il gioco \u00e8 fatto; soltanto dopo questa condivisione la scelta della leadership diventa importante e le primarie subentrano quando ci sono diverse personalit\u00e0 che si propongono a portare avanti questo progetto. E\u2019 proprio questa condivisione che \u00e8 molto difficile perch\u00e9 a volte \u00a0ci sono gli schemi preconfezionati che lo impediscono (centrodestra o centrosinistra), a volte convinzioni divenute astratte della politica, a volte imposizioni di uomini da parte di partiti, a volte presenza di persone che si ritengono onniscienti o migliori degli altri. <em><\/em><\/p>\n<p style=\"text-align: justify;\"><strong>Impegno per Turi. Dopo diversi mesi, qual \u00e8 la sua opinione sull\u2019opera e sulle possibilit\u00e0 del -gruppo Mercieri?<\/strong><\/p>\n<p style=\"text-align: justify;\">Non ho avuto modo di seguire l\u2019evoluzione del gruppo \u201cImpegno per Turi\u201d, per cui mi riesce difficile valutare la sua opera. Comunque, ho avuto modo gi\u00e0 di dire che si tratta di una realt\u00e0 importante, un gruppo composto da persone capaci, volenterose, determinate, ma non sufficienti (credo) sia in termini di numeri che di conoscenza dei problemi da affrontare, che sono tanti e difficili. Anche in questo caso, sarebbe opportuno aprire un confronto per verificare la compatibilit\u00e0 con altri gruppi.<em><\/em><\/p>\n<p style=\"text-align: justify;\"><strong>Ringraziamo Mimmo Leogrande a cui chiediamo per concludere quali priorit\u00e0 intravede per Turi.<\/strong><\/p>\n<p style=\"text-align: justify;\">Ho risposto in parte a quest\u2019ultima domanda nelle precedenti. Occorre soltanto sottolineare che il momento \u00e8 difficile, le risorse a disposizione diminuiscono giorno dopo giorno; bisogna profondere un impegno totale, pieno, responsabile per allocare queste risorse nel miglior modo possibile. Per Turi la situazione \u00e8 ancora pi\u00f9 grave perch\u00e9 bisogna recuperare il tempo perso in questi anni. Questo vuol dire che chi si propone per la prossima amministrazione deve sapere che deve impegnarsi a fondo, con molta determinazione, a tempo pieno. Io stesso sto valutando attentamente l\u2019opportunit\u00e0 di partecipare alla prossima competizione. Se lo far\u00f2, sar\u00e0 soltanto perch\u00e9 sapr\u00f2 di poterlo fare a tempo pieno, altrimenti star\u00f2 da parte cercando comunque di dare un contributo grazie alla mia esperienza. Un ultimo invito vorrei fare agli uomini di partito che si ostinano a volersi distinguere soltanto per appartenenza. A proposito della politica, Max Weber diceva che ci sono due modi fondamentali dell\u2019agire politico: ETICA DELLA CONVINZIONE, cio\u00e8 si agisce obbedendo sino in fondo solo ai propri principi e senza lasciarsi turbare dalle conseguenze del proprio comportamento; ETICA DELLA RESPONSABILITA\u2019, cio\u00e8 si pensa non solo alla purezza dei propri valori, ma anche e soprattutto alle conseguenze dei propri atti. Beh, io credo che ora sia il momento di agire con l\u2019etica della responsabilit\u00e0 e speriamo bene.<em><\/em><\/p>\n","protected":false},"excerpt":{"rendered":"<p><img loading=\"lazy\" decoding=\"async\" class=\" size-full wp-image-7083\" src=\"https:\/\/archivioturi.lavocedelpaese.info\/wp-content\/uploads\/2011\/10\/leogrande.jpg\" width=\"150\" height=\"226\" alt=\"leogrande\" \/><\/p>\n","protected":false},"author":1,"featured_media":7083,"comment_status":"open","ping_status":"closed","sticky":false,"template":"","format":"standard","meta":{"colormag_page_container_layout":"default_layout","colormag_page_sidebar_layout":"default_layout","footnotes":""},"categories":[4],"tags":[],"class_list":["post-7084","post","type-post","status-publish","format-standard","has-post-thumbnail","hentry","category-politica"],"_links":{"self":[{"href":"https:\/\/archivioturi.lavocedelpaese.info\/index.php\/wp-json\/wp\/v2\/posts\/7084","targetHints":{"allow":["GET"]}}],"collection":[{"href":"https:\/\/archivioturi.lavocedelpaese.info\/index.php\/wp-json\/wp\/v2\/posts"}],"about":[{"href":"https:\/\/archivioturi.lavocedelpaese.info\/index.php\/wp-json\/wp\/v2\/types\/post"}],"author":[{"embeddable":true,"href":"https:\/\/archivioturi.lavocedelpaese.info\/index.php\/wp-json\/wp\/v2\/users\/1"}],"replies":[{"embeddable":true,"href":"https:\/\/archivioturi.lavocedelpaese.info\/index.php\/wp-json\/wp\/v2\/comments?post=7084"}],"version-history":[{"count":0,"href":"https:\/\/archivioturi.lavocedelpaese.info\/index.php\/wp-json\/wp\/v2\/posts\/7084\/revisions"}],"wp:featuredmedia":[{"embeddable":true,"href":"https:\/\/archivioturi.lavocedelpaese.info\/index.php\/wp-json\/wp\/v2\/media\/7083"}],"wp:attachment":[{"href":"https:\/\/archivioturi.lavocedelpaese.info\/index.php\/wp-json\/wp\/v2\/media?parent=7084"}],"wp:term":[{"taxonomy":"category","embeddable":true,"href":"https:\/\/archivioturi.lavocedelpaese.info\/index.php\/wp-json\/wp\/v2\/categories?post=7084"},{"taxonomy":"post_tag","embeddable":true,"href":"https:\/\/archivioturi.lavocedelpaese.info\/index.php\/wp-json\/wp\/v2\/tags?post=7084"}],"curies":[{"name":"wp","href":"https:\/\/api.w.org\/{rel}","templated":true}]}}