{"id":7062,"date":"2011-10-03T08:28:41","date_gmt":"2011-10-03T08:28:41","guid":{"rendered":"https:\/\/archivioturi.lavocedelpaese.info\/index.php\/2011\/10\/03\/i-fantastici-cinque\/"},"modified":"2011-10-03T08:28:41","modified_gmt":"2011-10-03T08:28:41","slug":"i-fantastici-cinque","status":"publish","type":"post","link":"https:\/\/archivioturi.lavocedelpaese.info\/index.php\/2011\/10\/03\/i-fantastici-cinque\/","title":{"rendered":"I FANTASTICI CINQUE"},"content":{"rendered":"<p><img loading=\"lazy\" decoding=\"async\" class=\" size-full wp-image-7061\" alt=\"semin_fiac\" height=\"150\" width=\"320\" src=\"https:\/\/archivioturi.lavocedelpaese.info\/wp-content\/uploads\/2011\/10\/semin_fiac.jpg\" srcset=\"https:\/\/archivioturi.lavocedelpaese.info\/wp-content\/uploads\/2011\/10\/semin_fiac.jpg 640w, https:\/\/archivioturi.lavocedelpaese.info\/wp-content\/uploads\/2011\/10\/semin_fiac-300x141.jpg 300w\" sizes=\"auto, (max-width: 320px) 100vw, 320px\" \/><\/p>\n<p style=\"text-align: justify;\">\u201cI seminaristi e i giovani delle parrocchie insieme per annunciare la vita buona del Vangelo\u201d: recita cos\u00ec il depliant della settimana di incontri e iniziative, terminate gioved\u00ec 29, che hanno coinvolto i giovani turesi.<\/p>\n<p style=\"text-align: justify;\">La serata di gioved\u00ec ha infatti posto la parola fine alla permanenza dei futuri presbiteri, del Seminario regionale \u201cPio XI\u201d di Molfetta , che a partire da venerd\u00ec 23 settembre hanno effettuato una serie di incontri, mirati a coinvolgere i giovani attraverso tutti i loro interessi. Il ricco programma di eventi ha riscontrato una grande partecipazione di pubblico, resa possibile grazie alla sinergia che si \u00e8 stabilita tra i seminaristi e le tre comunit\u00e0 parrocchiali presenti sul nostro territorio. \u201cAbbiamo incontrato pastori dolci e autorevoli \u2013 ha affermato uno dei cinque seminaristi \u2013 in loro abbiamo riscontrato l\u2019amore del pastore. Ringrazio a nome di tutti la direttrice della casa di reclusione, i docenti e le tre comunit\u00e0 parrocchiali con i loro educatori; augurando loro di poter sempre seguire la via di Ges\u00f9 e di continuare ad essere comunit\u00e0 di fede. In questi giorni abbiamo toccato con mano persone che hanno deciso di convertirsi, ma soprattutto abbiamo incontrato i ragazzi , una ricca fonte di risorse\u201d. Oltre cento persone, tra bambini, ragazzi e adulti, hanno animato l\u2019atrio dell\u2019Oratorio, nella serata di gioved\u00ec, per dedicare uno speciale arrivederci ai cinque seminaristi.<\/p>\n<p style=\"text-align: justify;\">Una serata all\u2019insegna della spensieratezza, del divertimento e della conoscenza, in cui tutti hanno potuto assaporare le gustose prelibatezze, quali panzerotti e dolci di ogni tipo, gentilmente offerti da alcuni volontari, e lasciarsi coinvolgere da frenetici balli. La serata \u00e8 stata anche l\u2019occasione per scattare foto ricordo e comprendere il significato dello star bene insieme, un viaggio quindi alla riscoperta della condivisione, di momenti e memorie che sgusciano fuori dai cassetti della vita.<\/p>\n<p><object data=\"https:\/\/picasaweb.google.com\/s\/c\/bin\/slideshow.swf\" type=\"application\/x-shockwave-flash\" height=\"660\" width=\"660\"><param name=\"flashvars\" value=\"host=picasaweb.google.com&amp;hl=it&amp;feat=flashalbum&amp;RGB=0x000000&amp;feed=https%3A%2F%2Fpicasaweb.google.com%2Fdata%2Ffeed%2Fapi%2Fuser%2Fredazioneturiweb%2Falbumid%2F5659180890563249137%3Falt%3Drss%26kind%3Dphoto%26authkey%3DGv1sRgCJu1g4-6pLvI0wE%26hl%3Dit\" \/><param name=\"src\" value=\"https:\/\/picasaweb.google.com\/s\/c\/bin\/slideshow.swf\" \/><\/object><\/p>\n","protected":false},"excerpt":{"rendered":"<p><img loading=\"lazy\" decoding=\"async\" class=\" size-full wp-image-7061\" alt=\"semin_fiac\" height=\"150\" width=\"320\" src=\"https:\/\/archivioturi.lavocedelpaese.info\/wp-content\/uploads\/2011\/10\/semin_fiac.jpg\" srcset=\"https:\/\/archivioturi.lavocedelpaese.info\/wp-content\/uploads\/2011\/10\/semin_fiac.jpg 640w, https:\/\/archivioturi.lavocedelpaese.info\/wp-content\/uploads\/2011\/10\/semin_fiac-300x141.jpg 300w\" sizes=\"auto, (max-width: 320px) 100vw, 320px\" \/><\/p>\n","protected":false},"author":1,"featured_media":7061,"comment_status":"open","ping_status":"closed","sticky":false,"template":"","format":"standard","meta":{"colormag_page_container_layout":"default_layout","colormag_page_sidebar_layout":"default_layout","footnotes":""},"categories":[6],"tags":[],"class_list":["post-7062","post","type-post","status-publish","format-standard","has-post-thumbnail","hentry","category-cultura"],"_links":{"self":[{"href":"https:\/\/archivioturi.lavocedelpaese.info\/index.php\/wp-json\/wp\/v2\/posts\/7062","targetHints":{"allow":["GET"]}}],"collection":[{"href":"https:\/\/archivioturi.lavocedelpaese.info\/index.php\/wp-json\/wp\/v2\/posts"}],"about":[{"href":"https:\/\/archivioturi.lavocedelpaese.info\/index.php\/wp-json\/wp\/v2\/types\/post"}],"author":[{"embeddable":true,"href":"https:\/\/archivioturi.lavocedelpaese.info\/index.php\/wp-json\/wp\/v2\/users\/1"}],"replies":[{"embeddable":true,"href":"https:\/\/archivioturi.lavocedelpaese.info\/index.php\/wp-json\/wp\/v2\/comments?post=7062"}],"version-history":[{"count":0,"href":"https:\/\/archivioturi.lavocedelpaese.info\/index.php\/wp-json\/wp\/v2\/posts\/7062\/revisions"}],"wp:featuredmedia":[{"embeddable":true,"href":"https:\/\/archivioturi.lavocedelpaese.info\/index.php\/wp-json\/wp\/v2\/media\/7061"}],"wp:attachment":[{"href":"https:\/\/archivioturi.lavocedelpaese.info\/index.php\/wp-json\/wp\/v2\/media?parent=7062"}],"wp:term":[{"taxonomy":"category","embeddable":true,"href":"https:\/\/archivioturi.lavocedelpaese.info\/index.php\/wp-json\/wp\/v2\/categories?post=7062"},{"taxonomy":"post_tag","embeddable":true,"href":"https:\/\/archivioturi.lavocedelpaese.info\/index.php\/wp-json\/wp\/v2\/tags?post=7062"}],"curies":[{"name":"wp","href":"https:\/\/api.w.org\/{rel}","templated":true}]}}