{"id":704,"date":"2009-11-13T17:00:40","date_gmt":"2009-11-13T17:00:40","guid":{"rendered":"https:\/\/archivioturi.lavocedelpaese.info\/index.php\/2009\/11\/13\/famiglie-accoglienti-e-affido-familiare\/"},"modified":"2009-11-13T17:00:40","modified_gmt":"2009-11-13T17:00:40","slug":"famiglie-accoglienti-e-affido-familiare","status":"publish","type":"post","link":"https:\/\/archivioturi.lavocedelpaese.info\/index.php\/2009\/11\/13\/famiglie-accoglienti-e-affido-familiare\/","title":{"rendered":"FAMIGLIE ACCOGLIENTI E AFFIDO FAMILIARE"},"content":{"rendered":"<p><img loading=\"lazy\" decoding=\"async\" class=\" alignleft size-full wp-image-702\" style=\"margin: 5px; float: left;\" alt=\"citta-accoglienti\" src=\"https:\/\/archivioturi.lavocedelpaese.info\/wp-content\/uploads\/2009\/11\/citta-accoglienti.jpg\" width=\"320\" height=\"156\" srcset=\"https:\/\/archivioturi.lavocedelpaese.info\/wp-content\/uploads\/2009\/11\/citta-accoglienti.jpg 410w, https:\/\/archivioturi.lavocedelpaese.info\/wp-content\/uploads\/2009\/11\/citta-accoglienti-300x146.jpg 300w\" sizes=\"auto, (max-width: 320px) 100vw, 320px\" \/> <\/p>\n<p>Nell\u2019Ambito Territoriale n.2, si \u00e8 svolto in questi mesi un percorso conoscitivo denominato \u201c<strong>Famiglie Accoglienti<\/strong>\u201d. A cura della sociologa <strong>Angela Lacitignola<\/strong> &#8211; Mediatrice Familiare \u2013 e della sociologa <strong>Pasqua Demetrio<\/strong>, della Coop. Soc. ITACA, sono stati sviluppati una serie di incontri presso il Centro Culturale Polivalente.<\/p>\n<p>Il progetto \u00e8 stato diretto a far conoscere e favorire l\u2019esperienza dell\u2019affido familiare. Molti dei presenti si sono affacciati ai laboratori con la curiosit\u00e0 di chi non sa ancora in che modo si realizza un affido. Solitamente si parla e si ascolta di adozione, di bambini che, in et\u00e0 infantile, entrano in una nuova famiglia ed iniziano una nuova vita. Ma <strong>cosa significa affido familiare?<\/strong><strong> <\/strong>Questo \u00e8 un provvedimento temporaneo, di pochi anni. \u201cUn minore viene accolto presso una nuova famiglia che sostituisce quella d\u2019origine, che attraversa un periodo di difficolt\u00e0 e non riesce a garantirgli il soddisfacimento dei sui bisogni. I motivi possono essere diversi, come la malattia, la detenzione, i motivi di tossicodipendenza, di alcolismo o di ordine educativo, che possono sfociare in incuria o violenza sul minore\u201d.<\/p>\n<p>Importanti ed emozionanti sono stati i racconti di alcuni genitori che, anche nel nostro paese, stanno mettendo in atto l&#8217;affido. <strong>Accogliere nella propria vita e nella propria casa un ragazzo con dolorose vicende familiari<\/strong>, conduce tutti a domandarsi se si \u00e8 in grado di diventare un genitore. Modificare da un giorno all\u2019altro la propria vita aprendosi alle vicende di ragazzi di cui, fino a quel momento, non si conosceva nulla, pu\u00f2 portare a momenti di smarrimento e di paura nel genitore. Per questo, come la stessa dott.ssa Lacitignola ha sostenuto, \u201cimportante \u00e8 la fiducia che la famiglia accogliente deve avere e sentire nei suoi confronti e rispetto all\u2019intera comunit\u00e0\u201d. Spesso, parlare e confrontarsi con altri genitori, con gli esperti dei servizi sociali territoriali, gli enti pubblici o i consultori familiari, aiuta a superare quelle paure che naturalmente e continuamente nascono.<\/p>\n<p><img loading=\"lazy\" decoding=\"async\" class=\" alignright size-full wp-image-703\" style=\"margin: 5px; float: right;\" alt=\"famiglie-accoglienti\" src=\"https:\/\/archivioturi.lavocedelpaese.info\/wp-content\/uploads\/2009\/11\/famiglie-accoglienti.jpg\" width=\"295\" height=\"223\" \/>Elemento centrale di questo progetto \u00e8 stato far riconoscere che una famiglia non \u00e8 sola. Ha accanto a s\u00e9 una rete molto fitta di altre famiglie, un\u2019intera comunit\u00e0. Condividere e confrontare le proprie esperienze e crescere costantemente insieme, rendono pi\u00f9 solida e pi\u00f9 serena la convivenza di tutti i membri di una societ\u00e0. <strong>La famiglia<\/strong>, nella vita dell\u2019individuo, \u00e8 fondamentale per mantenere o costruire legami; \u00e8 il luogo dove si impara la virt\u00f9 del rispetto, dell\u2019accoglienza e della pazienza.<\/p>\n<p>Dopo questo primo approccio al Progetto, numerose sono state le richieste di iniziative legate alla mediazione familiare, al racconto e alla scoperta delle dinamiche di relazione che ogni giorno si realizzano tra i membri di una comunit\u00e0. Nell\u2019attesa che questi si realizzino, sono stati definiti nuovi appuntamenti presso il centro Culturale Polivalente: gioved\u00ec 19\/11 (17:00 \u2013 19:00) e gioved\u00ec 10\/12 (17:00 \u2013 19:00).<\/p>\n","protected":false},"excerpt":{"rendered":"<p><img loading=\"lazy\" decoding=\"async\" class=\" alignleft size-full wp-image-702\" style=\"margin: 5px; float: left;\" alt=\"citta-accoglienti\" src=\"https:\/\/archivioturi.lavocedelpaese.info\/wp-content\/uploads\/2009\/11\/citta-accoglienti.jpg\" width=\"320\" height=\"156\" srcset=\"https:\/\/archivioturi.lavocedelpaese.info\/wp-content\/uploads\/2009\/11\/citta-accoglienti.jpg 410w, https:\/\/archivioturi.lavocedelpaese.info\/wp-content\/uploads\/2009\/11\/citta-accoglienti-300x146.jpg 300w\" sizes=\"auto, (max-width: 320px) 100vw, 320px\" \/> <\/p>\n","protected":false},"author":1,"featured_media":702,"comment_status":"open","ping_status":"closed","sticky":false,"template":"","format":"standard","meta":{"colormag_page_container_layout":"default_layout","colormag_page_sidebar_layout":"default_layout","footnotes":""},"categories":[7],"tags":[],"class_list":["post-704","post","type-post","status-publish","format-standard","has-post-thumbnail","hentry","category-attualita"],"_links":{"self":[{"href":"https:\/\/archivioturi.lavocedelpaese.info\/index.php\/wp-json\/wp\/v2\/posts\/704","targetHints":{"allow":["GET"]}}],"collection":[{"href":"https:\/\/archivioturi.lavocedelpaese.info\/index.php\/wp-json\/wp\/v2\/posts"}],"about":[{"href":"https:\/\/archivioturi.lavocedelpaese.info\/index.php\/wp-json\/wp\/v2\/types\/post"}],"author":[{"embeddable":true,"href":"https:\/\/archivioturi.lavocedelpaese.info\/index.php\/wp-json\/wp\/v2\/users\/1"}],"replies":[{"embeddable":true,"href":"https:\/\/archivioturi.lavocedelpaese.info\/index.php\/wp-json\/wp\/v2\/comments?post=704"}],"version-history":[{"count":0,"href":"https:\/\/archivioturi.lavocedelpaese.info\/index.php\/wp-json\/wp\/v2\/posts\/704\/revisions"}],"wp:featuredmedia":[{"embeddable":true,"href":"https:\/\/archivioturi.lavocedelpaese.info\/index.php\/wp-json\/wp\/v2\/media\/702"}],"wp:attachment":[{"href":"https:\/\/archivioturi.lavocedelpaese.info\/index.php\/wp-json\/wp\/v2\/media?parent=704"}],"wp:term":[{"taxonomy":"category","embeddable":true,"href":"https:\/\/archivioturi.lavocedelpaese.info\/index.php\/wp-json\/wp\/v2\/categories?post=704"},{"taxonomy":"post_tag","embeddable":true,"href":"https:\/\/archivioturi.lavocedelpaese.info\/index.php\/wp-json\/wp\/v2\/tags?post=704"}],"curies":[{"name":"wp","href":"https:\/\/api.w.org\/{rel}","templated":true}]}}