{"id":7024,"date":"2011-09-26T06:33:35","date_gmt":"2011-09-26T06:33:35","guid":{"rendered":"https:\/\/archivioturi.lavocedelpaese.info\/index.php\/2011\/09\/26\/discariche-abusive-punire-chi-inquina\/"},"modified":"2011-09-26T06:33:35","modified_gmt":"2011-09-26T06:33:35","slug":"discariche-abusive-punire-chi-inquina","status":"publish","type":"post","link":"https:\/\/archivioturi.lavocedelpaese.info\/index.php\/2011\/09\/26\/discariche-abusive-punire-chi-inquina\/","title":{"rendered":"DISCARICHE ABUSIVE: PUNIRE CHI INQUINA"},"content":{"rendered":"<p><img loading=\"lazy\" decoding=\"async\" class=\" size-full wp-image-7022\" alt=\"IMG_5296\" height=\"150\" width=\"320\" src=\"https:\/\/archivioturi.lavocedelpaese.info\/wp-content\/uploads\/2011\/09\/IMG_5296.jpg\" srcset=\"https:\/\/archivioturi.lavocedelpaese.info\/wp-content\/uploads\/2011\/09\/IMG_5296.jpg 640w, https:\/\/archivioturi.lavocedelpaese.info\/wp-content\/uploads\/2011\/09\/IMG_5296-300x141.jpg 300w\" sizes=\"auto, (max-width: 320px) 100vw, 320px\" \/><\/p>\n<p><img loading=\"lazy\" decoding=\"async\" class=\" alignright size-full wp-image-7023\" style=\"margin-top: 10px; margin-bottom: 10px; margin-left: 10px; float: right;\" alt=\"IMG_5299\" height=\"214\" width=\"320\" src=\"https:\/\/archivioturi.lavocedelpaese.info\/wp-content\/uploads\/2011\/09\/IMG_5299.jpg\" srcset=\"https:\/\/archivioturi.lavocedelpaese.info\/wp-content\/uploads\/2011\/09\/IMG_5299.jpg 640w, https:\/\/archivioturi.lavocedelpaese.info\/wp-content\/uploads\/2011\/09\/IMG_5299-300x200.jpg 300w\" sizes=\"auto, (max-width: 320px) 100vw, 320px\" \/><\/p>\n<div style=\"text-align: justify;\">Dopo alcuni articoli pubblicati nei mesi precedenti sulla questione delle discariche abusive, continuano ad arrivare segnalazioni in redazione da parte di alcuni cittadini relative ad altre discariche sparse qua e l\u00e0 sul territorio turese. Questa volta un nostro lettore ci ha indicato due discariche a cielo aperto in una stradina di campagna. Esse si trovano in una traversa di via Ginestre, ovvero la stradina che porta da via Ginestre al cimitero. Percorrendo quella stradina, che offre uno spettacolo paesaggistico con tanti ciliegeti, dopo una curva a destra giganteggia una discarica in prossimit\u00e0 di una centrale del gas metano. Tanti i rifiuti abbandonati, perlopi\u00f9 materiale per l\u2019edilizia, come secchi, cemento, cartoni e tubi, ma non mancano materassi, televisori e piccole stampanti. Girando attorno al mucchio di immondizia, riconosciamo alcune lastre di amianto, come dimostrano le foto. A prima vista quei pezzi di amianto possono sembrare innocui, ma ci sar\u00e0 pure un perch\u00e9 se dal 1992 in Italia l\u2019impiego di amianto sia fuori legge. L&#8217;inalazione anche di una sola fibra pu\u00f2 causare il mesotelioma ed altre patologie mortali. Il problema pi\u00f9 grande riguarda ci\u00f2 che circonda la discarica, ovvero campi coltivati di uva, ciliegie ed olive. Esiste la possibilit\u00e0 che una piccola quantit\u00e0 di sostanze inquinanti vada ad intaccare tali terreni? Quali sono gli effetti derivanti dai campi contaminati?<\/div>\n<p>\u00a0<\/p>\n<p style=\"text-align: justify;\">Abbiamo proseguito il nostro cammino, e, dopo appena 200 metri, ci siamo imbattuti in un\u2019altra discarica, questa volta meno ampia. Qui troviamo sempre una buona quantit\u00e0 di materiale edile dismesso, un paraurti intero e tanti teli in plastica, contenenti alcune sostanze di cui non sappiamo esattamente la composizione. Di certo sappiamo che la plastica non \u00e8 una sostanza biodegradabile e che in ogni modo queste discariche sembrano il modo pi\u00f9 facile per disfarsi dei rifiuti. Urgono pi\u00f9 controlli per tutelare soprattutto i titolari dei terreni confinanti. Chi sbaglia deve pagare e, chi non rispetta l\u2019ambiente, danneggia non solo gli altri, dei quali egoisticamente se ne pu\u00f2 anche fregare, ma tutti quelli che verranno.<\/p>\n","protected":false},"excerpt":{"rendered":"<p><img loading=\"lazy\" decoding=\"async\" class=\" size-full wp-image-7022\" alt=\"IMG_5296\" height=\"150\" width=\"320\" src=\"https:\/\/archivioturi.lavocedelpaese.info\/wp-content\/uploads\/2011\/09\/IMG_5296.jpg\" srcset=\"https:\/\/archivioturi.lavocedelpaese.info\/wp-content\/uploads\/2011\/09\/IMG_5296.jpg 640w, https:\/\/archivioturi.lavocedelpaese.info\/wp-content\/uploads\/2011\/09\/IMG_5296-300x141.jpg 300w\" sizes=\"auto, (max-width: 320px) 100vw, 320px\" \/><\/p>\n","protected":false},"author":1,"featured_media":7022,"comment_status":"open","ping_status":"closed","sticky":false,"template":"","format":"standard","meta":{"colormag_page_container_layout":"default_layout","colormag_page_sidebar_layout":"default_layout","footnotes":""},"categories":[7],"tags":[],"class_list":["post-7024","post","type-post","status-publish","format-standard","has-post-thumbnail","hentry","category-attualita"],"_links":{"self":[{"href":"https:\/\/archivioturi.lavocedelpaese.info\/index.php\/wp-json\/wp\/v2\/posts\/7024","targetHints":{"allow":["GET"]}}],"collection":[{"href":"https:\/\/archivioturi.lavocedelpaese.info\/index.php\/wp-json\/wp\/v2\/posts"}],"about":[{"href":"https:\/\/archivioturi.lavocedelpaese.info\/index.php\/wp-json\/wp\/v2\/types\/post"}],"author":[{"embeddable":true,"href":"https:\/\/archivioturi.lavocedelpaese.info\/index.php\/wp-json\/wp\/v2\/users\/1"}],"replies":[{"embeddable":true,"href":"https:\/\/archivioturi.lavocedelpaese.info\/index.php\/wp-json\/wp\/v2\/comments?post=7024"}],"version-history":[{"count":0,"href":"https:\/\/archivioturi.lavocedelpaese.info\/index.php\/wp-json\/wp\/v2\/posts\/7024\/revisions"}],"wp:featuredmedia":[{"embeddable":true,"href":"https:\/\/archivioturi.lavocedelpaese.info\/index.php\/wp-json\/wp\/v2\/media\/7022"}],"wp:attachment":[{"href":"https:\/\/archivioturi.lavocedelpaese.info\/index.php\/wp-json\/wp\/v2\/media?parent=7024"}],"wp:term":[{"taxonomy":"category","embeddable":true,"href":"https:\/\/archivioturi.lavocedelpaese.info\/index.php\/wp-json\/wp\/v2\/categories?post=7024"},{"taxonomy":"post_tag","embeddable":true,"href":"https:\/\/archivioturi.lavocedelpaese.info\/index.php\/wp-json\/wp\/v2\/tags?post=7024"}],"curies":[{"name":"wp","href":"https:\/\/api.w.org\/{rel}","templated":true}]}}