{"id":7011,"date":"2011-09-20T08:18:09","date_gmt":"2011-09-20T08:18:09","guid":{"rendered":"https:\/\/archivioturi.lavocedelpaese.info\/index.php\/2011\/09\/20\/se-potessi-andrei-a-vivere-in-un-altro-posto\/"},"modified":"2011-09-20T08:18:09","modified_gmt":"2011-09-20T08:18:09","slug":"se-potessi-andrei-a-vivere-in-un-altro-posto","status":"publish","type":"post","link":"https:\/\/archivioturi.lavocedelpaese.info\/index.php\/2011\/09\/20\/se-potessi-andrei-a-vivere-in-un-altro-posto\/","title":{"rendered":"\u201cSE POTESSI, ANDREI A VIVERE IN UN ALTRO POSTO\u201d!"},"content":{"rendered":"<p><img loading=\"lazy\" decoding=\"async\" class=\" size-full wp-image-1491\" src=\"https:\/\/archivioturi.lavocedelpaese.info\/wp-content\/uploads\/2010\/02\/matteo_fiorente.jpg\" width=\"320\" height=\"150\" alt=\"matteo_fiorente\" srcset=\"https:\/\/archivioturi.lavocedelpaese.info\/wp-content\/uploads\/2010\/02\/matteo_fiorente.jpg 640w, https:\/\/archivioturi.lavocedelpaese.info\/wp-content\/uploads\/2010\/02\/matteo_fiorente-300x141.jpg 300w\" sizes=\"auto, (max-width: 320px) 100vw, 320px\" \/><\/p>\n<p style=\"text-align: justify;\"><strong>Chi \u00e8\u00a0 in questo momento Matteo Fiorente?<\/strong><\/p>\n<p style=\"text-align: justify;\">\u201c Un comunista 72enne che ha lasciato Rifondazione per entrare in Alternativa comunista, sempre con il simbolo falce e martello.\u201d<\/p>\n<p style=\"text-align: justify;\"><strong>Che opinione si \u00e8 fatto del PUG?<\/strong><\/p>\n<p style=\"text-align: justify;\">\u201cE\u2019 tutta una farsa. Secondo la mia esperienza di intonachista e la mia anzianit\u00e0, \u00e8 stato un PUG tirato per i capelli e non andr\u00e0 mai in porto. E tutto a scapito di un paese alla deriva: Strade rovinate, assenza di servizi,\u00a0 mancanza di \u2018verde\u2019. Turi uguale a San Pietro Piturno.\u201d<\/p>\n<p style=\"text-align: justify;\"><strong>L\u2019 Amministrazione Gigantelli cos\u2019 altro ha prodotto in questo lustro?<\/strong><\/p>\n<p style=\"text-align: justify;\">\u201c Il peggior sindaco che ho visto su questa terra \u00e8 questo\u00a0 qua. E\u2019 un sindaco che non mantiene le promesse e poi sta sempre\u00a0\u00a0 a Putignano. Che sindaco \u00e8 se sta a Turi mezz\u2019ora la settimana? Non dialoga con la gente, non saluta nessuno. Si crede un \u2018pezzo\u2019 grosso\u00a0 ma le sue origini le conosciamo tutti. Lo chiamano il sindaco-forestiero. Si crede pi\u00f9 importante degli altri. Invece non ha fatto altro che rimpasti, rimpasti, rimpasti\u2026\u201d<\/p>\n<p style=\"text-align: justify;\"><strong>Che senso ha essere ancora comunista nel 2011?<\/strong><\/p>\n<p style=\"text-align: justify;\">\u201c Comunista significa avere una propria identit\u00e0 e\u00a0 una propria ideologia. Poi succede che hai un favore e cambi, non sei pi\u00f9 comunista dato che sei sceso a compromesso con il potere. Io, comunista per sempre.\u201d<\/p>\n<p style=\"text-align: justify;\"><strong>Il suo parere sugli ultimi 4 sindaci di Turi. Chi salverebbe?<\/strong><\/p>\n<p style=\"text-align: justify;\">\u201c Io salverei De Grisantis. Quando ti trova davanti ti saluta sempre e si comporta da persona semplice. Menino Coppi ha messo il metano e diciamo che ha avuto una buona idea. Dal punto di vista dei saluti per\u00f2, Menino \u00e8 come Gigantelli. Se non lo saluti tu, lui non ne vuol sapere.\u00a0 La Stefanachi? Completamente a digiuno di politica ma persona onesta.\u201d<\/p>\n<p style=\"text-align: justify;\"><strong>Mi dice i \u201csuoi\u201d candidati-sindaci per le amministrative di primavera?<\/strong><\/p>\n<p style=\"text-align: justify;\">\u201cSicuramente l\u2019ingegnere Mercieri anche se la lista la vedo non compatta. Uno che si sta muovendo molto \u00e8 Angelo Orlandi che ha buone possibilit\u00e0 ma si deve liberare di Antonio Tateo che politicamente non \u00e8 pi\u00f9 credibile. Sta venendo su Tina Resta che per\u00f2 avr\u00e0 bisogno di molti voti e di persone che l\u2019appoggino. Onofrio Resta? Non lo vedo candidato-sindaco. Attenzione a Paolo Tundo: pu\u00f2 prendere tanti voti.\u201d<\/p>\n<p style=\"text-align: justify;\"><strong>Cosa manca a Turi per essere un paese \u201c normale\u201d?<\/strong><\/p>\n<p style=\"text-align: justify;\">\u201c A Turi manca il \u2018verde\u2019 e molte cose non vanno. Per esempio in via Maggiore Orlandi stanno macchine parcheggiate dalla mattina alla sera anche se dovrebbero stare al massimo 60 minuti.\u00a0 Dove stanno i vigili? Qui non va niente: la caserma, il cimitero vecchio, il campo sportivo. Se potessi me ne andrei a vivere in un altro posto. L\u2019Amministrazione Gigantelli ha fatto peggio di De Grisantis. Per aggiustare tutto, ci vorrebbe un sindaco capace, serio che faccia rispettare le regole e si dedichi\u00a0 a tempo pieno a questo paese.\u201d<\/p>\n<p style=\"text-align: justify;\"><strong>Perch\u00e9 le piace cos\u00ec tanto il vice-sindaco Paolo Tundo?<\/strong><\/p>\n<p style=\"text-align: justify;\">\u201cE\u2019 l\u2019unico dei 21 consiglieri che, non sar\u00e0 un grande politico, ma si impegna generosamente.\u201d<\/p>\n<p style=\"text-align: justify;\"><strong> Matteo Fiorente si presenter\u00e0 alle prossime Comunali?<\/strong><\/p>\n<p style=\"text-align: justify;\">\u201cS\u00ec, penso a una mia lista, anche se so benissimo che non riuscir\u00f2 ad essere nemmeno consigliere.\u201d<\/p>\n<p style=\"text-align: justify;\"><strong>Con questa lista per\u00f2 andrebbe a togliere voti al centro-sinistra.<\/strong><\/p>\n<p style=\"text-align: justify;\">\u201c S\u00ec. Lo posso dire apertamente. Io dico sempre quello che penso, perch\u00e9 sono comunista e i comunisti sono sinceri.\u201d<\/p>\n<p style=\"text-align: justify;\"><strong>E se, senza quei voti, non si vincesse?<\/strong><\/p>\n<p style=\"text-align: justify;\">\u201c E chi se ne frega\u2026\u201d<\/p>\n<p style=\"text-align: justify;\"><strong>Come \u00e8 stata la Festa di Sant\u2019 Oronzo di quest\u2019 anno? <\/strong><\/p>\n<p style=\"text-align: justify;\">\u201c Ho rivisto finalmente la festa di sant\u2019 Oronzo come vuole la tradizione. Sono bastati alcuni aggiustamenti e tutto \u00e8 stato pi\u00f9 bello. Anche togliere l\u2019asta \u00e8 stato importante. Di Venere \u00e8 bravo. Solo il cantante non \u00e8 piaciuto a noi anziani. Va a finire che noi paghiamo per la Festa e i giovani si divertono.\u201d<\/p>\n","protected":false},"excerpt":{"rendered":"<p><img loading=\"lazy\" decoding=\"async\" class=\" size-full wp-image-1491\" src=\"https:\/\/archivioturi.lavocedelpaese.info\/wp-content\/uploads\/2010\/02\/matteo_fiorente.jpg\" width=\"320\" height=\"150\" alt=\"matteo_fiorente\" srcset=\"https:\/\/archivioturi.lavocedelpaese.info\/wp-content\/uploads\/2010\/02\/matteo_fiorente.jpg 640w, https:\/\/archivioturi.lavocedelpaese.info\/wp-content\/uploads\/2010\/02\/matteo_fiorente-300x141.jpg 300w\" sizes=\"auto, (max-width: 320px) 100vw, 320px\" \/><\/p>\n","protected":false},"author":1,"featured_media":1491,"comment_status":"open","ping_status":"closed","sticky":false,"template":"","format":"standard","meta":{"colormag_page_container_layout":"default_layout","colormag_page_sidebar_layout":"default_layout","footnotes":""},"categories":[4],"tags":[],"class_list":["post-7011","post","type-post","status-publish","format-standard","has-post-thumbnail","hentry","category-politica"],"_links":{"self":[{"href":"https:\/\/archivioturi.lavocedelpaese.info\/index.php\/wp-json\/wp\/v2\/posts\/7011","targetHints":{"allow":["GET"]}}],"collection":[{"href":"https:\/\/archivioturi.lavocedelpaese.info\/index.php\/wp-json\/wp\/v2\/posts"}],"about":[{"href":"https:\/\/archivioturi.lavocedelpaese.info\/index.php\/wp-json\/wp\/v2\/types\/post"}],"author":[{"embeddable":true,"href":"https:\/\/archivioturi.lavocedelpaese.info\/index.php\/wp-json\/wp\/v2\/users\/1"}],"replies":[{"embeddable":true,"href":"https:\/\/archivioturi.lavocedelpaese.info\/index.php\/wp-json\/wp\/v2\/comments?post=7011"}],"version-history":[{"count":0,"href":"https:\/\/archivioturi.lavocedelpaese.info\/index.php\/wp-json\/wp\/v2\/posts\/7011\/revisions"}],"wp:featuredmedia":[{"embeddable":true,"href":"https:\/\/archivioturi.lavocedelpaese.info\/index.php\/wp-json\/wp\/v2\/media\/1491"}],"wp:attachment":[{"href":"https:\/\/archivioturi.lavocedelpaese.info\/index.php\/wp-json\/wp\/v2\/media?parent=7011"}],"wp:term":[{"taxonomy":"category","embeddable":true,"href":"https:\/\/archivioturi.lavocedelpaese.info\/index.php\/wp-json\/wp\/v2\/categories?post=7011"},{"taxonomy":"post_tag","embeddable":true,"href":"https:\/\/archivioturi.lavocedelpaese.info\/index.php\/wp-json\/wp\/v2\/tags?post=7011"}],"curies":[{"name":"wp","href":"https:\/\/api.w.org\/{rel}","templated":true}]}}