{"id":6994,"date":"2011-09-20T07:52:42","date_gmt":"2011-09-20T07:52:42","guid":{"rendered":"https:\/\/archivioturi.lavocedelpaese.info\/index.php\/2011\/09\/20\/praticamente-turi\/"},"modified":"2011-09-20T07:52:42","modified_gmt":"2011-09-20T07:52:42","slug":"praticamente-turi","status":"publish","type":"post","link":"https:\/\/archivioturi.lavocedelpaese.info\/index.php\/2011\/09\/20\/praticamente-turi\/","title":{"rendered":"\u201cPRATICA\u2026MENTE\u201d TURI"},"content":{"rendered":"<p><img loading=\"lazy\" decoding=\"async\" class=\" size-full wp-image-684\" alt=\"municipio\" height=\"150\" width=\"320\" src=\"https:\/\/archivioturi.lavocedelpaese.info\/wp-content\/uploads\/2009\/11\/municipio.jpg\" \/><\/p>\n<p style=\"text-align: justify;\">Con delibera 103 del 14 settembre, la Giunta Comunale ha approvato il Progetto denominato \u201cPratica\u2026mente\u201d, subordinato al finanziamento accordato dal Ministero dell\u2019Interno, per una somma quantificata in circa 98.490,80 \u20ac.<\/p>\n<p style=\"text-align: justify;\">Il Comune di Turi ha aderito all\u2019iniziativa con l\u2019obiettivo di valorizzare il verde pubblico, nell\u2019arco di tempo del progetto &#8211; 12 mesi &#8211; e in questo modo venire incontro alle esigenze dei diversamente abili. Il progetto, infatti, si pone come finalit\u00e0 quella di far maturare negli utenti la possibilit\u00e0 di attivarsi e responsabilizzarsi autonomamente con un potenziale pi\u00f9 elevato e pi\u00f9 spendibile delle proprie risorse personali; potenziare le capacit\u00e0 relazionali; far percorrere ai diversamente abili itinerari formativi, finalizzati allo sviluppo di professionalit\u00e0 per l\u2019ingresso nel mondo del lavoro; rafforzare la rete di sostegno, per l\u2019integrazione sociale e lavorativa; recuperare e valorizzare il verde pubblico, quale patrimonio comune; favorire l\u2019uscita dal circuito assistenziale.<\/p>\n<p style=\"text-align: justify;\">\u201cPratica\u2026mente\u201d rientra nelle linee esposte dalla Direttiva del Ministro dell\u2019Interno dell\u20198 giugno 2011 recante gli obiettivi e programmi dell\u2019anno 2011 per la gestione della Riserva Fondo Lire U.N.R.R.A. (4.000.000,00\u20ac), destinati a programmi socio assistenziali volti all\u2019inserimento e all\u2019integrazione nel mondo del lavoro delle persone con disabilit\u00e0, a cui possono accedere anche gli Enti Pubblici.<\/p>\n","protected":false},"excerpt":{"rendered":"<p><img loading=\"lazy\" decoding=\"async\" class=\" size-full wp-image-684\" alt=\"municipio\" height=\"150\" width=\"320\" src=\"https:\/\/archivioturi.lavocedelpaese.info\/wp-content\/uploads\/2009\/11\/municipio.jpg\" \/><\/p>\n","protected":false},"author":1,"featured_media":684,"comment_status":"open","ping_status":"closed","sticky":false,"template":"","format":"standard","meta":{"colormag_page_container_layout":"default_layout","colormag_page_sidebar_layout":"default_layout","footnotes":""},"categories":[7],"tags":[],"class_list":["post-6994","post","type-post","status-publish","format-standard","has-post-thumbnail","hentry","category-attualita"],"_links":{"self":[{"href":"https:\/\/archivioturi.lavocedelpaese.info\/index.php\/wp-json\/wp\/v2\/posts\/6994","targetHints":{"allow":["GET"]}}],"collection":[{"href":"https:\/\/archivioturi.lavocedelpaese.info\/index.php\/wp-json\/wp\/v2\/posts"}],"about":[{"href":"https:\/\/archivioturi.lavocedelpaese.info\/index.php\/wp-json\/wp\/v2\/types\/post"}],"author":[{"embeddable":true,"href":"https:\/\/archivioturi.lavocedelpaese.info\/index.php\/wp-json\/wp\/v2\/users\/1"}],"replies":[{"embeddable":true,"href":"https:\/\/archivioturi.lavocedelpaese.info\/index.php\/wp-json\/wp\/v2\/comments?post=6994"}],"version-history":[{"count":0,"href":"https:\/\/archivioturi.lavocedelpaese.info\/index.php\/wp-json\/wp\/v2\/posts\/6994\/revisions"}],"wp:featuredmedia":[{"embeddable":true,"href":"https:\/\/archivioturi.lavocedelpaese.info\/index.php\/wp-json\/wp\/v2\/media\/684"}],"wp:attachment":[{"href":"https:\/\/archivioturi.lavocedelpaese.info\/index.php\/wp-json\/wp\/v2\/media?parent=6994"}],"wp:term":[{"taxonomy":"category","embeddable":true,"href":"https:\/\/archivioturi.lavocedelpaese.info\/index.php\/wp-json\/wp\/v2\/categories?post=6994"},{"taxonomy":"post_tag","embeddable":true,"href":"https:\/\/archivioturi.lavocedelpaese.info\/index.php\/wp-json\/wp\/v2\/tags?post=6994"}],"curies":[{"name":"wp","href":"https:\/\/api.w.org\/{rel}","templated":true}]}}