{"id":6956,"date":"2011-09-15T06:40:40","date_gmt":"2011-09-15T06:40:40","guid":{"rendered":"https:\/\/archivioturi.lavocedelpaese.info\/index.php\/2011\/09\/15\/marinuccio-e-i-suoi-ringraziamenti\/"},"modified":"2011-09-15T06:40:40","modified_gmt":"2011-09-15T06:40:40","slug":"marinuccio-e-i-suoi-ringraziamenti","status":"publish","type":"post","link":"https:\/\/archivioturi.lavocedelpaese.info\/index.php\/2011\/09\/15\/marinuccio-e-i-suoi-ringraziamenti\/","title":{"rendered":"MARINUCCIO E I SUOI RINGRAZIAMENTI"},"content":{"rendered":"<p><img loading=\"lazy\" decoding=\"async\" class=\" size-full wp-image-6894\" alt=\"IMG_4627\" height=\"150\" width=\"320\" src=\"https:\/\/archivioturi.lavocedelpaese.info\/wp-content\/uploads\/2011\/09\/IMG_4627.jpg\" srcset=\"https:\/\/archivioturi.lavocedelpaese.info\/wp-content\/uploads\/2011\/09\/IMG_4627.jpg 640w, https:\/\/archivioturi.lavocedelpaese.info\/wp-content\/uploads\/2011\/09\/IMG_4627-300x141.jpg 300w\" sizes=\"auto, (max-width: 320px) 100vw, 320px\" \/><\/p>\n<p style=\"text-align: justify;\">Sant\u2019Oronzo&#8230; tutte le feste porta via. Settembre \u00e8 arrivato e la vita torna lentamente alla \u201cnormalit\u00e0\u201d e la festa pare quasi coincidere per molti turesi a Capodanno. La festa \u00e8 andata bene e abbiamo provato a farne un rapido bilancio. Presidente Di Venere a chi si deve il successo di questa festa? \u201cA tutti! \u2013 esclama in modo deciso \u2013 a tutti coloro che hanno dato una mano e agli sponsor che ci hanno sostenuto. Ringrazio per questo Michele Boccardi e Andrea Saffi, Vito Catucci, D.F. Costruzioni Srl, Milano Costruzioni, Vito Coppi costruzioni, Zita del Pilastrone, Tuccino di Polignano, la Sala Enotria, Arr\u00e8 Formaggi, Milano Edil, la Bcc di Alberobello e Sammichele e Vierre Viaggi.<\/p>\n<p style=\"text-align: justify;\">A loro un grazie particolare per aver sostenuto la nostra grande festa. Ma un grazie lo devo anche alle macellerie, pizzerie, Bar e supermercati che durante tutto agosto, anche grazie alla festa per il nostro patrono hanno lavorato\u201d. Viene spontaneo chiedere a Marinuccio se quest\u2019anno hanno contribuito davvero tutti alla riuscita della festa: \u201cNo! Ma ringrazio tutti, sia coloro che contribuiscono attivamente e sia coloro che pur non contribuendo si godono allegramente la festa. Non importa, andiamo avanti!\u201d. Proviamo a chiedere, pur con un po\u2019 di timore, se il bilancio finale \u00e8 positivo o meno&#8230; \u201cLa festa \u00e8 andata bene e la gente \u00e8 rimasta felice questo \u00e8 positivo.<\/p>\n<p style=\"text-align: justify;\">Il resto&#8230;andiamo avanti! Certamente nel paese solo met\u00e0 delle famiglie hanno contribuito con un obolo volontario, ma ringrazio di cuore sempre tutti.\u201d Sembra che il bilancio non sia in pareggio e il nostro presidente dovr\u00e0 caricarsi anche quest\u2019anno di importanti spese a livello personale: \u201cEhi Figlio \u2013 cresce il tono di voce e la grinta di Marinuccio \u2013 tu che senti la voce del paese, la gente \u00e8 rimasta contenta?&#8230; Questo \u00e8 l\u2019importante. Per fare quello che faccio bisogna sentirlo nel sangue e bisogna avere fede. Senza la fede e la devozione in Sant\u2019Oronzo non si fa nulla.\u201d Senza ombra di dubbio la festa \u00e8 andata bene, anzi meglio dell\u2019anno scorso&#8230; \u201cNegli altri comuni una festa patronale come la nostra non esiste\u201d conclude Marinuccio. Salutiamo e andiamo via, ma resta nella nostra mente un pensiero: se tutti contribuissero anche con poco la nostra festa non diverrebbe ancora pi\u00f9 Grande?<\/p>\n","protected":false},"excerpt":{"rendered":"<p><img loading=\"lazy\" decoding=\"async\" class=\" size-full wp-image-6894\" alt=\"IMG_4627\" height=\"150\" width=\"320\" src=\"https:\/\/archivioturi.lavocedelpaese.info\/wp-content\/uploads\/2011\/09\/IMG_4627.jpg\" srcset=\"https:\/\/archivioturi.lavocedelpaese.info\/wp-content\/uploads\/2011\/09\/IMG_4627.jpg 640w, https:\/\/archivioturi.lavocedelpaese.info\/wp-content\/uploads\/2011\/09\/IMG_4627-300x141.jpg 300w\" sizes=\"auto, (max-width: 320px) 100vw, 320px\" \/><\/p>\n","protected":false},"author":1,"featured_media":6894,"comment_status":"open","ping_status":"closed","sticky":false,"template":"","format":"standard","meta":{"colormag_page_container_layout":"default_layout","colormag_page_sidebar_layout":"default_layout","footnotes":""},"categories":[7],"tags":[],"class_list":["post-6956","post","type-post","status-publish","format-standard","has-post-thumbnail","hentry","category-attualita"],"_links":{"self":[{"href":"https:\/\/archivioturi.lavocedelpaese.info\/index.php\/wp-json\/wp\/v2\/posts\/6956","targetHints":{"allow":["GET"]}}],"collection":[{"href":"https:\/\/archivioturi.lavocedelpaese.info\/index.php\/wp-json\/wp\/v2\/posts"}],"about":[{"href":"https:\/\/archivioturi.lavocedelpaese.info\/index.php\/wp-json\/wp\/v2\/types\/post"}],"author":[{"embeddable":true,"href":"https:\/\/archivioturi.lavocedelpaese.info\/index.php\/wp-json\/wp\/v2\/users\/1"}],"replies":[{"embeddable":true,"href":"https:\/\/archivioturi.lavocedelpaese.info\/index.php\/wp-json\/wp\/v2\/comments?post=6956"}],"version-history":[{"count":0,"href":"https:\/\/archivioturi.lavocedelpaese.info\/index.php\/wp-json\/wp\/v2\/posts\/6956\/revisions"}],"wp:featuredmedia":[{"embeddable":true,"href":"https:\/\/archivioturi.lavocedelpaese.info\/index.php\/wp-json\/wp\/v2\/media\/6894"}],"wp:attachment":[{"href":"https:\/\/archivioturi.lavocedelpaese.info\/index.php\/wp-json\/wp\/v2\/media?parent=6956"}],"wp:term":[{"taxonomy":"category","embeddable":true,"href":"https:\/\/archivioturi.lavocedelpaese.info\/index.php\/wp-json\/wp\/v2\/categories?post=6956"},{"taxonomy":"post_tag","embeddable":true,"href":"https:\/\/archivioturi.lavocedelpaese.info\/index.php\/wp-json\/wp\/v2\/tags?post=6956"}],"curies":[{"name":"wp","href":"https:\/\/api.w.org\/{rel}","templated":true}]}}