{"id":6954,"date":"2011-09-15T06:39:46","date_gmt":"2011-09-15T06:39:46","guid":{"rendered":"https:\/\/archivioturi.lavocedelpaese.info\/index.php\/2011\/09\/15\/senza-lasta-tutti-piu-contenti\/"},"modified":"2011-09-15T06:39:46","modified_gmt":"2011-09-15T06:39:46","slug":"senza-lasta-tutti-piu-contenti","status":"publish","type":"post","link":"https:\/\/archivioturi.lavocedelpaese.info\/index.php\/2011\/09\/15\/senza-lasta-tutti-piu-contenti\/","title":{"rendered":"SENZA L\u2019ASTA TUTTI PI\u00d9 CONTENTI"},"content":{"rendered":"<p><img loading=\"lazy\" decoding=\"async\" class=\" size-full wp-image-6953\" alt=\"IMG_3097\" height=\"150\" width=\"320\" src=\"https:\/\/archivioturi.lavocedelpaese.info\/wp-content\/uploads\/2011\/09\/IMG_3097.jpg\" srcset=\"https:\/\/archivioturi.lavocedelpaese.info\/wp-content\/uploads\/2011\/09\/IMG_3097.jpg 640w, https:\/\/archivioturi.lavocedelpaese.info\/wp-content\/uploads\/2011\/09\/IMG_3097-300x141.jpg 300w\" sizes=\"auto, (max-width: 320px) 100vw, 320px\" \/><\/p>\n<p style=\"text-align: justify;\">La festa di Sant\u2019Oronzo del 2011 sar\u00e0 ricordata negli anni come la festa in cui &#8211; finalmente &#8211; non si \u00e8 svolta l\u2019asta per portare il santo. Merito di aver fatto cambiare idea al presidente Di Venere Giammaria (Marinuccio) \u00e8 di Fabio Topputi, giovane turese al primo anno nel comitato feste patronali.<\/p>\n<p style=\"text-align: justify;\"><strong>Questo \u00e8 il primo anno che fai parte del comitato, com\u2019\u00e8 stata questa esperienza?<\/strong><\/p>\n<p style=\"text-align: justify;\">\u00c8 stata un\u2019esperienza molto positiva per essere stato il mio primo anno.<\/p>\n<p style=\"text-align: justify;\"><strong>Come mai hai deciso di fare questa scelta?<\/strong><\/p>\n<p style=\"text-align: justify;\">Prima di tutto per motivi religiosi; onorare i santi \u00e8 molto importante in quanto loro hanno dimostrato, soprattutto Sant\u2019Oronzo con il martirio, la fede in Dio. Questo mi ha spinto ad essere partecipe e di impegnarmi per la festa.<\/p>\n<p style=\"text-align: justify;\">Per il resto mi sono sentito in dovere di essere vicino a Marinuccio che io ritengo una persona molto valida, molto umana e molto buona; queste sue caratteristiche mi hanno colpito e mi sono sentito in dovere di aiutarlo.<\/p>\n<p style=\"text-align: justify;\"><strong>Marinuccio ha sempre chiesto ai giovani di partecipare all\u2019organizzazione della festa, \u00e8 giusto secondo te?<\/strong><\/p>\n<p style=\"text-align: justify;\">Si, certo. \u00c8 positivo cos\u00ec finalmente rigeneriamo un po\u2019, adesso molte cose hanno bisogno di una rigenerazione soprattutto a Turi; tutto \u00e8 vecchio e tutto \u00e8 ancora nelle mani di persone che c\u2019erano 30 o 40 anni fa, con tutto il rispetto sono ancora valide; per\u00f2 oggi c\u2019\u00e8 bisogno della giusta sinergia tra tutte le parti. Altri ragazzi sono entrati sia nel comitato che nella raccolta dei fondi per l\u2019organizzazione, speriamo che in un futuro si aggiungano altri giovani nell\u2019organizzazione vera e propria.<\/p>\n<p style=\"text-align: justify;\"><strong>Cosa ha comportato l\u2019organizzazione della festa?<\/strong><\/p>\n<p style=\"text-align: justify;\">Dal primo agosto fino al trenta \u00e8 stato un mese pieno \u00a0forse ho trascurato anche un po\u2019 il lavoro. Per\u00f2 non mi ha pesato proprio; quando una cosa la fai con il cuore non ti pesa anzi sei felice di realizzarla; se una cosa invece ti inizia a pesare significa che non la devi fare.<\/p>\n<p style=\"text-align: justify;\"><strong>Quest\u2019anno ci sono state alcune modifiche alla festa che alcuni dicono siano opera tua, \u00e8 vero?<\/strong><\/p>\n<p style=\"text-align: justify;\">Non proprio, diciamo che \u00e8 stata un\u2019idea di tanti ed io ci ho creduto fortemente. Mi sono avvicinato a Marinuccio 2 o 3 mesi prima e gli continuavo a ripetere: \u201cNon mi sembra giusto che bisogna fare l\u2019asta, sembra che il Santo si compri \u2026non \u00e8 giusto che si faccia quest\u2019asta dove il pi\u00f9 ricco vince, \u00e8 una cosa molto brutta\u201d. Lui da subito mi ha lasciato lo spiraglio che questa cosa potesse avvenire, ed io ho insistito ogni giorno; alla fine si \u00e8 convinto e mi ha dato carta bianca per organizzare il tutto.<\/p>\n<p style=\"text-align: justify;\">Tralasciando il discorso dei soldi dell\u2019asta, sicuramente importanti per la festa (ndr aumentati rispetto l\u2019anno scorso); la cosa pi\u00f9 importante \u00e8 stata dare la possibilit\u00e0 a chiunque di portare il Santo. La risposta \u00e8 stata ottima, tutti sono stati contenti e molti mi hanno detto che era da tanto che lo stavano aspettando.<\/p>\n<p style=\"text-align: justify;\">Quest\u2019anno i piccoli cambiamenti che si sono apportati sono stati ottimi, sicuramente in futuro ci sar\u00e0 da migliorare, per\u00f2 il programma che si \u00e8 creato \u00e8 buono: l\u2019asta tolta e il 26 siamo tornati al passato con il pallone, il carro e il fuoco, cos\u00ec la gente ha la possibilit\u00e0 di rimanere a Turi e vivere di pi\u00f9 il paese. Sinceramente secondo me, prima il 28 era una giornata bella per\u00f2 non portava niente al paese.<\/p>\n<p style=\"text-align: justify;\"><strong>Vuoi ringraziare qualcuno?<\/strong><\/p>\n<p style=\"text-align: justify;\">Un grande ringraziamento va al Presidente del festa Marinuccio, che mi ha dato questa opportunit\u00e0, all\u2019arciprete Don Giovanni e la mia ragazza Annarita che ha dato un grosso contributo all\u2019organizzazione della festa.<\/p>\n","protected":false},"excerpt":{"rendered":"<p><img loading=\"lazy\" decoding=\"async\" class=\" size-full wp-image-6953\" alt=\"IMG_3097\" height=\"150\" width=\"320\" src=\"https:\/\/archivioturi.lavocedelpaese.info\/wp-content\/uploads\/2011\/09\/IMG_3097.jpg\" srcset=\"https:\/\/archivioturi.lavocedelpaese.info\/wp-content\/uploads\/2011\/09\/IMG_3097.jpg 640w, https:\/\/archivioturi.lavocedelpaese.info\/wp-content\/uploads\/2011\/09\/IMG_3097-300x141.jpg 300w\" sizes=\"auto, (max-width: 320px) 100vw, 320px\" \/><\/p>\n","protected":false},"author":1,"featured_media":6953,"comment_status":"open","ping_status":"closed","sticky":false,"template":"","format":"standard","meta":{"colormag_page_container_layout":"default_layout","colormag_page_sidebar_layout":"default_layout","footnotes":""},"categories":[7],"tags":[],"class_list":["post-6954","post","type-post","status-publish","format-standard","has-post-thumbnail","hentry","category-attualita"],"_links":{"self":[{"href":"https:\/\/archivioturi.lavocedelpaese.info\/index.php\/wp-json\/wp\/v2\/posts\/6954","targetHints":{"allow":["GET"]}}],"collection":[{"href":"https:\/\/archivioturi.lavocedelpaese.info\/index.php\/wp-json\/wp\/v2\/posts"}],"about":[{"href":"https:\/\/archivioturi.lavocedelpaese.info\/index.php\/wp-json\/wp\/v2\/types\/post"}],"author":[{"embeddable":true,"href":"https:\/\/archivioturi.lavocedelpaese.info\/index.php\/wp-json\/wp\/v2\/users\/1"}],"replies":[{"embeddable":true,"href":"https:\/\/archivioturi.lavocedelpaese.info\/index.php\/wp-json\/wp\/v2\/comments?post=6954"}],"version-history":[{"count":0,"href":"https:\/\/archivioturi.lavocedelpaese.info\/index.php\/wp-json\/wp\/v2\/posts\/6954\/revisions"}],"wp:featuredmedia":[{"embeddable":true,"href":"https:\/\/archivioturi.lavocedelpaese.info\/index.php\/wp-json\/wp\/v2\/media\/6953"}],"wp:attachment":[{"href":"https:\/\/archivioturi.lavocedelpaese.info\/index.php\/wp-json\/wp\/v2\/media?parent=6954"}],"wp:term":[{"taxonomy":"category","embeddable":true,"href":"https:\/\/archivioturi.lavocedelpaese.info\/index.php\/wp-json\/wp\/v2\/categories?post=6954"},{"taxonomy":"post_tag","embeddable":true,"href":"https:\/\/archivioturi.lavocedelpaese.info\/index.php\/wp-json\/wp\/v2\/tags?post=6954"}],"curies":[{"name":"wp","href":"https:\/\/api.w.org\/{rel}","templated":true}]}}