{"id":6930,"date":"2011-09-13T06:23:22","date_gmt":"2011-09-13T06:23:22","guid":{"rendered":"https:\/\/archivioturi.lavocedelpaese.info\/index.php\/2011\/09\/13\/la-voce-di-santoronzo-al-paese\/"},"modified":"2011-09-13T06:23:22","modified_gmt":"2011-09-13T06:23:22","slug":"la-voce-di-santoronzo-al-paese","status":"publish","type":"post","link":"https:\/\/archivioturi.lavocedelpaese.info\/index.php\/2011\/09\/13\/la-voce-di-santoronzo-al-paese\/","title":{"rendered":"LA VOCE DI SANT\u2019ORONZO AL PAESE"},"content":{"rendered":"<p><img loading=\"lazy\" decoding=\"async\" class=\" size-full wp-image-136\" alt=\"santoronzo\" height=\"151\" width=\"320\" src=\"https:\/\/archivioturi.lavocedelpaese.info\/wp-content\/uploads\/2009\/07\/santoronzo.jpg\" \/><\/p>\n<p style=\"text-align: justify;\">Pubblichiamo di seguito una serie di commenti giunti alla nostra redazione riguardanti l\u2019approfondimento storico sul nostro Santo Patrono Oronzo letto nelle diocesi che lo pregano.<\/p>\n<p style=\"text-align: center;\">&#8212;&#8212;&#8212;&#8212;&#8212;&#8212;<\/p>\n<p style=\"text-align: justify;\">\u201cGentile Signor Topputi,<\/p>\n<p style=\"text-align: justify;\">grazie per quanto ha voluto inviarmi sul nostro Sant\u2019Oronzo, frutto delle sue fatiche e della sua devozione.<\/p>\n<p style=\"text-align: justify;\">Con sensi di stima<\/p>\n<p style=\"text-align: right;\"><strong>Domenico U. D\u2019Ambrosio<\/strong><\/p>\n<p style=\"text-align: right;\"><strong>Arcivescovo Metropolita \u00a0di Lecce<\/strong>\u201d<\/p>\n<p style=\"text-align: justify;\">\u201cGentile Signore,<\/p>\n<p style=\"text-align: justify;\">grazie degli articoli su Sant\u2019Oronzo e grazie degli auguri per il mio 50\u00b0 di sacerdozio. Ogni discorso religioso porti a meglio coltivare la fede.<\/p>\n<p style=\"text-align: justify;\">Saluto e benedico.<\/p>\n<p style=\"text-align: right;\"><strong>Rocco Talucci<\/strong><\/p>\n<p style=\"text-align: right;\"><strong>Arcivescovo di Brindisi Ostuni<\/strong>\u201d<\/p>\n<p style=\"text-align: justify;\">\u201cEsprimo semplicemente il mio plauso al carissimo Fabio Topputi per il suo impegno nell\u2019approfondire diversi argomenti religiosi che arricchiscono questo giornale, come quello relativo alla nostra Festa in onore di Sant\u2019Oronzo, inviato anche all\u2019Arcivescovo di Lecce, Mons. Domenico Umberto D\u2019Ambrosio e all\u2019Arcivescovo di Brindisi Ostuni, Mons. Rocco Talucci.<\/p>\n<p style=\"text-align: justify;\">Il mio auspicio \u00e8 che, attraverso sempre maggiori approfondimenti possiamo rendere sempre ragione della nostra fede a chiunque incontriamo nella nostra strada.<\/p>\n<p style=\"text-align: justify;\">Tanti Auguri.<\/p>\n<p style=\"text-align: right;\"><strong>Don Giovanni Amodio<\/strong>\u201d<\/p>\n<p style=\"text-align: justify;\">\u201cEsprimo il mio pi\u00f9 vivo apprezzamento al giovane concittadino Fabio Topputi \u00a0per aver dato l\u2019occasione, attraverso i suoi articoli su Sant\u2019Oronzo, pubblicati sulla \u201cVoce del Paese\u201d, di approfondire la storia del nostro Santo Patrono che ogni anno si rinnova con le sue pi\u00f9 antiche e profonde tradizioni.<\/p>\n<p style=\"text-align: justify;\">Sono sicuro che il suo impegno avr\u00e0 arricchito il patrimonio di valori storici, religiosi e culturali di ciascuno di noi, contribuendo a conservarne la memoria ma soprattutto a darne testimonianza alle giovani generazioni che hanno bisogno, oggi pi\u00f9 che mai, di riappropriarsi di questi valori autentici.<\/p>\n<p style=\"text-align: right;\"><strong>Il Sindaco<\/strong><\/p>\n<p style=\"text-align: right;\"><strong>Dott. Vincenzo Gigantelli\u201d<\/strong><\/p>\n<p style=\"text-align: justify;\">\u201cUn grazie particolare vorrei dedicare a Fabio Topputi, per l\u2019impegno e la dedizione mostrata nel nostro comitato. Importante \u00e8 per\u00f2 nella nostra grande festa non dimenticare il profondo valore: la fede e la devozione per Sant\u2019Oronzo e il suo esempio di vita. Turi ha bisogno di Sant\u2019Oronzo e del suo esempio. Bisogna credere fortemente in tutto quello che si fa e stare in silenzio e lavorare duramente. La nostra grande festa \u00e8 la testimonianza di devozione per il nostro Patrono e le parole giunte dagli arcivescovi della nostra Puglia riempiono il nostro cuore di serena felicit\u00e0.<\/p>\n<p style=\"text-align: justify;\">Saluto con stima e affetto tutti i nostri concittadini.<\/p>\n<p style=\"text-align: right;\"><strong>Giammaria Di Venere<\/strong>\u201d<\/p>\n<p style=\"text-align: justify;\">Ogni anno per noi Sant&#8217;Oronzo rappresenta un momento unico per poter interagire con tutti coloro che durante tutto l&#8217;anno ci seguono da ogni parte del mondo. Anche quest&#8217;anno oltre mille case hanno potuto assistere alla diretta video dell&#8217;arrivo del Carro. Una festa grande dello stare insieme. Una unit\u00e0 che si compie nella fede e che le parole dei &#8220;nostri&#8221; Vescovi riempiono di significato. Un grazie sincero va a Fabio, non solo per il suo impegno e non solo per la sua devozione, ma soprattutto per la sua passione e capacit\u00e0 di unire. Unire non solo volti ma et\u00e0. Il suo abbraccio con Marinuccio che abbiamo potuto fugacemente fotografare \u00e8 nella nostra mente il simbolo di questa festa. Complimenti e grazie per aver dato valore alle nostre pagine.<\/p>\n<p style=\"text-align: justify;\">\u00a0<\/p>\n<p style=\"text-align: right;\"><strong>Il direttore responsabile<\/strong><\/p>\n<p>\u00a0<\/p>\n","protected":false},"excerpt":{"rendered":"<p><img loading=\"lazy\" decoding=\"async\" class=\" size-full wp-image-136\" alt=\"santoronzo\" height=\"151\" width=\"320\" src=\"https:\/\/archivioturi.lavocedelpaese.info\/wp-content\/uploads\/2009\/07\/santoronzo.jpg\" \/><\/p>\n","protected":false},"author":1,"featured_media":136,"comment_status":"open","ping_status":"closed","sticky":false,"template":"","format":"standard","meta":{"colormag_page_container_layout":"default_layout","colormag_page_sidebar_layout":"default_layout","footnotes":""},"categories":[7],"tags":[],"class_list":["post-6930","post","type-post","status-publish","format-standard","has-post-thumbnail","hentry","category-attualita"],"_links":{"self":[{"href":"https:\/\/archivioturi.lavocedelpaese.info\/index.php\/wp-json\/wp\/v2\/posts\/6930","targetHints":{"allow":["GET"]}}],"collection":[{"href":"https:\/\/archivioturi.lavocedelpaese.info\/index.php\/wp-json\/wp\/v2\/posts"}],"about":[{"href":"https:\/\/archivioturi.lavocedelpaese.info\/index.php\/wp-json\/wp\/v2\/types\/post"}],"author":[{"embeddable":true,"href":"https:\/\/archivioturi.lavocedelpaese.info\/index.php\/wp-json\/wp\/v2\/users\/1"}],"replies":[{"embeddable":true,"href":"https:\/\/archivioturi.lavocedelpaese.info\/index.php\/wp-json\/wp\/v2\/comments?post=6930"}],"version-history":[{"count":0,"href":"https:\/\/archivioturi.lavocedelpaese.info\/index.php\/wp-json\/wp\/v2\/posts\/6930\/revisions"}],"wp:featuredmedia":[{"embeddable":true,"href":"https:\/\/archivioturi.lavocedelpaese.info\/index.php\/wp-json\/wp\/v2\/media\/136"}],"wp:attachment":[{"href":"https:\/\/archivioturi.lavocedelpaese.info\/index.php\/wp-json\/wp\/v2\/media?parent=6930"}],"wp:term":[{"taxonomy":"category","embeddable":true,"href":"https:\/\/archivioturi.lavocedelpaese.info\/index.php\/wp-json\/wp\/v2\/categories?post=6930"},{"taxonomy":"post_tag","embeddable":true,"href":"https:\/\/archivioturi.lavocedelpaese.info\/index.php\/wp-json\/wp\/v2\/tags?post=6930"}],"curies":[{"name":"wp","href":"https:\/\/api.w.org\/{rel}","templated":true}]}}