{"id":6922,"date":"2011-09-12T14:06:55","date_gmt":"2011-09-12T14:06:55","guid":{"rendered":"https:\/\/archivioturi.lavocedelpaese.info\/index.php\/2011\/09\/12\/dopo-il-dolore-ce-anche-la-beffa\/"},"modified":"2011-09-12T14:06:55","modified_gmt":"2011-09-12T14:06:55","slug":"dopo-il-dolore-ce-anche-la-beffa","status":"publish","type":"post","link":"https:\/\/archivioturi.lavocedelpaese.info\/index.php\/2011\/09\/12\/dopo-il-dolore-ce-anche-la-beffa\/","title":{"rendered":"DOPO IL DOLORE, C\u2019\u00c8 ANCHE LA BEFFA"},"content":{"rendered":"<p><img loading=\"lazy\" decoding=\"async\" class=\" size-full wp-image-6921\" alt=\"foggia123--401x175\" height=\"150\" width=\"320\" src=\"https:\/\/archivioturi.lavocedelpaese.info\/wp-content\/uploads\/2011\/09\/foggia123-401x175.jpg\" \/><\/p>\n<p>Riceviamo e Pubblichiamo.<\/p>\n<p>\u00a0<\/p>\n<hr \/>\n<p style=\"text-align: justify;\">Questa \u00e8 la vicenda che ha coinvolto la famiglia Florio che in questi giorni ha vissuto con dolore ed ansia il ritorno a casa della propri cara defunta.<\/p>\n<p style=\"text-align: justify;\">Come si poteva immaginare che per un referto medico, scritto superficialmente al momento dello spostamento da un ospedale all\u2019altro, dopo un intervento alla testa per una caduta accidentale ed un peggioramento che ha necessitato un trasferimento in rianimazione, avremmo potuto riavere la salma della defunta con ritardo per poter procedere ai suoi funerali?<\/p>\n<p style=\"text-align: justify;\">Questa \u00e8 una vicenda che ha coinvolto tutti in paese perch\u00e9 i funerali, fissati per una data, non sono pi\u00f9 stati eseguiti nel giorno dovuto, avvisando cos\u00ec in tal modo tutti i familiari e la stessa agenzia per la nuova comunicazione della celebrazione funebre.<\/p>\n<p style=\"text-align: justify;\">Dopo aver atteso tutti qualche notizia e aver potuto ritirare la salma dall\u2019ospedale, abbiamo ricontattato l\u2019agenzia che, non nuova a tali vicende, ha rifatto i manifesti, si sono ricontattati il prete, la banda e siamo riusciti a svolgere il regolare rito funebre.<\/p>\n<p style=\"text-align: justify;\">Noi ringraziamo moltissimo tutti coloro che ci sono stati vicini e che si sono mobilitati per saperne di pi\u00f9 sull\u2019accaduto. Tutta la famiglia Florio \u00e8 dispiaciuta per l\u2019accaduto e ci scusiamo con tutti coloro che hanno partecipato ai funerali della nostra cara. In maniera concorde, tutta la famiglia ha voluto far consapevole gli amici cari di questa incresciosa vicenda perch\u00e9 si rammarica del vociferare sulla vicenda, dinanzi ad una donna che nella sua vita non ha mai fatto parlare di lei.<\/p>\n<p style=\"text-align: justify;\">La famiglia Florio non incolpa chi, competente, ha sbagliato a trattare il caso, ma tutto il sistema ospedaliero che oggi ci coinvolge, nella speranza che nel domani si sia pi\u00f9 fortunati e non si incontrino simili difficolt\u00e0.<\/p>\n<p style=\"text-align: right;\"><strong> <\/strong><\/p>\n<p style=\"text-align: right;\"><strong>Paolo Florio <\/strong><\/p>\n<p>\u00a0<\/p>\n","protected":false},"excerpt":{"rendered":"<p><img loading=\"lazy\" decoding=\"async\" class=\" size-full wp-image-6921\" alt=\"foggia123--401x175\" height=\"150\" width=\"320\" src=\"https:\/\/archivioturi.lavocedelpaese.info\/wp-content\/uploads\/2011\/09\/foggia123-401x175.jpg\" \/><\/p>\n","protected":false},"author":1,"featured_media":6921,"comment_status":"open","ping_status":"closed","sticky":false,"template":"","format":"standard","meta":{"colormag_page_container_layout":"default_layout","colormag_page_sidebar_layout":"default_layout","footnotes":""},"categories":[7],"tags":[],"class_list":["post-6922","post","type-post","status-publish","format-standard","has-post-thumbnail","hentry","category-attualita"],"_links":{"self":[{"href":"https:\/\/archivioturi.lavocedelpaese.info\/index.php\/wp-json\/wp\/v2\/posts\/6922","targetHints":{"allow":["GET"]}}],"collection":[{"href":"https:\/\/archivioturi.lavocedelpaese.info\/index.php\/wp-json\/wp\/v2\/posts"}],"about":[{"href":"https:\/\/archivioturi.lavocedelpaese.info\/index.php\/wp-json\/wp\/v2\/types\/post"}],"author":[{"embeddable":true,"href":"https:\/\/archivioturi.lavocedelpaese.info\/index.php\/wp-json\/wp\/v2\/users\/1"}],"replies":[{"embeddable":true,"href":"https:\/\/archivioturi.lavocedelpaese.info\/index.php\/wp-json\/wp\/v2\/comments?post=6922"}],"version-history":[{"count":0,"href":"https:\/\/archivioturi.lavocedelpaese.info\/index.php\/wp-json\/wp\/v2\/posts\/6922\/revisions"}],"wp:featuredmedia":[{"embeddable":true,"href":"https:\/\/archivioturi.lavocedelpaese.info\/index.php\/wp-json\/wp\/v2\/media\/6921"}],"wp:attachment":[{"href":"https:\/\/archivioturi.lavocedelpaese.info\/index.php\/wp-json\/wp\/v2\/media?parent=6922"}],"wp:term":[{"taxonomy":"category","embeddable":true,"href":"https:\/\/archivioturi.lavocedelpaese.info\/index.php\/wp-json\/wp\/v2\/categories?post=6922"},{"taxonomy":"post_tag","embeddable":true,"href":"https:\/\/archivioturi.lavocedelpaese.info\/index.php\/wp-json\/wp\/v2\/tags?post=6922"}],"curies":[{"name":"wp","href":"https:\/\/api.w.org\/{rel}","templated":true}]}}