{"id":6893,"date":"2011-09-06T08:46:41","date_gmt":"2011-09-06T08:46:41","guid":{"rendered":"https:\/\/archivioturi.lavocedelpaese.info\/index.php\/2011\/09\/06\/il-vescovo-anche-i-santi-vanno-a-fare-la-spesa\/"},"modified":"2011-09-06T08:46:41","modified_gmt":"2011-09-06T08:46:41","slug":"il-vescovo-anche-i-santi-vanno-a-fare-la-spesa","status":"publish","type":"post","link":"https:\/\/archivioturi.lavocedelpaese.info\/index.php\/2011\/09\/06\/il-vescovo-anche-i-santi-vanno-a-fare-la-spesa\/","title":{"rendered":"IL VESCOVO: \u201cANCHE I SANTI VANNO A FARE LA SPESA\u201d"},"content":{"rendered":"<p><img loading=\"lazy\" decoding=\"async\" class=\" size-full wp-image-6892\" src=\"https:\/\/archivioturi.lavocedelpaese.info\/wp-content\/uploads\/2011\/09\/IMG_4155.jpg\" width=\"320\" height=\"150\" alt=\"IMG_4155\" srcset=\"https:\/\/archivioturi.lavocedelpaese.info\/wp-content\/uploads\/2011\/09\/IMG_4155.jpg 640w, https:\/\/archivioturi.lavocedelpaese.info\/wp-content\/uploads\/2011\/09\/IMG_4155-300x141.jpg 300w\" sizes=\"auto, (max-width: 320px) 100vw, 320px\" \/><\/p>\n<p style=\"text-align: justify;\">Quasi puntuale, il solenne Pontificale ha avuto inizio alle 10.10 ed \u00e8 stato trasmesso in diretta su Turiweb.it. \u00a0Ha celebrato il vescovo mons. Domenico Padovano, assieme all\u2019arciprete don Giovanni Amodio e ai sacerdoti, religiosi e diaconi turesi. Don Giovanni ha dato il benvenuto al vescovo a nome di tutta la comunit\u00e0 turese, ringraziando le persone che con la propria presenza danno senso alla festa come \u201cstare insieme\u201d. \u00a0Presenti \u00a0autorit\u00e0 civili e militari in una chiesa Madre piena di fedeli e di eleganza. \u00a0La prima lettura, dal profeta Ezechiele, \u00e8 stata proclamata dal Sindaco Gigantelli. Il diacono Matteo Pugliese ha annunciato il Vangelo, che ha tratteggiato la figura di Ges\u00f9 buon pastore.<\/p>\n<p style=\"text-align: justify;\">\u201cCelebriamo la festa di sant\u2019Oronzo, evangelizzatore della Puglia \u2013 ha detto il vescovo durante l\u2019omelia &#8211; Oronzo \u00e8 stato immediato discepolo degli apostoli. Davanti a questi campioni della fede, che hanno versato il sangue della fedelt\u00e0, noi restiamo incantati: sono i prodigi di Dio che si manifestano attraverso i suoi santi.\u201d<\/p>\n<p style=\"text-align: justify;\">Mons. Padovano ha poi sottolineato i lati salienti di diversi santi, evidenziando come ognuno abbia raggiunto la santit\u00e0 in un modo del tutto personale e unico. \u201cI santi non invecchiano mai, restano testimoni della giovinezza della chiesa. Non diventano mai personaggi del passato, ma sono sempre gli uomini e le donne di domani, dell\u2019avvenire. I santi sono il frutto del lavoro di Dio.\u201d<\/p>\n<p style=\"text-align: justify;\">\u201cMa oggi esistono ancora i santi? E dove sono? Sono in mezzo\u00a0 a noi, li possiamo incontrare nella nostra giornata, al mercato, in ascensore, in chiesa. Anche oggi esistono i santi. Sono i nostri contemporanei. I santi non nascono mica in paradiso! Se il cielo \u00e8 popolato di santi, vuol dire che anche la terra \u00e8 piena di santi. I santi hanno in testa i nostri stessi problemi, vanno a fare la spesa. Sentono la fatica del vivere. Si confessano dal prete. Ma sono anche diversi da noi. Sono capaci di quella forza prodigiosa che \u00e8 la non violenza. Sono incapaci di fare del male ad una mosca. Vivono nella tenerezza. Sanno perdonare, sanno dimenticare. La loro presenza porta ovunque pace e serenit\u00e0. Sanno subire critiche e derisioni. Tuttavia non sono uomini al di sopra degli altri, hanno anche loro piccoli difetti, perch\u00e9 nessuno nasce con l\u2019aureola. Sarebbe bello che ognuno di noi scegliesse un santo come compagno di viaggio: si pu\u00f2 scegliere il santo di cui si porta il nome, ma si pu\u00f2 anche scegliere tra i santi non ancora ufficialmente riconosciuti dalla chiesa. Si pu\u00f2 scegliere un santo sconosciuto ai pi\u00f9, ma che pu\u00f2 aiutare ad andare all\u2019essenziale. Mettiamoci alla scuola di questi aiuti che il Signore ci mette a disposizione.\u201d<\/p>\n<p><object data=\"https:\/\/picasaweb.google.com\/s\/c\/bin\/slideshow.swf\" type=\"application\/x-shockwave-flash\" height=\"660\" width=\"660\"><param name=\"flashvars\" value=\"host=picasaweb.google.com&amp;hl=it&amp;feat=flashalbum&amp;RGB=0x000000&amp;feed=https%3A%2F%2Fpicasaweb.google.com%2Fdata%2Ffeed%2Fapi%2Fuser%2Fredazioneturiweb%2Falbumid%2F5649164261924870481%3Falt%3Drss%26kind%3Dphoto%26hl%3Dit\" \/><param name=\"src\" value=\"https:\/\/picasaweb.google.com\/s\/c\/bin\/slideshow.swf\" \/><\/object><br \/>\n<object data=\"https:\/\/picasaweb.google.com\/s\/c\/bin\/slideshow.swf\" type=\"application\/x-shockwave-flash\" height=\"660\" width=\"660\"><param name=\"flashvars\" value=\"host=picasaweb.google.com&amp;hl=it&amp;feat=flashalbum&amp;RGB=0x000000&amp;feed=https%3A%2F%2Fpicasaweb.google.com%2Fdata%2Ffeed%2Fapi%2Fuser%2Fredazioneturiweb%2Falbumid%2F5649171141702067649%3Falt%3Drss%26kind%3Dphoto%26authkey%3DGv1sRgCOqAkNLkzNj-Mg%26hl%3Dit\" \/><param name=\"src\" value=\"https:\/\/picasaweb.google.com\/s\/c\/bin\/slideshow.swf\" \/><\/object><\/p>\n","protected":false},"excerpt":{"rendered":"<p><img loading=\"lazy\" decoding=\"async\" class=\" size-full wp-image-6892\" src=\"https:\/\/archivioturi.lavocedelpaese.info\/wp-content\/uploads\/2011\/09\/IMG_4155.jpg\" width=\"320\" height=\"150\" alt=\"IMG_4155\" srcset=\"https:\/\/archivioturi.lavocedelpaese.info\/wp-content\/uploads\/2011\/09\/IMG_4155.jpg 640w, https:\/\/archivioturi.lavocedelpaese.info\/wp-content\/uploads\/2011\/09\/IMG_4155-300x141.jpg 300w\" sizes=\"auto, (max-width: 320px) 100vw, 320px\" \/><\/p>\n","protected":false},"author":1,"featured_media":6892,"comment_status":"open","ping_status":"closed","sticky":false,"template":"","format":"standard","meta":{"colormag_page_container_layout":"default_layout","colormag_page_sidebar_layout":"default_layout","footnotes":""},"categories":[7],"tags":[],"class_list":["post-6893","post","type-post","status-publish","format-standard","has-post-thumbnail","hentry","category-attualita"],"_links":{"self":[{"href":"https:\/\/archivioturi.lavocedelpaese.info\/index.php\/wp-json\/wp\/v2\/posts\/6893","targetHints":{"allow":["GET"]}}],"collection":[{"href":"https:\/\/archivioturi.lavocedelpaese.info\/index.php\/wp-json\/wp\/v2\/posts"}],"about":[{"href":"https:\/\/archivioturi.lavocedelpaese.info\/index.php\/wp-json\/wp\/v2\/types\/post"}],"author":[{"embeddable":true,"href":"https:\/\/archivioturi.lavocedelpaese.info\/index.php\/wp-json\/wp\/v2\/users\/1"}],"replies":[{"embeddable":true,"href":"https:\/\/archivioturi.lavocedelpaese.info\/index.php\/wp-json\/wp\/v2\/comments?post=6893"}],"version-history":[{"count":0,"href":"https:\/\/archivioturi.lavocedelpaese.info\/index.php\/wp-json\/wp\/v2\/posts\/6893\/revisions"}],"wp:featuredmedia":[{"embeddable":true,"href":"https:\/\/archivioturi.lavocedelpaese.info\/index.php\/wp-json\/wp\/v2\/media\/6892"}],"wp:attachment":[{"href":"https:\/\/archivioturi.lavocedelpaese.info\/index.php\/wp-json\/wp\/v2\/media?parent=6893"}],"wp:term":[{"taxonomy":"category","embeddable":true,"href":"https:\/\/archivioturi.lavocedelpaese.info\/index.php\/wp-json\/wp\/v2\/categories?post=6893"},{"taxonomy":"post_tag","embeddable":true,"href":"https:\/\/archivioturi.lavocedelpaese.info\/index.php\/wp-json\/wp\/v2\/tags?post=6893"}],"curies":[{"name":"wp","href":"https:\/\/api.w.org\/{rel}","templated":true}]}}