{"id":6816,"date":"2011-08-24T11:34:10","date_gmt":"2011-08-24T11:34:10","guid":{"rendered":"https:\/\/archivioturi.lavocedelpaese.info\/index.php\/2011\/08\/24\/tundo-soffocato-e-represso-nella-mia-liberta\/"},"modified":"2011-08-24T11:34:10","modified_gmt":"2011-08-24T11:34:10","slug":"tundo-soffocato-e-represso-nella-mia-liberta","status":"publish","type":"post","link":"https:\/\/archivioturi.lavocedelpaese.info\/index.php\/2011\/08\/24\/tundo-soffocato-e-represso-nella-mia-liberta\/","title":{"rendered":"TUNDO: \u201cSOFFOCATO E REPRESSO NELLA MIA LIBERT\u00c0\u201d"},"content":{"rendered":"<p><img loading=\"lazy\" decoding=\"async\" class=\" size-full wp-image-1471\" alt=\"tundo-schittulli\" height=\"150\" width=\"320\" src=\"https:\/\/archivioturi.lavocedelpaese.info\/wp-content\/uploads\/2010\/02\/tundo-schittulli.jpg\" \/><\/p>\n<p style=\"text-align: justify;\"><strong>Paolo Tundo cosa ne pensa della questione 172? <\/strong><\/p>\n<p style=\"text-align: justify;\">\u201cHo letto sui giornali e seguito in tv le discussioni sulla statale 172 fra Michele Boccardi e Onofrio Resta. Queste beghe non servono a nessuno. Il Ministro Matteoli ha dichiarato che la statale pu\u00f2 essere finanziata e pu\u00f2 divenire realt\u00e0. Mi interessa questo. C\u2019\u00e8 stata un po\u2019 di confusione, ma mettiamo l\u2019astio da parte e dimostriamo ai cittadini che possiamo mettere da parte le beghe personali e portare loro un risultato concreto. Basta con i comizi e i proclami, lavoriamo duramente e in silenzio per i nostri cittadini. Questo \u00e8 il mio invito e il mio auspicio.\u201d<\/p>\n<p style=\"text-align: justify;\"><strong>Lei pensa che esista uno scontro all\u2019interno del centro destra turese oppure il clima \u00e8 tutto sereno?<\/strong><\/p>\n<p style=\"text-align: justify;\">\u201cDevo prendere atto che non c\u2019\u00e8 un dialogo comune fra le anime del centro destra. Bisognerebbe trovare questa sinergia per farsi portavoce di obiettivi e interessi comuni. Sono fortemente contrario a questi scontri. Dovremmo ritrovarci tutti insieme intorno ad un tavolo per il bene e il futuro di Turi. Sono deluso, amareggiato e, ti prego scrivilo pure, sono molto stanco di questo astio e di questi personalismi che serpeggiano quotidianamente.\u201d<\/p>\n<p style=\"text-align: justify;\"><strong>Chi pu\u00f2 mettere insieme tutti? Il Coordinatore del Pdl \u00e8 al lavoro?<\/strong><\/p>\n<p style=\"text-align: justify;\">Il coordinatore del Pdl non \u00e8 ancora stato ufficializzato e il punto di riferimento \u00e8 il Consigliere Regionale Michele Boccardi. Se devo dire la mia fino in fondo ad oggi non ho mai avuto la possibilit\u00e0 di avere un confronto con i leader del centro destra turese, un confronto che mi auguro anche se fosse serrato e acceso, ma questa discussione non c\u2019\u00e8 mai stata. Anche solo un parere viene negato. Mi piacerebbe sentirmi dire, Tundo cosa ne pensi? Mai nulla di tutto questo \u00e8 accaduto. Esprimo con sincerit\u00e0 una insoddisfazione e una sofferenza per questo modo di agire che non coinvolge tutti per il bene del nostro comune.<\/p>\n<p style=\"text-align: justify;\">Dure affermazioni, ma cosa far\u00e0 nel futuro Paolo Tundo?<\/p>\n<p style=\"text-align: justify;\">Io parlo in modo leale e schietto proprio per poter costruire un futuro insieme, ma questo metodo di fare politica \u00e8 errato e va cambiato. Anzi stravolto. Da vicesindaco non sono mai stato coinvolto nelle decisioni, sono stato sempre tenuto all\u2019oscuro e al buio totale. Lo devo ammettere e non posso pi\u00f9 tacere. Tutto questo \u00e8 inaccettabile. In un paese libero bisogna pur dire la verit\u00e0 e senza averne timore. Dico a tutti quanti che Paolo Tundo \u00e8 disponibile a trovare le soluzioni per stare insieme ma le ostilit\u00e0 personali vanno messe da parte, in caso contrario&#8230;<\/p>\n<p style=\"text-align: justify;\"><strong>Paolo Tundo potrebbe restare a casa o essere il candidato sindaco del centro destra?<\/strong><\/p>\n<p style=\"text-align: justify;\">Se Gigantelli non dovesse ripresentarsi ho tutte le carte in regola per poter essere il prossimo candidato Sindaco. Tuttavia sono pronto a fare un passo indietro se non dovessero esserci le condizioni: unit\u00e0 e confronto senza astio e personalismi. Sono pronto a fare un passo indietro se ci fosse un candidato giovane e un volto nuovo che possa unire tutte le anime del centro destra. Non voglio dividere ma migliorare e rafforzare il centro destra.<\/p>\n<p style=\"text-align: justify;\"><strong>E se queste condizioni non ci fossero?<\/strong><\/p>\n<p style=\"text-align: justify;\">Chi provoca e promuove queste condizioni si assumer\u00e0 tutte le conseguenze. Se qualcuno tentasse di mettermi ai margini come gi\u00e0 \u00e8 accaduto e sembra accadere tutt\u2019oggi reagir\u00f2 con grande forza. Sono un battagliero e sono deciso. Oggi sono stato soffocato e represso nella mia libert\u00e0 di pensiero e ti dico francamente che questa non \u00e8 una cosa positiva all\u2019interno del Pdl turese dove non si dialoga. Questo \u00e8 il mio pensiero che esprimo in modo pubblico ed \u00e8 giusto che sia la maggioranza che l\u2019opposizione lo tenga in considerazione. Non ho paura di queste affermazione n\u00e9 devo giustificare la mia chiarezza. Il mio \u00e8 un segnale propositivo per il bene dei cittadini. Se, al contrario, per qualcuno la politica \u00e8 questa noi abbiamo fallito e lo dobbiamo dire. Abbiamo fallito perch\u00e9 la gente si aspetta concretezza e non beghe personali.<\/p>\n","protected":false},"excerpt":{"rendered":"<p><img loading=\"lazy\" decoding=\"async\" class=\" size-full wp-image-1471\" alt=\"tundo-schittulli\" height=\"150\" width=\"320\" src=\"https:\/\/archivioturi.lavocedelpaese.info\/wp-content\/uploads\/2010\/02\/tundo-schittulli.jpg\" \/><\/p>\n","protected":false},"author":1,"featured_media":1471,"comment_status":"open","ping_status":"closed","sticky":false,"template":"","format":"standard","meta":{"colormag_page_container_layout":"default_layout","colormag_page_sidebar_layout":"default_layout","footnotes":""},"categories":[4],"tags":[],"class_list":["post-6816","post","type-post","status-publish","format-standard","has-post-thumbnail","hentry","category-politica"],"_links":{"self":[{"href":"https:\/\/archivioturi.lavocedelpaese.info\/index.php\/wp-json\/wp\/v2\/posts\/6816","targetHints":{"allow":["GET"]}}],"collection":[{"href":"https:\/\/archivioturi.lavocedelpaese.info\/index.php\/wp-json\/wp\/v2\/posts"}],"about":[{"href":"https:\/\/archivioturi.lavocedelpaese.info\/index.php\/wp-json\/wp\/v2\/types\/post"}],"author":[{"embeddable":true,"href":"https:\/\/archivioturi.lavocedelpaese.info\/index.php\/wp-json\/wp\/v2\/users\/1"}],"replies":[{"embeddable":true,"href":"https:\/\/archivioturi.lavocedelpaese.info\/index.php\/wp-json\/wp\/v2\/comments?post=6816"}],"version-history":[{"count":0,"href":"https:\/\/archivioturi.lavocedelpaese.info\/index.php\/wp-json\/wp\/v2\/posts\/6816\/revisions"}],"wp:featuredmedia":[{"embeddable":true,"href":"https:\/\/archivioturi.lavocedelpaese.info\/index.php\/wp-json\/wp\/v2\/media\/1471"}],"wp:attachment":[{"href":"https:\/\/archivioturi.lavocedelpaese.info\/index.php\/wp-json\/wp\/v2\/media?parent=6816"}],"wp:term":[{"taxonomy":"category","embeddable":true,"href":"https:\/\/archivioturi.lavocedelpaese.info\/index.php\/wp-json\/wp\/v2\/categories?post=6816"},{"taxonomy":"post_tag","embeddable":true,"href":"https:\/\/archivioturi.lavocedelpaese.info\/index.php\/wp-json\/wp\/v2\/tags?post=6816"}],"curies":[{"name":"wp","href":"https:\/\/api.w.org\/{rel}","templated":true}]}}