{"id":6802,"date":"2011-08-23T10:46:48","date_gmt":"2011-08-23T10:46:48","guid":{"rendered":"https:\/\/archivioturi.lavocedelpaese.info\/index.php\/2011\/08\/23\/dal-presidente-sunflower-un-appello-ai-turesi\/"},"modified":"2011-08-23T10:46:48","modified_gmt":"2011-08-23T10:46:48","slug":"dal-presidente-sunflower-un-appello-ai-turesi","status":"publish","type":"post","link":"https:\/\/archivioturi.lavocedelpaese.info\/index.php\/2011\/08\/23\/dal-presidente-sunflower-un-appello-ai-turesi\/","title":{"rendered":"DAL PRESIDENTE SUNFLOWER UN APPELLO AI TURESI"},"content":{"rendered":"<p><img loading=\"lazy\" decoding=\"async\" class=\" size-full wp-image-6800\" alt=\"Pugliesi_a_Montecitorio\" height=\"151\" width=\"320\" src=\"https:\/\/archivioturi.lavocedelpaese.info\/wp-content\/uploads\/2011\/08\/Pugliesi_a_Montecitorio.jpg\" srcset=\"https:\/\/archivioturi.lavocedelpaese.info\/wp-content\/uploads\/2011\/08\/Pugliesi_a_Montecitorio.jpg 640w, https:\/\/archivioturi.lavocedelpaese.info\/wp-content\/uploads\/2011\/08\/Pugliesi_a_Montecitorio-300x141.jpg 300w\" sizes=\"auto, (max-width: 320px) 100vw, 320px\" \/><\/p>\n<p><img loading=\"lazy\" decoding=\"async\" class=\" alignright size-full wp-image-6801\" style=\"margin-top: 10px; margin-bottom: 10px; margin-left: 10px; float: right;\" alt=\"Michele_De_Tommaso_Montecitorio\" height=\"448\" width=\"299\" src=\"https:\/\/archivioturi.lavocedelpaese.info\/wp-content\/uploads\/2011\/08\/Michele_De_Tommaso_Montecitorio.jpg\" srcset=\"https:\/\/archivioturi.lavocedelpaese.info\/wp-content\/uploads\/2011\/08\/Michele_De_Tommaso_Montecitorio.jpg 299w, https:\/\/archivioturi.lavocedelpaese.info\/wp-content\/uploads\/2011\/08\/Michele_De_Tommaso_Montecitorio-200x300.jpg 200w\" sizes=\"auto, (max-width: 299px) 100vw, 299px\" \/><\/p>\n<div style=\"text-align: justify;\">Sin dal 4 giugno Gaetano Ferrieri, giovane disoccupato, conduce lo sciopero della fame davanti al Palazzo Montecitorio. Esattamente sono 75 giorni che si nutre di soli integratori. Gli italiani con questo sciopero chiedono la riduzione degli introiti, vitalizi e stipendi dei deputati, senatori, presidenti e consiglieri regionali, presidenti e consiglieri provinciali, consiglieri comunali e sindaci. Dunque richiamano a quella sovranit\u00e0 che dovrebbe essere del popolo, ma che si mostra di pochi. Il presidente della Sunflower, Michele De Tommaso, in base ad una visita a Roma, evince la necessit\u00e0 di un sostegno concreto.<\/div>\n<\/p>\n<p style=\"text-align: justify;\">Per tale ragione si rivolge ai cittadini turesi, o meglio ai turesi che pi\u00f9 inclini ad una sopportazione ormai al limite. \u201c\u00c8 importante muoversi ora, perch\u00e9 pi\u00f9 si andr\u00e0 avanti e pi\u00f9 le insoddisfazioni e le tensioni aumenteranno. Quindi \u00e8 fondamentale che questa manifestazione pacifica non diventi violenta ed \u00e8 altrettanto doveroso sottolineare che questo sciopero non aderisce a nessun partito. Semplicemente \u00e8 composto dal Gruppo dei Cittadini Italiani che rivogliono la propria dignit\u00e0 e che richiamano i politici ai propri doveri. Visto che non adempiono ai compiti a loro assegnati \u00e8 giusto che tutti vadano via o per lo meno si accorgano che c\u2019\u00e8 gente che non ha da mangiare. Se per un parlamentare 3mila euro sono pochi per noi sono ottimali per condurre una vita dignitosa.\u201d<\/p>\n<p style=\"text-align: justify;\">A questo proposito Michele De Tommaso, invita tutti ad aiutarlo in un FlashMob, a Turi, che mira alla sensibilizzazione dei problemi che accomunano quasi tutti. Ovvio che \u00e8 aperta qualsiasi volont\u00e0 ed iniziativa nel sostenere il Gruppo dei Cittadini Italiani.<\/p>\n","protected":false},"excerpt":{"rendered":"<p><img loading=\"lazy\" decoding=\"async\" class=\" size-full wp-image-6800\" alt=\"Pugliesi_a_Montecitorio\" height=\"151\" width=\"320\" src=\"https:\/\/archivioturi.lavocedelpaese.info\/wp-content\/uploads\/2011\/08\/Pugliesi_a_Montecitorio.jpg\" srcset=\"https:\/\/archivioturi.lavocedelpaese.info\/wp-content\/uploads\/2011\/08\/Pugliesi_a_Montecitorio.jpg 640w, https:\/\/archivioturi.lavocedelpaese.info\/wp-content\/uploads\/2011\/08\/Pugliesi_a_Montecitorio-300x141.jpg 300w\" sizes=\"auto, (max-width: 320px) 100vw, 320px\" \/><\/p>\n","protected":false},"author":1,"featured_media":6800,"comment_status":"open","ping_status":"closed","sticky":false,"template":"","format":"standard","meta":{"colormag_page_container_layout":"default_layout","colormag_page_sidebar_layout":"default_layout","footnotes":""},"categories":[7],"tags":[],"class_list":["post-6802","post","type-post","status-publish","format-standard","has-post-thumbnail","hentry","category-attualita"],"_links":{"self":[{"href":"https:\/\/archivioturi.lavocedelpaese.info\/index.php\/wp-json\/wp\/v2\/posts\/6802","targetHints":{"allow":["GET"]}}],"collection":[{"href":"https:\/\/archivioturi.lavocedelpaese.info\/index.php\/wp-json\/wp\/v2\/posts"}],"about":[{"href":"https:\/\/archivioturi.lavocedelpaese.info\/index.php\/wp-json\/wp\/v2\/types\/post"}],"author":[{"embeddable":true,"href":"https:\/\/archivioturi.lavocedelpaese.info\/index.php\/wp-json\/wp\/v2\/users\/1"}],"replies":[{"embeddable":true,"href":"https:\/\/archivioturi.lavocedelpaese.info\/index.php\/wp-json\/wp\/v2\/comments?post=6802"}],"version-history":[{"count":0,"href":"https:\/\/archivioturi.lavocedelpaese.info\/index.php\/wp-json\/wp\/v2\/posts\/6802\/revisions"}],"wp:featuredmedia":[{"embeddable":true,"href":"https:\/\/archivioturi.lavocedelpaese.info\/index.php\/wp-json\/wp\/v2\/media\/6800"}],"wp:attachment":[{"href":"https:\/\/archivioturi.lavocedelpaese.info\/index.php\/wp-json\/wp\/v2\/media?parent=6802"}],"wp:term":[{"taxonomy":"category","embeddable":true,"href":"https:\/\/archivioturi.lavocedelpaese.info\/index.php\/wp-json\/wp\/v2\/categories?post=6802"},{"taxonomy":"post_tag","embeddable":true,"href":"https:\/\/archivioturi.lavocedelpaese.info\/index.php\/wp-json\/wp\/v2\/tags?post=6802"}],"curies":[{"name":"wp","href":"https:\/\/api.w.org\/{rel}","templated":true}]}}