{"id":6799,"date":"2011-08-23T10:43:34","date_gmt":"2011-08-23T10:43:34","guid":{"rendered":"https:\/\/archivioturi.lavocedelpaese.info\/index.php\/2011\/08\/23\/esecuzione-perfetta-del-pianista-locatelli\/"},"modified":"2011-08-23T10:43:34","modified_gmt":"2011-08-23T10:43:34","slug":"esecuzione-perfetta-del-pianista-locatelli","status":"publish","type":"post","link":"https:\/\/archivioturi.lavocedelpaese.info\/index.php\/2011\/08\/23\/esecuzione-perfetta-del-pianista-locatelli\/","title":{"rendered":"ESECUZIONE PERFETTA DEL PIANISTA LOCATELLI"},"content":{"rendered":"<p><img loading=\"lazy\" decoding=\"async\" class=\" size-full wp-image-6798\" src=\"https:\/\/archivioturi.lavocedelpaese.info\/wp-content\/uploads\/2011\/08\/pianista.jpg\" width=\"320\" height=\"150\" alt=\"pianista\" srcset=\"https:\/\/archivioturi.lavocedelpaese.info\/wp-content\/uploads\/2011\/08\/pianista.jpg 640w, https:\/\/archivioturi.lavocedelpaese.info\/wp-content\/uploads\/2011\/08\/pianista-300x141.jpg 300w\" sizes=\"auto, (max-width: 320px) 100vw, 320px\" \/> <\/p>\n<p style=\"text-align: justify;\">Sabato scorso, in piazza Gonnelli, la Nuova Pro Loco con il patrocinio del Comune di Turi, ha presentato \u201cIl Pianista Virtuoso\u201d, concerto del Maestro Leonardo Locatelli, tratto dall\u2019omonimo Cd del pianista.<\/p>\n<p style=\"text-align: justify;\">Attraverso una serie di ieratiche statue bronzee rappresentanti \u201cI Trecento\u201d realizzate dal pap\u00e0 del musicista, su un\u2019elegante tappeto rosso, le note virtuose, suonate a memoria.<\/p>\n<p style=\"text-align: justify;\">\u2018Virtuoso\u2019 \u00e8 per Locatelli colui che muove gli animi con la tecnica, che sa emozionare e si emoziona, finalizzato alla musica, a trasmettere.<\/p>\n<p style=\"text-align: justify;\">Abbiamo fatto un volo col calabrone (\u201cIl volo del calabrone\u201d di Korsakov) nei diversi virtuosismi di stile e autore. La \u201cToccata e fuga in re minore\u201d di Bach \u00e8 stata scelta perch\u00e9 \u00e8 alla base della preparazione di ogni musicista. Busoni ne ha fatto la trascrizione per piano dall\u2019organo che in realt\u00e0 ha pi\u00f9 possibilit\u00e0 tecniche disponendo di pedali.<\/p>\n<p style=\"text-align: justify;\">Poi, l\u2019ascolto di Mozart, autore pi\u00f9 spontaneo che scrive di getto, senza errori e sbavature.<\/p>\n<p style=\"text-align: justify;\">Le sue \u201cVariazioni in Do maggiore\u201d sono su un tema popolare francese. Si tratta di dodici variazioni elegantissime scritte da un mito morto giovanissimo, la cui musica \u00e8 come la giovinezza ma a differenza di essa, eterna.<\/p>\n<p style=\"text-align: justify;\">Beethoven \u00e8 l\u2019antitesi di Mozart, pi\u00f9 profondo, pi\u00f9 serio, pi\u00f9 maturo. Abbiamo ascoltato due suoi pezzi emblematici: \u201cPer Elisa\u201d (su un amore non corrisposto) e \u201cl\u2019Appassionata\u201d (finale passionale, moto verso l\u2019infinito).<\/p>\n<p style=\"text-align: justify;\">Shubert ha composto soprattutto \u2018lieder\u2019 per voci e piano, che eseguiva nelle sue serate, le \u2018sciubertiadi\u2019 , riservate agli amici.<\/p>\n<p style=\"text-align: justify;\">E siamo arrivati all\u2019ascolto di Chopin che \u00e8 il vulcano del piano; ha mani elastiche, forti, nobilita lo \u2018Studio\u2019 facendolo diventare opera da concerto. \u201cLa caduta di Varsavia\u201d rappresenta l\u2019urlo per la propria terra che soffre, dramma espresso con fuoco ed energia.<\/p>\n<p style=\"text-align: justify;\">La scelta di brani accessibili a tutti, la chiara spiegazione degli stessi al pubblico da parte dell\u2019esecutore, la brevit\u00e0 ed incisivit\u00e0 del concerto che ha catturato l\u2019attenzione di tutti, ha mostrato tutta l\u2019umilt\u00e0 e l\u2019esperienza del nostro pianista, commista a bravura e tecnica in una esecuzione perfetta, nonostante la sua giovane et\u00e0. In conclusione, il fiabesco Shubert,\u00a0 il noto tema zigano della danza ungherese di Brahms e Liszt, il pi\u00f9 grande virtuoso innovatore e creatore del poema sinfonico.<\/p>\n","protected":false},"excerpt":{"rendered":"<p><img loading=\"lazy\" decoding=\"async\" class=\" size-full wp-image-6798\" src=\"https:\/\/archivioturi.lavocedelpaese.info\/wp-content\/uploads\/2011\/08\/pianista.jpg\" width=\"320\" height=\"150\" alt=\"pianista\" srcset=\"https:\/\/archivioturi.lavocedelpaese.info\/wp-content\/uploads\/2011\/08\/pianista.jpg 640w, https:\/\/archivioturi.lavocedelpaese.info\/wp-content\/uploads\/2011\/08\/pianista-300x141.jpg 300w\" sizes=\"auto, (max-width: 320px) 100vw, 320px\" \/> <\/p>\n","protected":false},"author":1,"featured_media":6798,"comment_status":"open","ping_status":"closed","sticky":false,"template":"","format":"standard","meta":{"colormag_page_container_layout":"default_layout","colormag_page_sidebar_layout":"default_layout","footnotes":""},"categories":[6],"tags":[],"class_list":["post-6799","post","type-post","status-publish","format-standard","has-post-thumbnail","hentry","category-cultura"],"_links":{"self":[{"href":"https:\/\/archivioturi.lavocedelpaese.info\/index.php\/wp-json\/wp\/v2\/posts\/6799","targetHints":{"allow":["GET"]}}],"collection":[{"href":"https:\/\/archivioturi.lavocedelpaese.info\/index.php\/wp-json\/wp\/v2\/posts"}],"about":[{"href":"https:\/\/archivioturi.lavocedelpaese.info\/index.php\/wp-json\/wp\/v2\/types\/post"}],"author":[{"embeddable":true,"href":"https:\/\/archivioturi.lavocedelpaese.info\/index.php\/wp-json\/wp\/v2\/users\/1"}],"replies":[{"embeddable":true,"href":"https:\/\/archivioturi.lavocedelpaese.info\/index.php\/wp-json\/wp\/v2\/comments?post=6799"}],"version-history":[{"count":0,"href":"https:\/\/archivioturi.lavocedelpaese.info\/index.php\/wp-json\/wp\/v2\/posts\/6799\/revisions"}],"wp:featuredmedia":[{"embeddable":true,"href":"https:\/\/archivioturi.lavocedelpaese.info\/index.php\/wp-json\/wp\/v2\/media\/6798"}],"wp:attachment":[{"href":"https:\/\/archivioturi.lavocedelpaese.info\/index.php\/wp-json\/wp\/v2\/media?parent=6799"}],"wp:term":[{"taxonomy":"category","embeddable":true,"href":"https:\/\/archivioturi.lavocedelpaese.info\/index.php\/wp-json\/wp\/v2\/categories?post=6799"},{"taxonomy":"post_tag","embeddable":true,"href":"https:\/\/archivioturi.lavocedelpaese.info\/index.php\/wp-json\/wp\/v2\/tags?post=6799"}],"curies":[{"name":"wp","href":"https:\/\/api.w.org\/{rel}","templated":true}]}}