{"id":6795,"date":"2011-08-22T09:38:26","date_gmt":"2011-08-22T09:38:26","guid":{"rendered":"https:\/\/archivioturi.lavocedelpaese.info\/index.php\/2011\/08\/22\/santoronzo-2011-via-lasta\/"},"modified":"2011-08-22T09:38:26","modified_gmt":"2011-08-22T09:38:26","slug":"santoronzo-2011-via-lasta","status":"publish","type":"post","link":"https:\/\/archivioturi.lavocedelpaese.info\/index.php\/2011\/08\/22\/santoronzo-2011-via-lasta\/","title":{"rendered":"SANT&#8217;ORONZO 2011: VIA L\u2019ASTA"},"content":{"rendered":"<p><img loading=\"lazy\" decoding=\"async\" class=\" size-full wp-image-6793\" alt=\"portatori_santo_1\" height=\"150\" width=\"320\" src=\"https:\/\/archivioturi.lavocedelpaese.info\/wp-content\/uploads\/2011\/08\/portatori_santo_1.jpg\" srcset=\"https:\/\/archivioturi.lavocedelpaese.info\/wp-content\/uploads\/2011\/08\/portatori_santo_1.jpg 640w, https:\/\/archivioturi.lavocedelpaese.info\/wp-content\/uploads\/2011\/08\/portatori_santo_1-300x141.jpg 300w\" sizes=\"auto, (max-width: 320px) 100vw, 320px\" \/><\/p>\n<p><strong>Il 23 scadono le iscrizioni per i portatoti del Santo<\/strong><\/p>\n<p style=\"text-align: justify;\">\u00c8 questa la novit\u00e0 principale di quest\u2019anno. Inizialmente un po\u2019 turbolento a causa delle dimissioni dello storico Presidente Marinuccio Di Venere che insieme all\u2019aiuto di chi gli ha voluto veramente bene ed ha grande stima di lui, \u00e8 ritornato sui suoi passi temerario e risoluto come non mai: \u201cLa Festa si far\u00e0, alla faccia di chi ci vuole male!\u201d<\/p>\n<p style=\"text-align: justify;\">Per iniziare, il Presidente ha messo su un Comitato Feste Patronali molto affiatato, numeroso e con tante iniziative, ma soprattutto un Comitato \u201cgiovane\u201d,\u00a0 rinnovato in parte e grintoso. E le idee sono partite proprio dai giovani, a cominciare dall\u2019asta per i portatori del Santo il giorno della processione di gala del 26 agosto. Il Santo in spalla lo pu\u00f2 portare tutti coloro che lo desiderano, versando un contributo in denaro accessibile a tutti.<strong> Le iscrizioni sono aperte e chiunque fosse interessato pu\u00f2 rivolgersi al Comitato Feste Patronali, sito in Via Dogali 4, alle spalle della Chiesa Matrice, entro e non oltre il 23 agosto, oppure pu\u00f2 contattare personalmente il collaboratore Fabio Topputi al num. 346.67.07.738\u00a0 o il collaboratore Giovanni Settanni al num. 335.16.76.633 per spiegazioni in merito ed eventuali iscrizioni.<\/strong><\/p>\n<p style=\"text-align: justify;\">Per la sera del 24, giornata molto intensa per via della secolare fiera di Santa Lucia, \u00e8 prevista una riunione alle ore 19.00 che si terr\u00e0 presso la sede del Comitato, per stabilire eventuali gruppi e dare direttive in merito al vestiario idoneo da indossare per i portatori.<\/p>\n<p style=\"text-align: justify;\">Anche la gara dei fuochi pirotecnici \u00e8 stata modificata, appuntamento che ha fatto diventare Turi una delle citt\u00e0 pi\u00f9 rinomate in tutta Italia; infatti ad aprire la Festa il giorno 26 sar\u00e0 la Diana delle 7.00 in punto del mattino, successivamente quella di mezzogiorno, momento dell\u2019uscita del Santo Patrono dalla Chiesa Madre, e l\u2019ultima di mezzanotte a termine di una giornata satura di eventi, incendiati dalla ditta Bruscella. Soprattutto per questo giorno e per la sera del 26 si \u00e8 pensato bene di adibire un piccolo spazio in Piazza Moro riservato ai portatori di handicap, affinch\u00e9 possano ammirare comodamente e in maniera serena sia il lancio memorabile del pallone aerostatico offerto ogni anno con immensa devozione dalla falegnameria Di Venere Giammaria &amp; figli e l\u2019arrivo del carro che, con un corteo preceduto dall\u2019affascinante \u201ccavalcata storica\u201d dei bambini, dal cimitero arriver\u00e0 nella Piazza principale.<\/p>\n<p style=\"text-align: justify;\">Per non parlare delle varie band e spettacoli che si terranno in Piazza Silvio Orlandi quasi ogni giorno a partire da ferragosto. A chiudere la \u201cGrande Festa\u201d di 5 giorni intensi sar\u00e0 il mega concerto di Nek presso Largo Pozzi alle ore 22.00, libero a tutti, e che attirer\u00e0 moltissimi giovani provenienti da tutta Italia.<\/p>\n<p style=\"text-align: justify;\">Che dire??? Il Presidente Marinuccio ha vinto ancora!<\/p>\n<p style=\"text-align: justify;\"><img loading=\"lazy\" decoding=\"async\" class=\" size-full wp-image-6794\" alt=\"portatori_santo_2\" height=\"640\" width=\"447\" src=\"https:\/\/archivioturi.lavocedelpaese.info\/wp-content\/uploads\/2011\/08\/portatori_santo_2.jpg\" srcset=\"https:\/\/archivioturi.lavocedelpaese.info\/wp-content\/uploads\/2011\/08\/portatori_santo_2.jpg 447w, https:\/\/archivioturi.lavocedelpaese.info\/wp-content\/uploads\/2011\/08\/portatori_santo_2-210x300.jpg 210w\" sizes=\"auto, (max-width: 447px) 100vw, 447px\" \/><\/p>\n","protected":false},"excerpt":{"rendered":"<p><img loading=\"lazy\" decoding=\"async\" class=\" size-full wp-image-6793\" alt=\"portatori_santo_1\" height=\"150\" width=\"320\" src=\"https:\/\/archivioturi.lavocedelpaese.info\/wp-content\/uploads\/2011\/08\/portatori_santo_1.jpg\" srcset=\"https:\/\/archivioturi.lavocedelpaese.info\/wp-content\/uploads\/2011\/08\/portatori_santo_1.jpg 640w, https:\/\/archivioturi.lavocedelpaese.info\/wp-content\/uploads\/2011\/08\/portatori_santo_1-300x141.jpg 300w\" sizes=\"auto, (max-width: 320px) 100vw, 320px\" \/><\/p>\n","protected":false},"author":1,"featured_media":6793,"comment_status":"open","ping_status":"closed","sticky":false,"template":"","format":"standard","meta":{"colormag_page_container_layout":"default_layout","colormag_page_sidebar_layout":"default_layout","footnotes":""},"categories":[7],"tags":[],"class_list":["post-6795","post","type-post","status-publish","format-standard","has-post-thumbnail","hentry","category-attualita"],"_links":{"self":[{"href":"https:\/\/archivioturi.lavocedelpaese.info\/index.php\/wp-json\/wp\/v2\/posts\/6795","targetHints":{"allow":["GET"]}}],"collection":[{"href":"https:\/\/archivioturi.lavocedelpaese.info\/index.php\/wp-json\/wp\/v2\/posts"}],"about":[{"href":"https:\/\/archivioturi.lavocedelpaese.info\/index.php\/wp-json\/wp\/v2\/types\/post"}],"author":[{"embeddable":true,"href":"https:\/\/archivioturi.lavocedelpaese.info\/index.php\/wp-json\/wp\/v2\/users\/1"}],"replies":[{"embeddable":true,"href":"https:\/\/archivioturi.lavocedelpaese.info\/index.php\/wp-json\/wp\/v2\/comments?post=6795"}],"version-history":[{"count":0,"href":"https:\/\/archivioturi.lavocedelpaese.info\/index.php\/wp-json\/wp\/v2\/posts\/6795\/revisions"}],"wp:featuredmedia":[{"embeddable":true,"href":"https:\/\/archivioturi.lavocedelpaese.info\/index.php\/wp-json\/wp\/v2\/media\/6793"}],"wp:attachment":[{"href":"https:\/\/archivioturi.lavocedelpaese.info\/index.php\/wp-json\/wp\/v2\/media?parent=6795"}],"wp:term":[{"taxonomy":"category","embeddable":true,"href":"https:\/\/archivioturi.lavocedelpaese.info\/index.php\/wp-json\/wp\/v2\/categories?post=6795"},{"taxonomy":"post_tag","embeddable":true,"href":"https:\/\/archivioturi.lavocedelpaese.info\/index.php\/wp-json\/wp\/v2\/tags?post=6795"}],"curies":[{"name":"wp","href":"https:\/\/api.w.org\/{rel}","templated":true}]}}