{"id":677,"date":"2009-11-11T22:40:11","date_gmt":"2009-11-11T22:40:11","guid":{"rendered":"https:\/\/archivioturi.lavocedelpaese.info\/index.php\/2009\/11\/11\/una-pista-di-macchine-telecomandate\/"},"modified":"2009-11-11T22:40:11","modified_gmt":"2009-11-11T22:40:11","slug":"una-pista-di-macchine-telecomandate","status":"publish","type":"post","link":"https:\/\/archivioturi.lavocedelpaese.info\/index.php\/2009\/11\/11\/una-pista-di-macchine-telecomandate\/","title":{"rendered":"UNA PISTA DI MACCHINE TELECOMANDATE"},"content":{"rendered":"<p><img loading=\"lazy\" decoding=\"async\" class=\" alignleft size-full wp-image-676\" style=\"margin: 5px; float: left;\" alt=\"pista1\" src=\"https:\/\/archivioturi.lavocedelpaese.info\/wp-content\/uploads\/2009\/11\/pista1.jpg\" width=\"320\" height=\"156\" srcset=\"https:\/\/archivioturi.lavocedelpaese.info\/wp-content\/uploads\/2009\/11\/pista1.jpg 410w, https:\/\/archivioturi.lavocedelpaese.info\/wp-content\/uploads\/2009\/11\/pista1-300x146.jpg 300w\" sizes=\"auto, (max-width: 320px) 100vw, 320px\" \/> <\/p>\n<p>Da qualche settimana nei pressi di <strong>via Castellana<\/strong> si vedevano movimenti strani: ragazzi in un campo incolto intenti a maneggiare strani tubi colorati e ad arare il terreno.<\/p>\n<p>Siamo riusciti a capire finalmente di cosa si tratta.<\/p>\n<p>Un gruppo di <strong>20 amici turesi<\/strong>, tutti appassionati delle macchine telecomandate a benzina, hanno messo su una pista sulla quale far correre i propri modellini. Hanno utilizzato un terreno incolto privato, lo hanno arato e ripulito di tutte le pietre; dopodich\u00e9 \u00e8 stata progettata e realizzata la pista vera e propria con tubi di corrugato. Misura 262 metri ed occupa un&#8217;area di oltre 1500 metri quadri; \u00e8 interamente recintata e presenta un ampio parcheggio che la separa dalla strada.<\/p>\n<p>Siamo corsi sul posto a vedere in azione le &#8216;macchinine&#8217;, che nonostante le ridottissime dimensioni (si parla di modelli Buggy off Road 1\/8), raggiungono prestazioni inimmaginabili: <strong>velocit\u00e0 di punta di oltre 90 km orari, accelerazioni brucianti e capacit\u00e0 aeree fantastiche<\/strong>. Nella pista, infatti, sono state previste una serie di rampe, alte fino a 60 cm, che fanno letteralmente decollare le automobiline ad altezze di circa 3,5 metri, facendo coprire con un solo salto circa 10 metri.<\/p>\n<p>Nella pista possono correre contemporaneamente fino a 10 modellini.<\/p>\n<p>Tra pochi giorni arriveranno le &#8220;carte&#8221; che attesteranno la fondazione dell&#8217;<strong>Associazione Modellismo turese<\/strong>, e non l&#8217;Associazione Macchine Telecomandate, come erroneamente di pu\u00f2 pensare dalla sigla AMT.<\/p>\n<p>Nell&#8217;<strong>organigramma<\/strong> figureranno Paolo fanelli e Daniele Palmisano, nelle vesti di presidente e vice, Oronzo Di Pinto, segretario, e Domenico Spinelli, addetto alla sicurezza del circuito.<\/p>\n<p>Come ci spiega il futuro presidente dell&#8217;AMT, &#8220;<strong>il costo<\/strong> di tali gioiellini varia a seconda del modello base: si v\u00e0 dai 300 ai 600\u20ac. Poi ognuno modifica a proprio piacimento l&#8217;estetica e la componentistica della macchina per migliorarne le prestazioni&#8221;. Le macchinine funzionano con un motore a scoppio che va dai 2,5 ai 5,5 cm cubici di cilindrata, con tanto di marmitta e benzina dedicata (nitro metano).<\/p>\n<p>Il gruppo nasce come associazione no-profit, quindi <strong>non saranno organizzate gare<\/strong> e non sar\u00e0 concesso l&#8217;accesso al pubblico. Purtroppo non sar\u00e0 possibile neppure l&#8217;aggiunta di ulteriori componenti perch\u00e9 \u00e8 stato gi\u00e0 raggiunto il numero limite. Tuttavia sar\u00e0 sempre concesso sbirciare le acrobazie delle macchinine attraverso la recinzione. Per vederle in azione vi consigliamo di &#8220;affacciarvi&#8221; il sabato pomeriggio o la domenica. Il divertimento \u00e8 assicurato.<\/p>\n<p><em>Foto di Claudio Spada<\/em><\/p>\n<p>Visita http:\/\/picasaweb.google.it\/redazioneturiweb\/  2009\/pista{\/gallery}<\/p>\n","protected":false},"excerpt":{"rendered":"<p><img loading=\"lazy\" decoding=\"async\" class=\" alignleft size-full wp-image-676\" style=\"margin: 5px; float: left;\" alt=\"pista1\" src=\"https:\/\/archivioturi.lavocedelpaese.info\/wp-content\/uploads\/2009\/11\/pista1.jpg\" width=\"320\" height=\"156\" srcset=\"https:\/\/archivioturi.lavocedelpaese.info\/wp-content\/uploads\/2009\/11\/pista1.jpg 410w, https:\/\/archivioturi.lavocedelpaese.info\/wp-content\/uploads\/2009\/11\/pista1-300x146.jpg 300w\" sizes=\"auto, (max-width: 320px) 100vw, 320px\" \/> <\/p>\n","protected":false},"author":1,"featured_media":676,"comment_status":"open","ping_status":"closed","sticky":false,"template":"","format":"standard","meta":{"colormag_page_container_layout":"default_layout","colormag_page_sidebar_layout":"default_layout","footnotes":""},"categories":[7],"tags":[],"class_list":["post-677","post","type-post","status-publish","format-standard","has-post-thumbnail","hentry","category-attualita"],"_links":{"self":[{"href":"https:\/\/archivioturi.lavocedelpaese.info\/index.php\/wp-json\/wp\/v2\/posts\/677","targetHints":{"allow":["GET"]}}],"collection":[{"href":"https:\/\/archivioturi.lavocedelpaese.info\/index.php\/wp-json\/wp\/v2\/posts"}],"about":[{"href":"https:\/\/archivioturi.lavocedelpaese.info\/index.php\/wp-json\/wp\/v2\/types\/post"}],"author":[{"embeddable":true,"href":"https:\/\/archivioturi.lavocedelpaese.info\/index.php\/wp-json\/wp\/v2\/users\/1"}],"replies":[{"embeddable":true,"href":"https:\/\/archivioturi.lavocedelpaese.info\/index.php\/wp-json\/wp\/v2\/comments?post=677"}],"version-history":[{"count":0,"href":"https:\/\/archivioturi.lavocedelpaese.info\/index.php\/wp-json\/wp\/v2\/posts\/677\/revisions"}],"wp:featuredmedia":[{"embeddable":true,"href":"https:\/\/archivioturi.lavocedelpaese.info\/index.php\/wp-json\/wp\/v2\/media\/676"}],"wp:attachment":[{"href":"https:\/\/archivioturi.lavocedelpaese.info\/index.php\/wp-json\/wp\/v2\/media?parent=677"}],"wp:term":[{"taxonomy":"category","embeddable":true,"href":"https:\/\/archivioturi.lavocedelpaese.info\/index.php\/wp-json\/wp\/v2\/categories?post=677"},{"taxonomy":"post_tag","embeddable":true,"href":"https:\/\/archivioturi.lavocedelpaese.info\/index.php\/wp-json\/wp\/v2\/tags?post=677"}],"curies":[{"name":"wp","href":"https:\/\/api.w.org\/{rel}","templated":true}]}}