{"id":6767,"date":"2011-08-12T16:17:16","date_gmt":"2011-08-12T16:17:16","guid":{"rendered":"https:\/\/archivioturi.lavocedelpaese.info\/index.php\/2011\/08\/12\/la-formula-vincente-di-onofrio-resta\/"},"modified":"2011-08-12T16:17:16","modified_gmt":"2011-08-12T16:17:16","slug":"la-formula-vincente-di-onofrio-resta","status":"publish","type":"post","link":"https:\/\/archivioturi.lavocedelpaese.info\/index.php\/2011\/08\/12\/la-formula-vincente-di-onofrio-resta\/","title":{"rendered":"LA FORMULA VINCENTE E ALLA &#8216;MODA&#8217; DI ONOFRIO RESTA"},"content":{"rendered":"<p><img loading=\"lazy\" decoding=\"async\" class=\" size-full wp-image-6766\" alt=\"onofrio-resta-sfilata-moda-polignano\" height=\"150\" width=\"320\" src=\"https:\/\/archivioturi.lavocedelpaese.info\/wp-content\/uploads\/2011\/08\/onofrio-resta-sfilata-moda-polignano.jpg\" \/> <\/p>\n<p>MARKETING TERRITORIALE<\/p>\n<p><strong>LA SFILATA DI MODA A POLIGNANO E&#8217; STATA UN VERO SUCCESSO<\/strong><\/p>\n<p>\u00a0<\/p>\n<p style=\"text-align: justify;\">L\u2019assessore provinciale alle attivit\u00e0 produttive <strong>Onofrio Resta<\/strong> trionfa in quel di Polignano, grazie alla sfilata di moda \u2018Polignano Mod\u2019Amare\u2019 (serata condotta da Jo Squillo e Rosanna Cancellieri, Ron in concerto e tante altre sorprese, come in un grande variet\u00e0).<\/p>\n<p style=\"text-align: justify;\">Gli elementi che hanno determinato il successo: la collaborazione tra assessorato provinciale e ente locale, il marketing territoriale, <strong>il reale coinvolgimento delle medie e piccole imprese locali <\/strong>(reale coinvolgimento,\u00a0non come fa qualcuno abituato a decantarlo in campagna elettorale). E cos\u00ec, ora, a Polignano sono tutti felici.<\/p>\n<p style=\"text-align: justify;\">Nell\u2019intervista esclusiva pubblicata su La Voce del Paese (edizione Polignano), il professore-assessore fa una promessa anche per Turi, dove ci si interroga sul successo polignanese e ci si domanda perch\u00e9 non a Turi:<\/p>\n<p style=\"text-align: justify;\">\u201cLa sfilata di moda mare e intimo &#8211; spiega Resta &#8211; rientra in una operazione di <strong>marketing territoriale<\/strong>, per questo non si poteva fare a Turi, perch\u00e9 l\u2019evento deve essere in linea con il contesto paesaggistico. Non potevamo fare una manifestazione di intimo e mare a Turi, che di mare non ce n\u2019\u00e8.<\/p>\n<p style=\"text-align: justify;\">Dopo ferragosto torneremo a lavoro. Stiamo pensando di <strong>organizzare un evento simile anche a Turi<\/strong>. Il format sar\u00e0 lo stesso, cercheremo di individuare il settore d\u2019interesse (che non sar\u00e0 l&#8217;abbigliamento) e la location ideale.\u201d<\/p>\n<p style=\"text-align: justify;\"><strong>COSA HA FUNZIONATO<\/strong> &#8211; Della sfilata di moda ha funzionato tutto (tranne la pubblicit\u00e0), in particolare la formula e la scelta del posto, molto ampio e accogliente, occupato da migliaia di sedie e con una vista panoramica mozzafiato.<\/p>\n<p style=\"text-align: justify;\">\u201cTante piccole cose che messe insieme \u2013 commenta Resta ai nostri microfoni &#8211; hanno fatto un grande spettacolo, non solo di numeri ma anche di qualit\u00e0. Un vero spettacolo, con l\u2019isola dell\u2019Eremita vicina al carro di Carnevale, con pesci ed elementi che richiamano il mare. Sembrava di essere in quei posti che noi spesso vediamo in televisione. Nulla da invidiare rispetto a Capri e Positano, location dell\u2019alta moda\u201d.<\/p>\n<p style=\"text-align: justify;\">Il pubblico e le istituzioni hanno gradito lo spazio riservato alla <strong>solidariet\u00e0<\/strong>. Il prof. Resta \u00e8 intervenuto in qualit\u00e0 di medico, quando dal palco \u00e8 stato affrontato il tema della <strong>SLA<\/strong> (Sclerosi Laterale Amiotrofica), certamente non facile in un variet\u00e0 estivo.<\/p>\n<p style=\"text-align: justify;\">\u201cBisogna uscire dalla logica del palchetto con il cantante di grido \u2013 fa notare Resta \u2013 ma organizzare manifestazioni integrate che includono tutto, coinvolgendo anche gli sponsor, che a causa dei tempi ridotti non abbiamo raccolto. Queste manifestazioni sono a sostengo dell\u2019occupazione e della piccola-media impresa, degli operatori commerciali del e della nostra piccola e media impresa. Questo \u00e8 il marketing territoriale, che include tante realt\u00e0 locali e territoriali (in questo caso la cartapesta e il carnevale di Putignano, il mare e l\u2019abbigliamento di Polignano, la musica e le associazioni locali), e da qui bisogna ripartire per lo sviluppo.\u201d<\/p>\n<p><object data=\"https:\/\/picasaweb.google.com\/s\/c\/bin\/slideshow.swf\" type=\"application\/x-shockwave-flash\" height=\"550\" width=\"550\"><param name=\"flashvars\" value=\"host=picasaweb.google.com&amp;noautoplay=1&amp;hl=it&amp;feat=flashalbum&amp;RGB=0x000000&amp;feed=https%3A%2F%2Fpicasaweb.google.com%2Fdata%2Ffeed%2Fapi%2Fuser%2Fredazionepolignanoweb%2Falbumid%2F5640009617795348769%3Falt%3Drss%26kind%3Dphoto%26hl%3Dit\" \/><param name=\"src\" value=\"https:\/\/picasaweb.google.com\/s\/c\/bin\/slideshow.swf\" \/><\/object><\/p>\n","protected":false},"excerpt":{"rendered":"<p><img loading=\"lazy\" decoding=\"async\" class=\" size-full wp-image-6766\" alt=\"onofrio-resta-sfilata-moda-polignano\" height=\"150\" width=\"320\" src=\"https:\/\/archivioturi.lavocedelpaese.info\/wp-content\/uploads\/2011\/08\/onofrio-resta-sfilata-moda-polignano.jpg\" \/> <\/p>\n","protected":false},"author":1,"featured_media":6766,"comment_status":"open","ping_status":"closed","sticky":false,"template":"","format":"standard","meta":{"colormag_page_container_layout":"default_layout","colormag_page_sidebar_layout":"default_layout","footnotes":""},"categories":[7],"tags":[],"class_list":["post-6767","post","type-post","status-publish","format-standard","has-post-thumbnail","hentry","category-attualita"],"_links":{"self":[{"href":"https:\/\/archivioturi.lavocedelpaese.info\/index.php\/wp-json\/wp\/v2\/posts\/6767","targetHints":{"allow":["GET"]}}],"collection":[{"href":"https:\/\/archivioturi.lavocedelpaese.info\/index.php\/wp-json\/wp\/v2\/posts"}],"about":[{"href":"https:\/\/archivioturi.lavocedelpaese.info\/index.php\/wp-json\/wp\/v2\/types\/post"}],"author":[{"embeddable":true,"href":"https:\/\/archivioturi.lavocedelpaese.info\/index.php\/wp-json\/wp\/v2\/users\/1"}],"replies":[{"embeddable":true,"href":"https:\/\/archivioturi.lavocedelpaese.info\/index.php\/wp-json\/wp\/v2\/comments?post=6767"}],"version-history":[{"count":0,"href":"https:\/\/archivioturi.lavocedelpaese.info\/index.php\/wp-json\/wp\/v2\/posts\/6767\/revisions"}],"wp:featuredmedia":[{"embeddable":true,"href":"https:\/\/archivioturi.lavocedelpaese.info\/index.php\/wp-json\/wp\/v2\/media\/6766"}],"wp:attachment":[{"href":"https:\/\/archivioturi.lavocedelpaese.info\/index.php\/wp-json\/wp\/v2\/media?parent=6767"}],"wp:term":[{"taxonomy":"category","embeddable":true,"href":"https:\/\/archivioturi.lavocedelpaese.info\/index.php\/wp-json\/wp\/v2\/categories?post=6767"},{"taxonomy":"post_tag","embeddable":true,"href":"https:\/\/archivioturi.lavocedelpaese.info\/index.php\/wp-json\/wp\/v2\/tags?post=6767"}],"curies":[{"name":"wp","href":"https:\/\/api.w.org\/{rel}","templated":true}]}}