{"id":6745,"date":"2011-08-04T10:55:28","date_gmt":"2011-08-04T10:55:28","guid":{"rendered":"https:\/\/archivioturi.lavocedelpaese.info\/index.php\/2011\/08\/04\/consiglio-comunale-lex-ospedale-e-dellasl\/"},"modified":"2011-08-04T10:55:28","modified_gmt":"2011-08-04T10:55:28","slug":"consiglio-comunale-lex-ospedale-e-dellasl","status":"publish","type":"post","link":"https:\/\/archivioturi.lavocedelpaese.info\/index.php\/2011\/08\/04\/consiglio-comunale-lex-ospedale-e-dellasl\/","title":{"rendered":"CONSIGLIO COMUNALE: L\u2019EX OSPEDALE E\u2019 DELL\u2019ASL?"},"content":{"rendered":"<p><img loading=\"lazy\" decoding=\"async\" class=\" size-full wp-image-886\" alt=\"consiglio-comunale_copy\" height=\"150\" width=\"320\" src=\"https:\/\/archivioturi.lavocedelpaese.info\/wp-content\/uploads\/2009\/12\/consiglio-comunale_copy.jpg\" srcset=\"https:\/\/archivioturi.lavocedelpaese.info\/wp-content\/uploads\/2009\/12\/consiglio-comunale_copy.jpg 640w, https:\/\/archivioturi.lavocedelpaese.info\/wp-content\/uploads\/2009\/12\/consiglio-comunale_copy-300x141.jpg 300w\" sizes=\"auto, (max-width: 320px) 100vw, 320px\" \/><\/p>\n<p style=\"text-align: center;\"><strong><br \/>La propriet\u00e0 dell\u2019ex ospedale pu\u00f2 creare problemi ai finanziamenti del PIRP<\/strong><\/p>\n<p style=\"text-align: justify;\">Doveva essere un consiglio comunale di semplice routine, invece il consiglio che si \u00e8 tenuto il giorno 27\u00a0 ha avuto pi\u00f9 di un ostacolo. L\u2019ordine del giorno prevedeva la rimodulazione del progetto per la riqualificazione delle periferie di Turi, in area ex \u201cospedale\u201d. La semplice rimodulazione per\u00f2 ha trovato contraria l\u2019opposizione che aveva timore che eventuali pretese dell\u2019asl sull\u2019immobile avrebbero potuto bloccare tutto per anni.<\/p>\n<p style=\"text-align: justify;\"><strong>L\u2019ORDINE DEL GIORNO \u2013 <\/strong>Il consiglio comunale convocato in sessione straordinaria ed urgente, aveva come ordine del giorno l\u2019accordo di programma per la \u201crealizzazione del programma integrato di riqualificazione delle periferie di Turi\u201d (PIRP). Il progetto da 800 mila euro prevede la realizzazione nella zona del ex \u201cospedale\u201d in via Conversano dell\u2019abbatimento e risistemazione dell\u2019area a verde. Oltre a tale progetto ci potrebbe essere la disponibilit\u00e0 di un milione e 175 mila euro per la realizzazione di 12 alloggi di edilizia convenzionata.\u00a0 Tale progetto gi\u00e0 oggetto di un finanziamento da parte della regione Puglia con fondi europei, \u00e8 stato riformulato aggiungendo un\u2019area destinata ad \u201cattivit\u00e0 socio-sanitarie\u201d che sar\u00e0 ceduta all\u2019Asl; tale superficie sar\u00e0 recuperata dal 50% della zona destinata ad appartamenti. Gli alloggi invece di essere unit\u00e0 abitative di un solo piano, saranno realizzate su due piani.<\/p>\n<p style=\"text-align: justify;\"><strong>IL PROBLEMA<\/strong> \u2013 L\u2019area dell\u2019ex ospedale \u00e8 stata ceduta all\u2019asl dal comune di Turi nell\u201997 dall\u2019amministrazione Coppi, negli anni successivi la regione Puglia non ha mai acquisito l\u2019immobile. Nel \u201998 l\u2019amministrazione Stefanachi stipul\u00f2 con l\u2019azienda sanitaria un contratto di 10 anni per l\u2019utilizzo della struttura in comodato d\u2019uso. Il titolare del diritto di propriet\u00e0 dall\u2019area dall\u201997 \u00e8 avvolta da un alone di mistero. Sia l\u2019Asl che il comune di Turi rivendicano la propriet\u00e0 del bene. Secondo il segretario generale dott.ssa Aglana il comune di Turi \u00e8 proprietario dell\u2019area poich\u00e9 non \u00e8 mai stata acquisita nei beni della regione; perci\u00f2 tale area \u00e8 rimasta nella disponibilit\u00e0 del comune come dimostrano gli atti di varie amministrazioni nel corso degli anni. L\u2019amministrazione per evitare problemi ed eventuali contenziosi con l\u2019asl ha deciso di raggiungere un accordo con l\u2019azienda sanitaria locale, cedendogli un\u2019area di 1693 mq in cui costruir\u00e0 una struttura che raccoglier\u00e0 tutti i servizi ubicati nel comune di Turi.<\/p>\n<p style=\"text-align: justify;\"><strong>IL DIBATTITO<\/strong> \u2013 La consigliera Resta ha evidenziato che: \u201cuna rimodulazione del PIRP senza avere un accordo pi\u00f9 sicuro con l\u2019Asl \u00e8 un azzardo; sarebbe meglio avere una convenzione con l\u2019Asl prima di poter votare questa rimodulazione\u201d. In realt\u00e0 durante il consiglio si \u00e8 votato sulle linee guida per l\u2019eventuale stipula di un accordo con la Asl; questa \u00e8 stata la linea della maggioranza che per venire incontro alle preoccupazioni dell\u2019opposizione ha proposto un emendamento per salvaguardare il Comune affinch\u00e9 l\u2019Asl rinunci ad ogni contenzioso e forma risarcitoria contro Turi. \u00a0Tina Resta ha sottolineato come le problematiche evidenziate stanno snaturando il percorso del PIRP; tenendo in considerazione che le finalit\u00e0 di quell\u2019area sono la realizzazione di spazi sociali e di servizi per i disabili, le giovani coppie e gli anziani. La scelta di quell\u2019area era coerente con gli altri interventi di riqualificazione adiacenti ad essa: la pista ciclabile, il completamento dell\u2019asilo nido e la realizzazione del palazzetto dello sport. Conclude la Resta: \u201cSe si perdono di vista gli obiettivi del bando, quell\u2019area rischia di essere abbandonata a se stessa per gli anni a venire\u201d.<\/p>\n<p style=\"text-align: justify;\"><strong>LE DICHIARAZIONI DI VOTO<\/strong> \u2013 De Novellis dichiara che l\u2019Asl non ha nessun diritto di considerarsi proprietaria della suddetta area, perci\u00f2 ritiene che non si deve regalare niente a nessuno; l\u2019unica possibilit\u00e0 \u00e8 un accordo ventennale o trentennale. Il consigliere Petrera inizia il suo intervento evidenziando che il Sindaco Gigantelli sar\u00e0 ricordato come il Sindaco delle demolizioni: \u201cVuole demolire il cinema, l\u2019ospedale e l\u2019asilo\u201d. Anche Petrera come De Novellis non vuole cedere i suoli gratuitamente \u201call\u2019Asl di Putignano\u201d, perch\u00e9 i suoli secondo il consigliere sono nostri e tali devono rimanere. Il consigliere Ventrella invece evidenzia come non essendoci un parere legale e un certificato di agibilit\u00e0 l\u2019Asl non ha da rivendicare nessun diritto di propriet\u00e0 sull\u2019area; ed ironizza: \u201cPreferirei cedere quei suoli al comitato feste patronali, cos\u00ec che li possa usare per sparare i fuochi\u201d.<\/p>\n<p style=\"text-align: justify;\">Il resto dell\u2019opposizione (Resta, Leogrande, Perniola, Risplendente) rimane sulla linea della stipula di una convenzione prima di un accordo; visto che tale posizione non \u00e8 stata accettata dalla maggioranza, i quattro consiglieri decidono di abbandonare l\u2019aula. I consiglieri di maggioranza votano a favore, Ventrella e Petrera, rimasti in aula, votano contro.<\/p>\n","protected":false},"excerpt":{"rendered":"<p><img loading=\"lazy\" decoding=\"async\" class=\" size-full wp-image-886\" alt=\"consiglio-comunale_copy\" height=\"150\" width=\"320\" src=\"https:\/\/archivioturi.lavocedelpaese.info\/wp-content\/uploads\/2009\/12\/consiglio-comunale_copy.jpg\" srcset=\"https:\/\/archivioturi.lavocedelpaese.info\/wp-content\/uploads\/2009\/12\/consiglio-comunale_copy.jpg 640w, https:\/\/archivioturi.lavocedelpaese.info\/wp-content\/uploads\/2009\/12\/consiglio-comunale_copy-300x141.jpg 300w\" sizes=\"auto, (max-width: 320px) 100vw, 320px\" \/><\/p>\n","protected":false},"author":1,"featured_media":886,"comment_status":"open","ping_status":"closed","sticky":false,"template":"","format":"standard","meta":{"colormag_page_container_layout":"default_layout","colormag_page_sidebar_layout":"default_layout","footnotes":""},"categories":[4],"tags":[],"class_list":["post-6745","post","type-post","status-publish","format-standard","has-post-thumbnail","hentry","category-politica"],"_links":{"self":[{"href":"https:\/\/archivioturi.lavocedelpaese.info\/index.php\/wp-json\/wp\/v2\/posts\/6745","targetHints":{"allow":["GET"]}}],"collection":[{"href":"https:\/\/archivioturi.lavocedelpaese.info\/index.php\/wp-json\/wp\/v2\/posts"}],"about":[{"href":"https:\/\/archivioturi.lavocedelpaese.info\/index.php\/wp-json\/wp\/v2\/types\/post"}],"author":[{"embeddable":true,"href":"https:\/\/archivioturi.lavocedelpaese.info\/index.php\/wp-json\/wp\/v2\/users\/1"}],"replies":[{"embeddable":true,"href":"https:\/\/archivioturi.lavocedelpaese.info\/index.php\/wp-json\/wp\/v2\/comments?post=6745"}],"version-history":[{"count":0,"href":"https:\/\/archivioturi.lavocedelpaese.info\/index.php\/wp-json\/wp\/v2\/posts\/6745\/revisions"}],"wp:featuredmedia":[{"embeddable":true,"href":"https:\/\/archivioturi.lavocedelpaese.info\/index.php\/wp-json\/wp\/v2\/media\/886"}],"wp:attachment":[{"href":"https:\/\/archivioturi.lavocedelpaese.info\/index.php\/wp-json\/wp\/v2\/media?parent=6745"}],"wp:term":[{"taxonomy":"category","embeddable":true,"href":"https:\/\/archivioturi.lavocedelpaese.info\/index.php\/wp-json\/wp\/v2\/categories?post=6745"},{"taxonomy":"post_tag","embeddable":true,"href":"https:\/\/archivioturi.lavocedelpaese.info\/index.php\/wp-json\/wp\/v2\/tags?post=6745"}],"curies":[{"name":"wp","href":"https:\/\/api.w.org\/{rel}","templated":true}]}}