{"id":6711,"date":"2011-08-04T10:55:22","date_gmt":"2011-08-04T10:55:22","guid":{"rendered":"https:\/\/archivioturi.lavocedelpaese.info\/index.php\/2011\/08\/04\/smarrito-un-cane-a-turie-ritrovato\/"},"modified":"2011-08-04T10:55:22","modified_gmt":"2011-08-04T10:55:22","slug":"smarrito-un-cane-a-turie-ritrovato","status":"publish","type":"post","link":"https:\/\/archivioturi.lavocedelpaese.info\/index.php\/2011\/08\/04\/smarrito-un-cane-a-turie-ritrovato\/","title":{"rendered":"SMARRITO UN CANE A TURI&#8230;E RITROVATO"},"content":{"rendered":"<p><img loading=\"lazy\" decoding=\"async\" class=\" alignleft size-full wp-image-6707\" style=\"margin: 2px; float: left;\" alt=\"cane-smarrito\" src=\"https:\/\/archivioturi.lavocedelpaese.info\/wp-content\/uploads\/2011\/08\/cane-smarrito.jpg\" height=\"150\" width=\"320\" srcset=\"https:\/\/archivioturi.lavocedelpaese.info\/wp-content\/uploads\/2011\/08\/cane-smarrito.jpg 640w, https:\/\/archivioturi.lavocedelpaese.info\/wp-content\/uploads\/2011\/08\/cane-smarrito-300x141.jpg 300w\" sizes=\"auto, (max-width: 320px) 100vw, 320px\" \/> <\/p>\n<p style=\"text-align: justify;\">Sono bastate pochi minuti dalla pubblicazione dell&#8217;articolo per ritrovare il povero spank che per caso era finito proprio fra le braccia della nostra giornalista Monica Notarnicola:\u00a0\u201c\u00c9 da una settimana circa che avevo visto il cagnolino aggirarsi spaesato per via Santa Maria Assunta e via Monopoli, finch\u00e9 ho deciso di avvicinarlo con una ciotola di acqua ed una di cibo. Poi, ho chiamato la Polizia Municipale\u2026ma non era possibile venirlo a prendere da casa in seguito al serio problema del sovraccarico del canile sanitario. Oggi, con grande gioia, ho visto le foto di Spank su Turiweb ed i miei amici lo porteranno dalla sua padrona. Non riuscivo ad immaginare lo stato d\u2019animo d\u2019angoscia in cui potevano trovarsi i proprietari\u2026\u201d<\/p>\n<p style=\"text-align: justify;\"><img loading=\"lazy\" decoding=\"async\" class=\" size-full wp-image-6708\" src=\"https:\/\/archivioturi.lavocedelpaese.info\/wp-content\/uploads\/2011\/08\/Foto-spank-monica.jpg\" width=\"660\" height=\"880\" alt=\"Foto-spank-monica\" srcset=\"https:\/\/archivioturi.lavocedelpaese.info\/wp-content\/uploads\/2011\/08\/Foto-spank-monica.jpg 660w, https:\/\/archivioturi.lavocedelpaese.info\/wp-content\/uploads\/2011\/08\/Foto-spank-monica-225x300.jpg 225w\" sizes=\"auto, (max-width: 660px) 100vw, 660px\" \/><\/p>\n<p style=\"text-align: justify;\">_________<\/p>\n<p style=\"text-align: justify;\">Da alcuni giorni si \u00e8 smarrito un piccolo incrocio spinone di colore beige. Il suo nome \u00e8 Spank e purtroppo si \u00e8 allontanato da solo senza fare ritorno. E\u2019 un cane estremamente buono con chi non lo aggredisce ed il modo per avvicinarlo \u00e8 dargli qualcosa da mangiare o usare l\u2019espressione \u201clo vuoi un biscottino?\u201d.<\/p>\n<p style=\"text-align: justify;\">Chiunque abbia visto o ritrovato Spank pu\u00f2 mettersi in contatto con la redazione de La Voce del Paese.<\/p>\n<p style=\"text-align: justify;\"><img loading=\"lazy\" decoding=\"async\" class=\" size-full wp-image-6709\" alt=\"cane-smarrito-bis\" src=\"https:\/\/archivioturi.lavocedelpaese.info\/wp-content\/uploads\/2011\/08\/cane-smarrito-bis.jpg\" height=\"480\" width=\"640\" srcset=\"https:\/\/archivioturi.lavocedelpaese.info\/wp-content\/uploads\/2011\/08\/cane-smarrito-bis.jpg 640w, https:\/\/archivioturi.lavocedelpaese.info\/wp-content\/uploads\/2011\/08\/cane-smarrito-bis-300x225.jpg 300w\" sizes=\"auto, (max-width: 640px) 100vw, 640px\" \/><\/p>\n<p style=\"text-align: justify;\"><img loading=\"lazy\" decoding=\"async\" class=\" size-full wp-image-6710\" alt=\"cane-smarrito-tris\" src=\"https:\/\/archivioturi.lavocedelpaese.info\/wp-content\/uploads\/2011\/08\/cane-smarrito-tris.jpg\" height=\"480\" width=\"640\" srcset=\"https:\/\/archivioturi.lavocedelpaese.info\/wp-content\/uploads\/2011\/08\/cane-smarrito-tris.jpg 640w, https:\/\/archivioturi.lavocedelpaese.info\/wp-content\/uploads\/2011\/08\/cane-smarrito-tris-300x225.jpg 300w\" sizes=\"auto, (max-width: 640px) 100vw, 640px\" \/><\/p>\n","protected":false},"excerpt":{"rendered":"<p><img loading=\"lazy\" decoding=\"async\" class=\" alignleft size-full wp-image-6707\" style=\"margin: 2px; float: left;\" alt=\"cane-smarrito\" src=\"https:\/\/archivioturi.lavocedelpaese.info\/wp-content\/uploads\/2011\/08\/cane-smarrito.jpg\" height=\"150\" width=\"320\" srcset=\"https:\/\/archivioturi.lavocedelpaese.info\/wp-content\/uploads\/2011\/08\/cane-smarrito.jpg 640w, https:\/\/archivioturi.lavocedelpaese.info\/wp-content\/uploads\/2011\/08\/cane-smarrito-300x141.jpg 300w\" sizes=\"auto, (max-width: 320px) 100vw, 320px\" \/> <\/p>\n","protected":false},"author":1,"featured_media":6707,"comment_status":"open","ping_status":"closed","sticky":false,"template":"","format":"standard","meta":{"colormag_page_container_layout":"default_layout","colormag_page_sidebar_layout":"default_layout","footnotes":""},"categories":[9],"tags":[],"class_list":["post-6711","post","type-post","status-publish","format-standard","has-post-thumbnail","hentry","category-la-voce-del-paese"],"_links":{"self":[{"href":"https:\/\/archivioturi.lavocedelpaese.info\/index.php\/wp-json\/wp\/v2\/posts\/6711","targetHints":{"allow":["GET"]}}],"collection":[{"href":"https:\/\/archivioturi.lavocedelpaese.info\/index.php\/wp-json\/wp\/v2\/posts"}],"about":[{"href":"https:\/\/archivioturi.lavocedelpaese.info\/index.php\/wp-json\/wp\/v2\/types\/post"}],"author":[{"embeddable":true,"href":"https:\/\/archivioturi.lavocedelpaese.info\/index.php\/wp-json\/wp\/v2\/users\/1"}],"replies":[{"embeddable":true,"href":"https:\/\/archivioturi.lavocedelpaese.info\/index.php\/wp-json\/wp\/v2\/comments?post=6711"}],"version-history":[{"count":0,"href":"https:\/\/archivioturi.lavocedelpaese.info\/index.php\/wp-json\/wp\/v2\/posts\/6711\/revisions"}],"wp:featuredmedia":[{"embeddable":true,"href":"https:\/\/archivioturi.lavocedelpaese.info\/index.php\/wp-json\/wp\/v2\/media\/6707"}],"wp:attachment":[{"href":"https:\/\/archivioturi.lavocedelpaese.info\/index.php\/wp-json\/wp\/v2\/media?parent=6711"}],"wp:term":[{"taxonomy":"category","embeddable":true,"href":"https:\/\/archivioturi.lavocedelpaese.info\/index.php\/wp-json\/wp\/v2\/categories?post=6711"},{"taxonomy":"post_tag","embeddable":true,"href":"https:\/\/archivioturi.lavocedelpaese.info\/index.php\/wp-json\/wp\/v2\/tags?post=6711"}],"curies":[{"name":"wp","href":"https:\/\/api.w.org\/{rel}","templated":true}]}}