{"id":6685,"date":"2011-07-28T20:42:25","date_gmt":"2011-07-28T20:42:25","guid":{"rendered":"https:\/\/archivioturi.lavocedelpaese.info\/index.php\/2011\/07\/28\/chi-si-rivede-il-campo-sportivo\/"},"modified":"2011-07-28T20:42:25","modified_gmt":"2011-07-28T20:42:25","slug":"chi-si-rivede-il-campo-sportivo","status":"publish","type":"post","link":"https:\/\/archivioturi.lavocedelpaese.info\/index.php\/2011\/07\/28\/chi-si-rivede-il-campo-sportivo\/","title":{"rendered":"CHI SI RIVEDE: IL CAMPO SPORTIVO!"},"content":{"rendered":"<p><img loading=\"lazy\" decoding=\"async\" class=\" alignleft size-full wp-image-6684\" style=\"margin: 2px; float: left;\" alt=\"campo-sportivo-turi-bis\" src=\"https:\/\/archivioturi.lavocedelpaese.info\/wp-content\/uploads\/2011\/07\/campo-sportivo-turi-bis.jpg\" height=\"150\" width=\"320\" srcset=\"https:\/\/archivioturi.lavocedelpaese.info\/wp-content\/uploads\/2011\/07\/campo-sportivo-turi-bis.jpg 640w, https:\/\/archivioturi.lavocedelpaese.info\/wp-content\/uploads\/2011\/07\/campo-sportivo-turi-bis-300x141.jpg 300w\" sizes=\"auto, (max-width: 320px) 100vw, 320px\" \/> <\/p>\n<p style=\"text-align: justify;\">Sono finalmente iniziati i lavori di ristrutturazione del campo sportivo comunale di Turi, dopo che la giunta aveva approvato a fine aprile un progetto che prevedeva lo stanziamento di circa 25 mila euro per rendere agibile e fruibile il campo sportivo. Tale progetto prevede in particolare la sistemazione delle panchine, della recinzione e, soprattutto, del terreno di gioco. Da qualche giorno una ditta locale, che ha vinto la gara d\u2019appalto, ha cominciato a bonificare tutta l\u2019area interna ed esterna dell\u2019impianto sportivo. Il campo da gioco infatti in questi anni di totale abbandono si era trasformato in un campo incolto con erbacce che raggiungevano anche i due metri d\u2019altezza. La situazione era davvero drammatica e triste, in particolare per chi su quel campo ha passato la propria infanzia.<\/p>\n<div style=\"text-align: justify;\"><\/div>\n<p style=\"text-align: justify;\">In realt\u00e0 circa quattro anni fa sul campo sportivo erano gi\u00e0 stati fatti dei lavori di ristrutturazione che hanno visto l\u2019ampliamento ed il rifacimento degli spogliatoi, nonch\u00e9 il rifacimento \u201cdiscutibile\u201d dei campi di tennis e di basket-volley. Dopo quei lavori \u00e8 stata fatta l\u2019inaugurazione dell\u2019impianto sportivo, che poi \u00e8 stata data in gestione con il vincolo di non poter usufruire del campo di calcio visto che era in totale abbandono. Quindi avevamo finalmente degli spogliatoi nuovi, ma non si poteva giocare a calcio. Nel frattempo la scuola calcio ha iniziato ad usufruire del campo di calcio a 5 per effettuare gli allenamenti, ma anche l\u00ec, va detto, il campo da gioco andrebbe cambiato. Come si suol dire tiriamo avanti fin quando si pu\u00f2.<\/p>\n<div style=\"text-align: justify;\"><\/div>\n<p style=\"text-align: justify;\">Quando si \u00e8 arrivati al punto di vedere la delibera per ristrutturare il campo? La situazione \u00e8 stata presa di petto da un genitore, Milko Iacovazzi (uno che su quel campo \u00e8 nato veramente), che, stufo di vedere il figlio giocare in una struttura con un alto potenziale ma ridotta in un piccolo ghetto, si \u00e8 attivato per dare una scossa all\u2019indifferenza quasi totale della gente, chiamando in causa alcuni assessori, portandoli direttamente presso l\u2019impianto sportivo, in modo da far vedere la gravit\u00e0 della situazione. Effettivamente la sua azione ha prodotto in questi mesi i risultati sperati ed il solo fatto di non vedere il campo con le erbacce alte d\u00e0 un senso di civilt\u00e0 all\u2019impianto stesso. Ovviamente per ora si \u00e8 proceduto soltanto a tagliare l\u2019erba sul campo, ma ben presto verr\u00e0 rimessa la sabbia che permetter\u00e0 a qualsiasi societ\u00e0 di poter svolgere l\u2019attivit\u00e0 sportiva. I dubbi per i post-lavori permangono, perch\u00e9 i lavori di manutenzione dovranno essere effettuati con regolarit\u00e0, ma per ora ci accontentiamo per quello che \u00e8 stato fatto e per quello che si far\u00e0 nei prossimi giorni. Noi continueremo a seguire l\u2019evolversi di questa vicenda annosa e complicata, ma che di complicato non avrebbe nulla se ci fosse una politica sportiva.<\/p>\n<div style=\"text-align: justify;\"><\/div>\n<p style=\"text-align: justify;\">La redazione ringrazia Milko Iacovazzi per il materiale fotografico fornito.<\/p>\n<p style=\"text-align: justify;\"><embed type=\"application\/x-shockwave-flash\" src=\"https:\/\/picasaweb.google.com\/s\/c\/bin\/slideshow.swf\" width=\"660\" height=\"660\" flashvars=\"host=picasaweb.google.com&#038;hl=it&#038;feat=flashalbum&#038;RGB=0x000000&#038;feed=https%3A%2F%2Fpicasaweb.google.com%2Fdata%2Ffeed%2Fapi%2Fuser%2Fredazioneturiweb%2Falbumid%2F5634507083388479777%3Falt%3Drss%26kind%3Dphoto%26hl%3Dit\" pluginspage=\"http:\/\/www.macromedia.com\/go\/getflashplayer\"><\/embed><\/p>\n","protected":false},"excerpt":{"rendered":"<p><img loading=\"lazy\" decoding=\"async\" class=\" alignleft size-full wp-image-6684\" style=\"margin: 2px; float: left;\" alt=\"campo-sportivo-turi-bis\" src=\"https:\/\/archivioturi.lavocedelpaese.info\/wp-content\/uploads\/2011\/07\/campo-sportivo-turi-bis.jpg\" height=\"150\" width=\"320\" srcset=\"https:\/\/archivioturi.lavocedelpaese.info\/wp-content\/uploads\/2011\/07\/campo-sportivo-turi-bis.jpg 640w, https:\/\/archivioturi.lavocedelpaese.info\/wp-content\/uploads\/2011\/07\/campo-sportivo-turi-bis-300x141.jpg 300w\" sizes=\"auto, (max-width: 320px) 100vw, 320px\" \/> <\/p>\n","protected":false},"author":1,"featured_media":6684,"comment_status":"open","ping_status":"closed","sticky":false,"template":"","format":"standard","meta":{"colormag_page_container_layout":"default_layout","colormag_page_sidebar_layout":"default_layout","footnotes":""},"categories":[7],"tags":[],"class_list":["post-6685","post","type-post","status-publish","format-standard","has-post-thumbnail","hentry","category-attualita"],"_links":{"self":[{"href":"https:\/\/archivioturi.lavocedelpaese.info\/index.php\/wp-json\/wp\/v2\/posts\/6685","targetHints":{"allow":["GET"]}}],"collection":[{"href":"https:\/\/archivioturi.lavocedelpaese.info\/index.php\/wp-json\/wp\/v2\/posts"}],"about":[{"href":"https:\/\/archivioturi.lavocedelpaese.info\/index.php\/wp-json\/wp\/v2\/types\/post"}],"author":[{"embeddable":true,"href":"https:\/\/archivioturi.lavocedelpaese.info\/index.php\/wp-json\/wp\/v2\/users\/1"}],"replies":[{"embeddable":true,"href":"https:\/\/archivioturi.lavocedelpaese.info\/index.php\/wp-json\/wp\/v2\/comments?post=6685"}],"version-history":[{"count":0,"href":"https:\/\/archivioturi.lavocedelpaese.info\/index.php\/wp-json\/wp\/v2\/posts\/6685\/revisions"}],"wp:featuredmedia":[{"embeddable":true,"href":"https:\/\/archivioturi.lavocedelpaese.info\/index.php\/wp-json\/wp\/v2\/media\/6684"}],"wp:attachment":[{"href":"https:\/\/archivioturi.lavocedelpaese.info\/index.php\/wp-json\/wp\/v2\/media?parent=6685"}],"wp:term":[{"taxonomy":"category","embeddable":true,"href":"https:\/\/archivioturi.lavocedelpaese.info\/index.php\/wp-json\/wp\/v2\/categories?post=6685"},{"taxonomy":"post_tag","embeddable":true,"href":"https:\/\/archivioturi.lavocedelpaese.info\/index.php\/wp-json\/wp\/v2\/tags?post=6685"}],"curies":[{"name":"wp","href":"https:\/\/api.w.org\/{rel}","templated":true}]}}