{"id":6665,"date":"2011-07-21T01:05:16","date_gmt":"2011-07-21T01:05:16","guid":{"rendered":"https:\/\/archivioturi.lavocedelpaese.info\/index.php\/2011\/07\/21\/turi-e-il-canto-lirico-un-sogno-che-si-realizza\/"},"modified":"2011-07-21T01:05:16","modified_gmt":"2011-07-21T01:05:16","slug":"turi-e-il-canto-lirico-un-sogno-che-si-realizza","status":"publish","type":"post","link":"https:\/\/archivioturi.lavocedelpaese.info\/index.php\/2011\/07\/21\/turi-e-il-canto-lirico-un-sogno-che-si-realizza\/","title":{"rendered":"TURI E IL CANTO LIRICO. UN SOGNO CHE SI REALIZZA"},"content":{"rendered":"<p><img loading=\"lazy\" decoding=\"async\" class=\" alignleft size-full wp-image-6664\" style=\"margin: 2px; float: left;\" alt=\"foto-chi-e-di-scena-boc\" src=\"https:\/\/archivioturi.lavocedelpaese.info\/wp-content\/uploads\/2011\/07\/foto-chi-e-di-scena-boc.jpg\" height=\"150\" width=\"320\" srcset=\"https:\/\/archivioturi.lavocedelpaese.info\/wp-content\/uploads\/2011\/07\/foto-chi-e-di-scena-boc.jpg 640w, https:\/\/archivioturi.lavocedelpaese.info\/wp-content\/uploads\/2011\/07\/foto-chi-e-di-scena-boc-300x141.jpg 300w\" sizes=\"auto, (max-width: 320px) 100vw, 320px\" \/><\/p>\n<p style=\"text-align: justify;\">\u201cMaster del bel canto\u201d. Cos\u00ec si intitola il master presentato in conferenza stampa nel pomeriggio di gioved\u00ec 14 in sala consiliare del Comune di Turi.<\/p>\n<div style=\"text-align: justify;\"><\/div>\n<p style=\"text-align: justify;\">Organizzato dall\u2019Accademia \u201cChi \u00e8 di Scena!?\u201d ed organizzato dal 16 al 19 agosto a Turi, il master preveder\u00e0 la collaborazione del maestro Roberto De Candia, reduce da numerosi successi a livello nazionale ed internazionale.<\/p>\n<div style=\"text-align: justify;\"><\/div>\n<p style=\"text-align: justify;\">A presentare il progetto, realizzato in collaborazione con il Comune di Turi, la Provincia di Bari, la regione Puglia e la Pro Loco di Turi, il maestro e fondatore dell\u2019accademia di musica e danza, il M\u00b0 Ferdinando Redavid. Il corso di perfezionamento vocale e del repertorio vedr\u00e0 l\u2019assistenza della maestra Antonietta Cozzoli, soprano e docente del Conservatorio barese. \u201cNonostante il cartellone prevede come ultima data quella del 20 agosto &#8211; spiega il maestro Redavid \u2013 l\u2019ultima serata sar\u00e0 il 19 e in quella occasione tutti gli studenti del master potranno esibirsi in una orchestra diretta dalla maestra Dominga Damato\u201d.<\/p>\n<p style=\"text-align: justify;\">Il master, rivolto a tutti gli studenti e i diplomati in Canto lirico italiani e stranieri, chiuder\u00e0 le iscrizioni il 5 agosto e sar\u00e0 interamente svolto presso la sede dell\u2019Associazione turese. \u201cRingrazio tutti coloro che mi hanno supportato in questo progetto, tutto i maestri dell\u2019Accademia, Tina Resta per il supporto morale e tutti coloro, dalla Provincia alla Regione, che hanno contribuito a realizzare questo grande sogno. Importante \u2013 prosegue il maestro Redavid &#8211; \u00e8 il sostegno finanziario che ci giunger\u00e0 dalla Provincia che ci permetter\u00e0 di avere a Turi un\u2019intera orchestra, tutta composta da donne e delle borse di studio per gli stessi studenti\u201d.<\/p>\n<p style=\"text-align: justify;\">Opportunit\u00e0 di crescita e di formazione, sostenuta dallo stesso Maestro De Candia che, molfettese, conserva il ricordo delle opportunit\u00e0 che sin da giovane gli sono state offerte per maturare e raccogliere un\u2019esperienza ventennale come baritono. \u201cNecessario il supporto delle istituzioni per dare maggiore forza e vigore alla passione dei giovani musicisti e artisti. Attraverso queste opportunit\u00e0 i giovani possono sperare di intraprendere nuovi percorsi occupazionali, inseguendo e migliorando, continuamente, i propri interessi\u201d \u2013 ha commentato De Candia.<\/p>\n<div style=\"text-align: justify;\"><\/div>\n<p style=\"text-align: justify;\">\u201cLa musica \u00e8 cultura e importante \u00e8 rischiare per poter raggiungere dei risultati\u201d sostiene il rappresentante regionale, rafforzato dalle parole della consigliera di minoranza Tina Resta che guarda al Master come una opportunit\u00e0 differente dalle altre per i ragazzi. \u201cOccasione di crescita, di ricerca, di confronto e di studio per una crescita di interessi e la formazione di occasioni future rare in questo periodo storico. Ferdinando Redavid \u00e8 un esempio di artista che \u00e8 riuscito a coltivare e far crescere un sogno perch\u00e9, anche se arduo, se \u00e8 di qualit\u00e0, allora \u00e8 sicuramente un successo\u201d.<\/p>\n<div style=\"text-align: justify;\"><\/div>\n<p style=\"text-align: justify;\">Un ringraziamento collettivo del maestro Redavid a tutti i partecipanti e gli intervenuti alla conferenza ha chiuso la presentazione, salutando tutti e invitandoli a prendere visione della realizzazione del Master e della sua serata conclusiva.<\/p>\n<p><embed type=\"application\/x-shockwave-flash\" src=\"https:\/\/picasaweb.google.com\/s\/c\/bin\/slideshow.swf\" width=\"660\" height=\"660\" flashvars=\"host=picasaweb.google.com&#038;hl=it&#038;feat=flashalbum&#038;RGB=0x000000&#038;feed=https%3A%2F%2Fpicasaweb.google.com%2Fdata%2Ffeed%2Fapi%2Fuser%2Fredazioneturiweb%2Falbumid%2F5631442163645827969%3Falt%3Drss%26kind%3Dphoto%26hl%3Dit\" pluginspage=\"http:\/\/www.macromedia.com\/go\/getflashplayer\"><\/embed><\/p>\n","protected":false},"excerpt":{"rendered":"<p><img loading=\"lazy\" decoding=\"async\" class=\" alignleft size-full wp-image-6664\" style=\"margin: 2px; float: left;\" alt=\"foto-chi-e-di-scena-boc\" src=\"https:\/\/archivioturi.lavocedelpaese.info\/wp-content\/uploads\/2011\/07\/foto-chi-e-di-scena-boc.jpg\" height=\"150\" width=\"320\" srcset=\"https:\/\/archivioturi.lavocedelpaese.info\/wp-content\/uploads\/2011\/07\/foto-chi-e-di-scena-boc.jpg 640w, https:\/\/archivioturi.lavocedelpaese.info\/wp-content\/uploads\/2011\/07\/foto-chi-e-di-scena-boc-300x141.jpg 300w\" sizes=\"auto, (max-width: 320px) 100vw, 320px\" \/><\/p>\n","protected":false},"author":1,"featured_media":6664,"comment_status":"open","ping_status":"closed","sticky":false,"template":"","format":"standard","meta":{"colormag_page_container_layout":"default_layout","colormag_page_sidebar_layout":"default_layout","footnotes":""},"categories":[7],"tags":[],"class_list":["post-6665","post","type-post","status-publish","format-standard","has-post-thumbnail","hentry","category-attualita"],"_links":{"self":[{"href":"https:\/\/archivioturi.lavocedelpaese.info\/index.php\/wp-json\/wp\/v2\/posts\/6665","targetHints":{"allow":["GET"]}}],"collection":[{"href":"https:\/\/archivioturi.lavocedelpaese.info\/index.php\/wp-json\/wp\/v2\/posts"}],"about":[{"href":"https:\/\/archivioturi.lavocedelpaese.info\/index.php\/wp-json\/wp\/v2\/types\/post"}],"author":[{"embeddable":true,"href":"https:\/\/archivioturi.lavocedelpaese.info\/index.php\/wp-json\/wp\/v2\/users\/1"}],"replies":[{"embeddable":true,"href":"https:\/\/archivioturi.lavocedelpaese.info\/index.php\/wp-json\/wp\/v2\/comments?post=6665"}],"version-history":[{"count":0,"href":"https:\/\/archivioturi.lavocedelpaese.info\/index.php\/wp-json\/wp\/v2\/posts\/6665\/revisions"}],"wp:featuredmedia":[{"embeddable":true,"href":"https:\/\/archivioturi.lavocedelpaese.info\/index.php\/wp-json\/wp\/v2\/media\/6664"}],"wp:attachment":[{"href":"https:\/\/archivioturi.lavocedelpaese.info\/index.php\/wp-json\/wp\/v2\/media?parent=6665"}],"wp:term":[{"taxonomy":"category","embeddable":true,"href":"https:\/\/archivioturi.lavocedelpaese.info\/index.php\/wp-json\/wp\/v2\/categories?post=6665"},{"taxonomy":"post_tag","embeddable":true,"href":"https:\/\/archivioturi.lavocedelpaese.info\/index.php\/wp-json\/wp\/v2\/tags?post=6665"}],"curies":[{"name":"wp","href":"https:\/\/api.w.org\/{rel}","templated":true}]}}