{"id":6661,"date":"2011-07-19T23:43:56","date_gmt":"2011-07-19T23:43:56","guid":{"rendered":"https:\/\/archivioturi.lavocedelpaese.info\/index.php\/2011\/07\/19\/mi-chiamo-mimi-e-sto-al-canile-di-turi\/"},"modified":"2011-07-19T23:43:56","modified_gmt":"2011-07-19T23:43:56","slug":"mi-chiamo-mimi-e-sto-al-canile-di-turi","status":"publish","type":"post","link":"https:\/\/archivioturi.lavocedelpaese.info\/index.php\/2011\/07\/19\/mi-chiamo-mimi-e-sto-al-canile-di-turi\/","title":{"rendered":"MI CHIAMO MIMI E STO AL CANILE  DI  TURI\u2026"},"content":{"rendered":"<p><img loading=\"lazy\" decoding=\"async\" class=\" alignleft size-full wp-image-6660\" style=\"margin: 2px; float: left;\" alt=\"mimi\" src=\"https:\/\/archivioturi.lavocedelpaese.info\/wp-content\/uploads\/2011\/07\/mimi.jpg\" height=\"150\" width=\"320\" srcset=\"https:\/\/archivioturi.lavocedelpaese.info\/wp-content\/uploads\/2011\/07\/mimi.jpg 640w, https:\/\/archivioturi.lavocedelpaese.info\/wp-content\/uploads\/2011\/07\/mimi-300x141.jpg 300w\" sizes=\"auto, (max-width: 320px) 100vw, 320px\" \/> <\/p>\n<p style=\"text-align: justify;\">Molte cose non le ricordo, forse le ho rimosse per poter sopravvivere, ma qualcuna mi segue e mi ossessiona, credo che non me ne potr\u00f2 liberare mai: l&#8217;odore della sua pelle stanca quando rientrava la sera dopo una lunghissima giornata di lavoro nei campi&#8230;non mi guardava neppure, no, niente, solo incontri di occhi per caso, io s\u00ec, lo fissavo, lo seguivo, cercavo un sorriso che non \u00e8 arrivato mai.<\/p>\n<p style=\"text-align: justify;\">Dopo un po&#8217; che ero l\u00ec, sono diventata mamma: che esperienza! Avevo paura, pensavo che non ce l&#8217;avrei fatta, ero sola, ma&#8230;\u00e8 successo tutto cos\u00ec in fretta, uno dopo l&#8217;altro son venuti al mondo i miei cuccioli, belli, davvero belli, molto pi\u00f9 di me. S\u00ec, certo un po&#8217; me li sono goduti, li ho allattati, non saprei quanto, ma un tempo che a me \u00e8 sembrato poco, pochissimo&#8230;poi, un giorno che credevo bello, sul calar della notte, lui mi ha presa, io ho pensato che finalmente fosse arrivato il momento di godere di una passeggiata insieme, una carezza, un po&#8217; d&#8217;amore&#8230;..mi ha fatta salire in macchina, abbiamo raggiunto un posto buio e sconosciuto, mi ha fatta scendere, in tutta fretta mi ha legata con un filo di ferro ad un cancello pregno di disperazione, tra urla disperate ed \u00e8 andato via.<\/p>\n<p style=\"text-align: justify;\">Io ho provato a fermarlo, ho gridato con tutta la mia forza, poi ci ho messo un attimo a capire tutto, a capire che la mia vita era finita: non l&#8217;avrei pi\u00f9 rivisto, non avrei mai pi\u00f9 avuto cura dei miei piccoli&#8230;povere creature, non ce l&#8217;avrebbero fatta. Non ho parole per raccontarvi il dolore che si prova ad essere abbandonati da chi si ama pi\u00f9 della propria vita, a dover accettare una scelta cos\u00ec insensata senza poter fare nulla&#8230; Quella \u00e8 stata la notte pi\u00f9 lunga e pi\u00f9 buia della mia vita. Il giorno dopo ho incontrato altri odori, mani che finalmente mi hanno accarezzata con affetto, ma &#8230;non erano le sue, le sue non le avrei sognate mai pi\u00f9. Col tempo il dolore si \u00e8 attenuato, ma la tristezza mai, e le mie creature e lui ho dovuto strapparmeli dal cuore, perch\u00e8 non avevo scelta, nessuna scelta, neppure quella di non vivere pi\u00f9.<\/p>\n<p style=\"text-align: justify;\">E ora sono qui, in compagnia di altri disperati come me, ognuno con la propria dolorosa storia, ognuno col proprio doloroso racconto d&#8217;amore e d&#8217;abbandono&#8230;grati solo a quelle mani che con tanto amore mi accolsero all&#8217;alba della mia nuova vita e che ancora mi accarezzano&#8230;ma io vorrei tanto avere una casetta tutta mia, un umano tutto mio, la sofferenza non mi ha incattivita, sono dolcissima, amo passeggiare e amo i bambini.<\/p>\n<p style=\"text-align: justify;\">C&#8217;\u00e8 qualcuno tra voi che voglia regalarmi un po&#8217; di felicit\u00e0? Mi chiamo Mimi, senza accento, sono stata sterilizzata, ho il microchip, sono sanissima e mi trovo al canile di Turi, ma se volete gi\u00e0 domani posso essere con voi.<br \/> Vi prego, non voltate lo sguardo anche voi&#8230;<\/p>\n","protected":false},"excerpt":{"rendered":"<p><img loading=\"lazy\" decoding=\"async\" class=\" alignleft size-full wp-image-6660\" style=\"margin: 2px; float: left;\" alt=\"mimi\" src=\"https:\/\/archivioturi.lavocedelpaese.info\/wp-content\/uploads\/2011\/07\/mimi.jpg\" height=\"150\" width=\"320\" srcset=\"https:\/\/archivioturi.lavocedelpaese.info\/wp-content\/uploads\/2011\/07\/mimi.jpg 640w, https:\/\/archivioturi.lavocedelpaese.info\/wp-content\/uploads\/2011\/07\/mimi-300x141.jpg 300w\" sizes=\"auto, (max-width: 320px) 100vw, 320px\" \/> <\/p>\n","protected":false},"author":1,"featured_media":6660,"comment_status":"open","ping_status":"closed","sticky":false,"template":"","format":"standard","meta":{"colormag_page_container_layout":"default_layout","colormag_page_sidebar_layout":"default_layout","footnotes":""},"categories":[7],"tags":[],"class_list":["post-6661","post","type-post","status-publish","format-standard","has-post-thumbnail","hentry","category-attualita"],"_links":{"self":[{"href":"https:\/\/archivioturi.lavocedelpaese.info\/index.php\/wp-json\/wp\/v2\/posts\/6661","targetHints":{"allow":["GET"]}}],"collection":[{"href":"https:\/\/archivioturi.lavocedelpaese.info\/index.php\/wp-json\/wp\/v2\/posts"}],"about":[{"href":"https:\/\/archivioturi.lavocedelpaese.info\/index.php\/wp-json\/wp\/v2\/types\/post"}],"author":[{"embeddable":true,"href":"https:\/\/archivioturi.lavocedelpaese.info\/index.php\/wp-json\/wp\/v2\/users\/1"}],"replies":[{"embeddable":true,"href":"https:\/\/archivioturi.lavocedelpaese.info\/index.php\/wp-json\/wp\/v2\/comments?post=6661"}],"version-history":[{"count":0,"href":"https:\/\/archivioturi.lavocedelpaese.info\/index.php\/wp-json\/wp\/v2\/posts\/6661\/revisions"}],"wp:featuredmedia":[{"embeddable":true,"href":"https:\/\/archivioturi.lavocedelpaese.info\/index.php\/wp-json\/wp\/v2\/media\/6660"}],"wp:attachment":[{"href":"https:\/\/archivioturi.lavocedelpaese.info\/index.php\/wp-json\/wp\/v2\/media?parent=6661"}],"wp:term":[{"taxonomy":"category","embeddable":true,"href":"https:\/\/archivioturi.lavocedelpaese.info\/index.php\/wp-json\/wp\/v2\/categories?post=6661"},{"taxonomy":"post_tag","embeddable":true,"href":"https:\/\/archivioturi.lavocedelpaese.info\/index.php\/wp-json\/wp\/v2\/tags?post=6661"}],"curies":[{"name":"wp","href":"https:\/\/api.w.org\/{rel}","templated":true}]}}