{"id":6612,"date":"2011-07-12T15:31:34","date_gmt":"2011-07-12T15:31:34","guid":{"rendered":"https:\/\/archivioturi.lavocedelpaese.info\/index.php\/2011\/07\/12\/galleria-pericolo-crollo\/"},"modified":"2011-07-12T15:31:34","modified_gmt":"2011-07-12T15:31:34","slug":"galleria-pericolo-crollo","status":"publish","type":"post","link":"https:\/\/archivioturi.lavocedelpaese.info\/index.php\/2011\/07\/12\/galleria-pericolo-crollo\/","title":{"rendered":"GALLERIA: PERICOLO CROLLO"},"content":{"rendered":"<p><img loading=\"lazy\" decoding=\"async\" class=\" size-full wp-image-6611\" src=\"https:\/\/archivioturi.lavocedelpaese.info\/wp-content\/uploads\/2011\/07\/cantina_106.jpg\" width=\"320\" height=\"150\" alt=\"cantina_106\" srcset=\"https:\/\/archivioturi.lavocedelpaese.info\/wp-content\/uploads\/2011\/07\/cantina_106.jpg 640w, https:\/\/archivioturi.lavocedelpaese.info\/wp-content\/uploads\/2011\/07\/cantina_106-300x141.jpg 300w\" sizes=\"auto, (max-width: 320px) 100vw, 320px\" \/><\/p>\n<p style=\"text-align: justify;\">\u201cTale situazione \u00e8 divenuta ormai insostenibile sia per problemi di origine igienico \u2013 sanitario, sia per le situazioni di estremo rischio che possono originarsi come crolli e\/o cedimenti.<\/p>\n<p style=\"text-align: justify;\">Onde evitare simili eventi si \u00e8 provveduto a puntellare la cantinola\u201d.<\/p>\n<p style=\"text-align: justify;\">Cos\u00ec si legge nella lettera che in data 10 settembre 2010 \u00e8 stata protocollata al sindaco del Comune di Turi e al Capo Settore ai Lavori Pubblici, Arch. Susca.<\/p>\n<p style=\"text-align: justify;\">A scriverla, il proprietario di una cantina sita nell\u2019immobile di via G. Elefante, adiacente alla galleria che collega la stessa strada a via XX Settembre. Il problema, come ci spiga lo stesso, \u00e8 stato messo in luce circa sei anni fa, da quando il locale del nostro lettore \u00e8 divenuto inagibile. Preoccupante, continua lo stesso, non \u00e8 tanto lo stato di deterioramento della mia cantina, quanto \u201cla sicurezza della stessa galleria sovrastante, la cui pavimentazione potrebbe cedere da un momento all\u2019altro\u201d.<\/p>\n<p style=\"text-align: justify;\">Un intervento urgente \u00e8 anche espresso nella documentazione inviata dall\u2019Arch. Susca in data 18 dicembre 2008 al Comune di Turi, all\u2019Amministratore di condominio, al capo settore dell\u2019Urbanistica e alla Polizia Municipale. Si legge infatti: \u201c[\u2026] si dovr\u00e0 intervenire con urgenza mediante un primo intervento di puntellamento e interventi volti a rinforzare e risanare il solaio\u201d. Prosegue descrivendo la necessit\u00e0 di \u201cpredisporre un adeguato sistema di smaltimento delle acque meteoriche e una verifica della impermeabilizzazione sottostante la pavimentazione esistente\u201d. Opere che quindi dovevano, sin dal dicembre 2008, risolvere la sistemazione del solaio e la pavimentazione della galleria. Dalle immagini \u00e8 possibile comprendere le copiose infiltrazioni di umidit\u00e0 e lo stato di disgregazione non solo dell\u2019intonaco, ma degli stessi elementi strutturali di un solaio di propriet\u00e0 condominiale ma che rappresenta la pavimentazione della galleria di uso pubblico.<\/p>\n<p style=\"text-align: justify;\">Dalle perizie tecniche eseguite sia dal consulente nominato dal giudice e sia da un privato nominato dallo stesso proprietario della cantina, \u00e8 risultata la necessit\u00e0 di un intervento immediato e di estrema importanza per la collettivit\u00e0, per scongiurare episodi di gravi entit\u00e0. \u201cI fenomeni descritti \u2013 si legge nel testo \u2013 sono causati da infiltrazioni di acqua proveniente dalla sovrastante copertura che costituisce il calpestio della galleria\u201d. Continua: \u201cTali infiltrazioni sono dovute, presumibilmente, ad una insufficiente o assente impermeabilizzazione della pavimentazione della galleria\u201d.<\/p>\n<p style=\"text-align: justify;\">Questa, impiegata spesso dai ragazzi per giocare e dai pedoni per raggiungere le due vie parallele, necessita di un\u2019azione di \u201cmanutenzione straordinaria al fine di migliorare il deflusso delle acque piovane nella pubblica fogna e impermeabilizzazione dell\u2019intera superficie della galleria per bloccare le infiltrazioni. [\u2026] Occorre rifare il solaio di copertura della cantina, che risulta essere irrecuperabile, e l\u2019intonaco delle pareti ad avvenuta prosciugatura delle stesse.\u201d<\/p>\n<p style=\"text-align: justify;\">\u00c8 incerta, come si legge dai documenti comunali, la tempistica dell\u2019azione, e questo rende evidente il timore del proprietario e degli stessi residenti di un possibile e non augurabile crollo della pavimentazione. L\u2019auspicio \u00e8 quindi che presto si possa rimediare a questa comune preoccupazione e si possa percorrere la galleria nella totale sicurezza e tranquillit\u00e0.<\/p>\n<p><object data=\"https:\/\/picasaweb.google.com\/s\/c\/bin\/slideshow.swf\" type=\"application\/x-shockwave-flash\" height=\"660\" width=\"660\"><param name=\"flashvars\" value=\"host=picasaweb.google.com&amp;hl=it&amp;feat=flashalbum&amp;RGB=0x000000&amp;feed=https%3A%2F%2Fpicasaweb.google.com%2Fdata%2Ffeed%2Fapi%2Fuser%2Fredazioneturiweb%2Falbumid%2F5628117091577250209%3Falt%3Drss%26kind%3Dphoto%26authkey%3DGv1sRgCIX6sq27ieG8Iw%26hl%3Dit\" \/><param name=\"src\" value=\"https:\/\/picasaweb.google.com\/s\/c\/bin\/slideshow.swf\" \/><\/object><\/p>\n","protected":false},"excerpt":{"rendered":"<p><img loading=\"lazy\" decoding=\"async\" class=\" size-full wp-image-6611\" src=\"https:\/\/archivioturi.lavocedelpaese.info\/wp-content\/uploads\/2011\/07\/cantina_106.jpg\" width=\"320\" height=\"150\" alt=\"cantina_106\" srcset=\"https:\/\/archivioturi.lavocedelpaese.info\/wp-content\/uploads\/2011\/07\/cantina_106.jpg 640w, https:\/\/archivioturi.lavocedelpaese.info\/wp-content\/uploads\/2011\/07\/cantina_106-300x141.jpg 300w\" sizes=\"auto, (max-width: 320px) 100vw, 320px\" \/><\/p>\n","protected":false},"author":1,"featured_media":6611,"comment_status":"open","ping_status":"closed","sticky":false,"template":"","format":"standard","meta":{"colormag_page_container_layout":"default_layout","colormag_page_sidebar_layout":"default_layout","footnotes":""},"categories":[7],"tags":[],"class_list":["post-6612","post","type-post","status-publish","format-standard","has-post-thumbnail","hentry","category-attualita"],"_links":{"self":[{"href":"https:\/\/archivioturi.lavocedelpaese.info\/index.php\/wp-json\/wp\/v2\/posts\/6612","targetHints":{"allow":["GET"]}}],"collection":[{"href":"https:\/\/archivioturi.lavocedelpaese.info\/index.php\/wp-json\/wp\/v2\/posts"}],"about":[{"href":"https:\/\/archivioturi.lavocedelpaese.info\/index.php\/wp-json\/wp\/v2\/types\/post"}],"author":[{"embeddable":true,"href":"https:\/\/archivioturi.lavocedelpaese.info\/index.php\/wp-json\/wp\/v2\/users\/1"}],"replies":[{"embeddable":true,"href":"https:\/\/archivioturi.lavocedelpaese.info\/index.php\/wp-json\/wp\/v2\/comments?post=6612"}],"version-history":[{"count":0,"href":"https:\/\/archivioturi.lavocedelpaese.info\/index.php\/wp-json\/wp\/v2\/posts\/6612\/revisions"}],"wp:featuredmedia":[{"embeddable":true,"href":"https:\/\/archivioturi.lavocedelpaese.info\/index.php\/wp-json\/wp\/v2\/media\/6611"}],"wp:attachment":[{"href":"https:\/\/archivioturi.lavocedelpaese.info\/index.php\/wp-json\/wp\/v2\/media?parent=6612"}],"wp:term":[{"taxonomy":"category","embeddable":true,"href":"https:\/\/archivioturi.lavocedelpaese.info\/index.php\/wp-json\/wp\/v2\/categories?post=6612"},{"taxonomy":"post_tag","embeddable":true,"href":"https:\/\/archivioturi.lavocedelpaese.info\/index.php\/wp-json\/wp\/v2\/tags?post=6612"}],"curies":[{"name":"wp","href":"https:\/\/api.w.org\/{rel}","templated":true}]}}