{"id":66,"date":"2009-07-10T14:53:06","date_gmt":"2009-07-10T14:53:06","guid":{"rendered":"https:\/\/archivioturi.lavocedelpaese.info\/index.php\/2009\/07\/10\/resta-il-peggior-sindaco-di-sempre\/"},"modified":"2009-07-10T14:53:06","modified_gmt":"2009-07-10T14:53:06","slug":"resta-il-peggior-sindaco-di-sempre","status":"publish","type":"post","link":"https:\/\/archivioturi.lavocedelpaese.info\/index.php\/2009\/07\/10\/resta-il-peggior-sindaco-di-sempre\/","title":{"rendered":"RESTA? IL PEGGIOR SINDACO DI SEMPRE"},"content":{"rendered":"<p><img loading=\"lazy\" decoding=\"async\" class=\" size-full wp-image-65\" alt=\"tundo\" src=\"https:\/\/archivioturi.lavocedelpaese.info\/wp-content\/uploads\/2009\/07\/tundo.jpg\" width=\"320\" height=\"156\" \/> <\/p>\n<p><\/p>\n<h3>LE REAZIONI DI PAOLO TUNDO ALLA NOMINA DI RESTA<\/h3>\n<p style=\"text-align: justify;\">\u201c<strong>Onofrio Resta<\/strong> assessore alla provincia? Me l\u2019aspettavo, era abbastanza prevedibile. Il gruppo di <strong>Tato Greco <\/strong>e<strong> Matarrese<\/strong> con La Puglia prima di Tutto \u00e8 riuscito a eleggere tre consiglieri. Quindi&#8230;\u201d.<br \/>I commenti a caldo sono di <strong>Paolo Tundo<\/strong>, assessore al comune di Turi, diretto avversario del noto pneumologo, plurivotato ma non eletto nell\u2019ultima tornata elettorale.<\/p>\n<p>Non mancano le prime reazioni dal mondo politico e istituzionale, i vocifera in citt\u00e0. La giunta provinciale Schittulli ora \u00e8 al completo, al dott. Resta vanno le<strong> Attivit\u00e0 Produttive e Sviluppo<\/strong>, un assessorato chiave per l\u2019economia del Sud Est Barese.<br \/>Raggiunto telefonicamente, Tundo sembra essersi ripreso dalla \u201cbatosta elettorale\u201d: \u201cprendo la vita con serenit\u00e0!\u201d ha esclamato serafico.<\/p>\n<p>Le prime frasi quasi sussurrate, poi ci \u00e8 bastato nominare Resta. A quel punto spara, dapprima augurando \u201cdi vero cuore\u201d un felice mandato al neoassessore provinciale. E&#8217; solo apparenza perch\u00e8, poi dar\u00e0 sfogo alle sue considerazioni di riguardo, non proprio indulgenti: \u201c<strong>A Turi, Onofrio \u00e8 stato il peggior sindaco di sempre<\/strong>. La sua giunta dur\u00f2 appena due anni, dopodich\u00e9 a met\u00e0 del <strong>1991<\/strong> fu cacciato e sfiduciato per incapacit\u00e0 nella gestione della cosa pubblica, per aver disastrato l&#8217;economia e per concessioni edilizie prima date e poi subito ritirate, a seguito delle indagini della magistratura. E\u2019 stato sfiduciato dal dott. <strong>Valentini<\/strong>, l\u2019uomo forte dell\u2019epoca, da <strong>Petrera <\/strong>e ancora dall\u2019Ing. <strong>Lozupone<\/strong>, a causa dei guasti sociali provocati a Turi. Ha lasciato terra bruciata\u201d.<\/p>\n<h4><strong>MANTENGA IL PATTO CON GLI ELETTORI<\/strong><\/h4>\n<p style=\"text-align: justify;\">Corre come un treno Paolo, combattuto tra rabbia per \u201cla mia occasione persa\u201d e speranza \u201cper il futuro della nostra citt\u00e0\u201d.<\/p>\n<p>Alla storia delle divise regalate si trincera dietro un inquieto e tribolante <em>no comment<\/em>, tra il dico e non dico ma, il treno si arresta: \u201cE\u2019 un problema che non mi riguarda, piuttosto dimostri seriet\u00e0 e mantenga le promesse. Disse dal palco, durante la campagna elettorale, che qualora la comunit\u00e0 lo avesse eletto avrebbe ceduto la sua indennit\u00e0 di assessore alla gente che soffre. Lo dimostri. Ammonter\u00e0 all\u2019incirca a <strong>3mila euro al mese <\/strong>il compenso, non so bene, ma dovrebbe quantomeno mantenere le promesse e rispettare il patto stretto con gli elettori\u201d.<\/p>\n<p>Le conclusioni sono ancora in agrodolce: \u201cGli auguro il meglio, spero per la crescita e lo sviluppo di Turi e della nostra provincia che non si comporti come quando ha fatto il sindaco; per carit\u00e0, \u00e8 stato un totale fallimento. In provincia di Bari ci sono forti disagi sociali, mentre la disoccupazione dilaga. Sono questi i problemi che contano adesso\u201d.<\/p>\n<div style=\"text-align: justify;\"><a href=\"archivio\/Politica\/PAOLO-TUNDO-RINGRAZIA.-L-AMMINISTRAZIONE-POTEVA-FARE-DI-PIU.html?phpMyAdmin=249be9a92230f4edfb2945ad723064de\">VEDI ANCHE DICHIARAZIONI TUNDO DOPO IL RISULTATO<\/a><\/div>\n<div style=\"text-align: justify;\"><\/div>\n<div style=\"text-align: justify;\"><a href=\"archivio\/Politica\/ONOFRIO-RESTA-HA-CENTRATO-L-IMPRESA-CHI-DOVEVA-PERDERE-HA-PERSO.html?phpMyAdmin=249be9a92230f4edfb2945ad723064de\">VEDI INTERVISTA ONOFRIO RESTA<\/a><\/div>\n<div style=\"text-align: justify;\"><a href=\"index.php?option=com_content&amp;view=article&amp;id=345;onofrio-resta-assessore-provinciale&amp;catid=20;slide&amp;Itemid=7\">VEDI NUOVA GIUNTA SCHITTULLI<\/a><\/div>\n<div style=\"text-align: justify;\"><\/div>\n<div style=\"text-align: justify;\"><\/div>\n","protected":false},"excerpt":{"rendered":"<p><img loading=\"lazy\" decoding=\"async\" class=\" size-full wp-image-65\" alt=\"tundo\" src=\"https:\/\/archivioturi.lavocedelpaese.info\/wp-content\/uploads\/2009\/07\/tundo.jpg\" width=\"320\" height=\"156\" \/> <\/p>\n","protected":false},"author":1,"featured_media":65,"comment_status":"open","ping_status":"closed","sticky":false,"template":"","format":"standard","meta":{"colormag_page_container_layout":"default_layout","colormag_page_sidebar_layout":"default_layout","footnotes":""},"categories":[4],"tags":[],"class_list":["post-66","post","type-post","status-publish","format-standard","has-post-thumbnail","hentry","category-politica"],"_links":{"self":[{"href":"https:\/\/archivioturi.lavocedelpaese.info\/index.php\/wp-json\/wp\/v2\/posts\/66","targetHints":{"allow":["GET"]}}],"collection":[{"href":"https:\/\/archivioturi.lavocedelpaese.info\/index.php\/wp-json\/wp\/v2\/posts"}],"about":[{"href":"https:\/\/archivioturi.lavocedelpaese.info\/index.php\/wp-json\/wp\/v2\/types\/post"}],"author":[{"embeddable":true,"href":"https:\/\/archivioturi.lavocedelpaese.info\/index.php\/wp-json\/wp\/v2\/users\/1"}],"replies":[{"embeddable":true,"href":"https:\/\/archivioturi.lavocedelpaese.info\/index.php\/wp-json\/wp\/v2\/comments?post=66"}],"version-history":[{"count":0,"href":"https:\/\/archivioturi.lavocedelpaese.info\/index.php\/wp-json\/wp\/v2\/posts\/66\/revisions"}],"wp:featuredmedia":[{"embeddable":true,"href":"https:\/\/archivioturi.lavocedelpaese.info\/index.php\/wp-json\/wp\/v2\/media\/65"}],"wp:attachment":[{"href":"https:\/\/archivioturi.lavocedelpaese.info\/index.php\/wp-json\/wp\/v2\/media?parent=66"}],"wp:term":[{"taxonomy":"category","embeddable":true,"href":"https:\/\/archivioturi.lavocedelpaese.info\/index.php\/wp-json\/wp\/v2\/categories?post=66"},{"taxonomy":"post_tag","embeddable":true,"href":"https:\/\/archivioturi.lavocedelpaese.info\/index.php\/wp-json\/wp\/v2\/tags?post=66"}],"curies":[{"name":"wp","href":"https:\/\/api.w.org\/{rel}","templated":true}]}}