{"id":6598,"date":"2011-07-11T17:41:09","date_gmt":"2011-07-11T17:41:09","guid":{"rendered":"https:\/\/archivioturi.lavocedelpaese.info\/index.php\/2011\/07\/11\/qui-al-sud-e-tutto-tremendamente-piu-difficile\/"},"modified":"2011-07-11T17:41:09","modified_gmt":"2011-07-11T17:41:09","slug":"qui-al-sud-e-tutto-tremendamente-piu-difficile","status":"publish","type":"post","link":"https:\/\/archivioturi.lavocedelpaese.info\/index.php\/2011\/07\/11\/qui-al-sud-e-tutto-tremendamente-piu-difficile\/","title":{"rendered":"\u201cAL SUD \u00c8 TUTTO PI\u00d9 DIFFICILE\u201d"},"content":{"rendered":"<p><img loading=\"lazy\" decoding=\"async\" class=\" size-full wp-image-6596\" alt=\"gepi_piccolo\" height=\"150\" width=\"320\" src=\"https:\/\/archivioturi.lavocedelpaese.info\/wp-content\/uploads\/2011\/07\/gepi_piccolo.jpg\" srcset=\"https:\/\/archivioturi.lavocedelpaese.info\/wp-content\/uploads\/2011\/07\/gepi_piccolo.jpg 640w, https:\/\/archivioturi.lavocedelpaese.info\/wp-content\/uploads\/2011\/07\/gepi_piccolo-300x141.jpg 300w\" sizes=\"auto, (max-width: 320px) 100vw, 320px\" \/><\/p>\n<p style=\"text-align: justify;\">\u201cC\u2019\u00e8 un grande prato verde dove nascono speranze che si chiamano ragazzi\u2026\u201d Chi non ricorda questa canzona di Morandi? La sentiamo canticchiare ancora oggi, ma non solo dai \u201cvecchi\u201d, ma anche dai \u201cgiovani\u201d. In questo prato verde si giocava a pallone, si sogna che un giorno \u2026 ma \u201cuno su mille ce la fa\u201d.<\/p>\n<p style=\"text-align: justify;\">Ebbene, quell\u2019uno su mille \u00e8 Gepi Pugliese, nato a Turi il 4 novembre 1983.<\/p>\n<p><img loading=\"lazy\" decoding=\"async\" class=\" alignright size-full wp-image-6597\" src=\"https:\/\/archivioturi.lavocedelpaese.info\/wp-content\/uploads\/2011\/07\/156754_176768109018819_148616895167274_531728_906488_n.jpg\" width=\"367\" height=\"464\" alt=\"156754_176768109018819_148616895167274_531728_906488_n\" style=\"margin-top: 10px; margin-bottom: 10px; margin-left: 10px; float: right;\" srcset=\"https:\/\/archivioturi.lavocedelpaese.info\/wp-content\/uploads\/2011\/07\/156754_176768109018819_148616895167274_531728_906488_n.jpg 367w, https:\/\/archivioturi.lavocedelpaese.info\/wp-content\/uploads\/2011\/07\/156754_176768109018819_148616895167274_531728_906488_n-237x300.jpg 237w\" sizes=\"auto, (max-width: 367px) 100vw, 367px\" \/><\/p>\n<div style=\"text-align: justify;\">Da piccolo capivi a pelle che alla sfera di cuoio dava del Tu. Sognava lui, sognavamo noi. Il sogno si \u00e8 realizzato e il vecchio prof. gli propone un compito a casa.<\/div>\n<p>\u00a0<\/p>\n<p style=\"text-align: justify;\">Vediamo come se la cava.<\/p>\n<p style=\"text-align: justify;\"><strong>All\u2019et\u00e0 di 7 anni hai letto il giuramento del 1\u00b0 Memorial \u201cOronzo Pugliese in compagnia di Carrera, ex calciatore del Bari e della Juventus. Ricordi quel momento? Segno del destino?<\/strong><\/p>\n<p style=\"text-align: justify;\">\u201cEro ancora un ragazzino, 6-7 anni all\u2019incirca e avevo l\u2019emozione per il mio primo impatto con il mondo del calcio avanzato. \u00c8 stato forse un segnale o un segno del destino che ricordo con molto piacere\u201d.<\/p>\n<p style=\"text-align: justify;\"><strong>Come ricordi e cosa ti ha lasciato l\u2019esperienza della Scuola Calcio a Turi?<\/strong><\/p>\n<p style=\"text-align: justify;\">\u201c\u00c8 partito tutto da l\u00ec, dalla scuola calcio di Nino Marotti con la spensieratezza nel gioco e con il sogno di diventare calciatore, come tutti i bambini. Ho tantissimi ricordi che mi porto dentro. Giocare con i tuoi amici d\u2019infanzia \u00e8 bellissimo e divertentissimo\u201d.<\/p>\n<p style=\"text-align: justify;\"><strong>A.S. Turi, Conversano, Esperia Monopoli, Club Paradiso Turi, Pro Giovent\u00f9 Noicattaro tante tappe sino a sedici anni dai \u201dpulcini\u201d agli \u201callievi\u201d regionali. Tutte esperienze positive?<\/strong><\/p>\n<p style=\"text-align: justify;\">\u201cSenza dubbio. Tutte esperienze positive che hanno arricchito il mio bagaglio calcistico e umano. Ci sono state anche delusioni, sconfitte ovviamente, ma sono servite anche quelle\u201d.<\/p>\n<p style=\"text-align: justify;\"><strong>All\u2019et\u00e0 di 13 anni al torneo internazionale \u201cAtri Cup\u201d mister Bersellini si espresse in modo entusiasmante sul tuo essere \u201cgiovane\u201d calciatore, perch\u00e9 sei esploso a 24 anni?<\/strong><\/p>\n<p style=\"text-align: justify;\">\u00a0<\/p>\n<p style=\"text-align: justify;\">\u201cSono \u2018esploso\u2019 a 24 anni perch\u00e9 qui al sud \u00e8 tutto tremendamente pi\u00f9 difficile. Son partito dall\u2019eccellenza e ho dovuto scalare tutte le categorie per arrivare dove sono ora\u201d.<\/p>\n<p style=\"text-align: justify;\"><strong>Per Sciannimanico, osservatore del Bari, non eri una speranza calcistica. Cosa rispondi ora?<\/strong><\/p>\n<p style=\"text-align: justify;\">\u201cCiascuno di noi ha la propria opinione e un personale criterio di giudizio. \u00c8 importante mantenere il rispetto nonostante la diversit\u00e0 di pensiero. A distanza di molti anni me lo sono ritrovato allenatore a Monopoli (C2) e ho avuto un ottimo rapporto &#8230; Si \u00e8 ricreduto e questa \u00e8 una bella soddisfazione\u201d.<\/p>\n<p style=\"text-align: justify;\"><strong>Tra Verona e Varese hai notato differenza di \u201cfare\u201d calcio tra Nord e Sud?<\/strong><\/p>\n<p style=\"text-align: justify;\">\u201cRispetto al Sud, al Nord c\u2019\u00e8 meno agonismo, si trovano campi un po\u2019 meno caldi e al Nord ci sono pi\u00f9 soldi, questo \u00e8 innegabile\u201d.<\/p>\n<p style=\"text-align: justify;\"><strong>Raccontami un episodio positivo e uno negativo nella tua lunga carriera.<\/strong><\/p>\n<p style=\"text-align: justify;\">\u201cPositivo: Goal all\u2019Albinoleffe, primo Goal in serie B.<\/p>\n<p style=\"text-align: justify;\">Negativo: Sconfitta al Bentegodi con 28.000 spettatori con il Portogruaro. Avessimo vinto saremmo andati in B e invece vinsero loro al 90\u00b0\u201d.<\/p>\n<p style=\"text-align: justify;\"><strong>Perch\u00e9 da essere super goleador ora ti vedo a difendere?<\/strong><\/p>\n<p style=\"text-align: justify;\">\u201cPerch\u00e9 ho capito che per arrivare pi\u00f9 in alto possibile, il mio ruolo pi\u00f9 congeniale \u00e8 quello di terzino\u201d.<\/p>\n<p style=\"text-align: justify;\"><strong>Accetteresti un trasferimento alla Juventus o al Milan?<\/strong><\/p>\n<p style=\"text-align: justify;\">\u201cCerto che si\u2026.. Per la \u2018Gioia\u2019 di mio padre !!!!! Quando uno fa questo lavoro deve mettere da parte il tifo ed essere professionista al 100%\u201d.<\/p>\n<p style=\"text-align: justify;\"><strong>Caro Gepi, dei tuoi vecchi amici, chi si \u00e8 perso per strada? Io dei nomi li avrei!<\/strong><\/p>\n<p style=\"text-align: justify;\">\u201cCe ne sono moltissimi che avrebbero potuto fare di pi\u00f9 nella loro carriera calcistica. Fare dei nomi \u00e8 difficile, ma dico che pi\u00f9 che per aspetti tecnici \u00e8 mancata loro la passione e la voglia di fare sacrifici. Questa \u00e8 la cosa principale che ci vuole e quella che mi ha fatto arrivare fin qui\u201d.<\/p>\n<p style=\"text-align: justify;\">Beh, Gepi mi ha marcato stretto e mi ha anche driblato. Ripercorrendo la sua adolescenza e giovent\u00f9 ha lanciato un messaggio Forte. \u201cLa passione e la voglia di fare sacrifici \u2026\u201d.<\/p>\n<p style=\"text-align: justify;\">Cari giovani, \u00e8 un messaggio che il nostro Gepi vi lancia, sembrano parole di un marziano, ma \u00e8 l\u2019unica ricetta per realizzarsi.<\/p>\n<p style=\"text-align: justify;\">Nella Vita nessuno ti regala nulla, il risultato del tuo successo o insuccesso dipende solo da Te.<\/p>\n<p>\u00a0<\/p>\n","protected":false},"excerpt":{"rendered":"<p><img loading=\"lazy\" decoding=\"async\" class=\" size-full wp-image-6596\" alt=\"gepi_piccolo\" height=\"150\" width=\"320\" src=\"https:\/\/archivioturi.lavocedelpaese.info\/wp-content\/uploads\/2011\/07\/gepi_piccolo.jpg\" srcset=\"https:\/\/archivioturi.lavocedelpaese.info\/wp-content\/uploads\/2011\/07\/gepi_piccolo.jpg 640w, https:\/\/archivioturi.lavocedelpaese.info\/wp-content\/uploads\/2011\/07\/gepi_piccolo-300x141.jpg 300w\" sizes=\"auto, (max-width: 320px) 100vw, 320px\" \/><\/p>\n","protected":false},"author":1,"featured_media":6596,"comment_status":"open","ping_status":"closed","sticky":false,"template":"","format":"standard","meta":{"colormag_page_container_layout":"default_layout","colormag_page_sidebar_layout":"default_layout","footnotes":""},"categories":[6],"tags":[],"class_list":["post-6598","post","type-post","status-publish","format-standard","has-post-thumbnail","hentry","category-cultura"],"_links":{"self":[{"href":"https:\/\/archivioturi.lavocedelpaese.info\/index.php\/wp-json\/wp\/v2\/posts\/6598","targetHints":{"allow":["GET"]}}],"collection":[{"href":"https:\/\/archivioturi.lavocedelpaese.info\/index.php\/wp-json\/wp\/v2\/posts"}],"about":[{"href":"https:\/\/archivioturi.lavocedelpaese.info\/index.php\/wp-json\/wp\/v2\/types\/post"}],"author":[{"embeddable":true,"href":"https:\/\/archivioturi.lavocedelpaese.info\/index.php\/wp-json\/wp\/v2\/users\/1"}],"replies":[{"embeddable":true,"href":"https:\/\/archivioturi.lavocedelpaese.info\/index.php\/wp-json\/wp\/v2\/comments?post=6598"}],"version-history":[{"count":0,"href":"https:\/\/archivioturi.lavocedelpaese.info\/index.php\/wp-json\/wp\/v2\/posts\/6598\/revisions"}],"wp:featuredmedia":[{"embeddable":true,"href":"https:\/\/archivioturi.lavocedelpaese.info\/index.php\/wp-json\/wp\/v2\/media\/6596"}],"wp:attachment":[{"href":"https:\/\/archivioturi.lavocedelpaese.info\/index.php\/wp-json\/wp\/v2\/media?parent=6598"}],"wp:term":[{"taxonomy":"category","embeddable":true,"href":"https:\/\/archivioturi.lavocedelpaese.info\/index.php\/wp-json\/wp\/v2\/categories?post=6598"},{"taxonomy":"post_tag","embeddable":true,"href":"https:\/\/archivioturi.lavocedelpaese.info\/index.php\/wp-json\/wp\/v2\/tags?post=6598"}],"curies":[{"name":"wp","href":"https:\/\/api.w.org\/{rel}","templated":true}]}}