{"id":6579,"date":"2011-07-11T10:23:53","date_gmt":"2011-07-11T10:23:53","guid":{"rendered":"https:\/\/archivioturi.lavocedelpaese.info\/index.php\/2011\/07\/11\/unestate-con-don-bosco\/"},"modified":"2011-07-11T10:23:53","modified_gmt":"2011-07-11T10:23:53","slug":"unestate-con-don-bosco","status":"publish","type":"post","link":"https:\/\/archivioturi.lavocedelpaese.info\/index.php\/2011\/07\/11\/unestate-con-don-bosco\/","title":{"rendered":"UN\u2019ESTATE CON \u2026 DON BOSCO"},"content":{"rendered":"<p><img loading=\"lazy\" decoding=\"async\" class=\" size-full wp-image-6578\" src=\"https:\/\/archivioturi.lavocedelpaese.info\/wp-content\/uploads\/2011\/07\/Copia__di_oratorio_estate_1126.jpg\" width=\"320\" height=\"150\" alt=\"Copia__di_oratorio_estate_1126\" srcset=\"https:\/\/archivioturi.lavocedelpaese.info\/wp-content\/uploads\/2011\/07\/Copia__di_oratorio_estate_1126.jpg 640w, https:\/\/archivioturi.lavocedelpaese.info\/wp-content\/uploads\/2011\/07\/Copia__di_oratorio_estate_1126-300x141.jpg 300w\" sizes=\"auto, (max-width: 320px) 100vw, 320px\" \/><\/p>\n<p style=\"text-align: justify;\">Anche quest\u2019anno, con l\u2019arrivo dell\u2019estate, \u00e8 stato avviato l\u2019<strong>Oratorio Estivo \u201cDon Bosco\u201d<\/strong> presso la parrocchia\u00a0<strong>\u201cMaria SS. Ausiliatrice\u201d<\/strong> di Turi. L\u2019esperienza iniziata sabato 2 giugno alle ore 17,00 terminer\u00e0 venerd\u00ec 29 luglio e sar\u00e0 seguita da un musical dal titolo \u201cTra sogno e realt\u00e0\u201d. L\u2019oratorio estivo \u00e8 un\u2019avventura ludico-formativa, che si svolge grazie all\u2019intensa collaborazione della nutrita schiera di educatori di \u201cViviloratorio\u201d estate ragazzi 2011, che si dedica, nei pomeriggi dal marted\u00ec al venerd\u00ec a divertire e divertirsi con i pi\u00f9 piccoli.<\/p>\n<p style=\"text-align: justify;\">Tanti infatti i ragazzi accorsi a partecipare a questo evento estivo, all\u2019insegna del gioco e della preghiera, che coinvolger\u00e0 i nati dal 1997 al 2004.\u00a0 <strong>Il filo conduttore<\/strong> delle diverse attivit\u00e0 (giochi, danze, sport e tanto altro) <strong>\u00e8 rappresentato dalla figura di Don Bosco<\/strong>, proposta attraverso racconti e momenti di preghiera. \u201cQuesta estate \u2013 afferma Don Maurizio, parroco dell\u2019Oratorio \u2013 conosceremo Don Bosco comprendendo le sue scelte e il suo percorso di vita, ma soprattutto apprenderemo del Don Bosco ragazzo. La sua figura \u00e8 di notevole importanza in quanto testimone, con la sua vita, di una Paternit\u00e0 buona e decisa, senza il timore di condurre, correggere, ma soprattutto amare ogni ragazzo che gli si presentava.\u201d<\/p>\n<p style=\"text-align: justify;\">Anche quest\u2019anno l\u2019oratorio estivo ha attivato il progetto: \u201cIl Frutteto\u201d al fine di sensibilizzare ed incentivare i ragazzi al consumo di frutta fresca e prodotti salutistici per una corretta e sana alimentazione. Un obiettivo \u00e8 incoraggiarli all\u2019ambiente circostante che si persegue attraverso l\u2019amore per la natura e i propri simili, scopo che viene sviluppato anche attraverso le <strong>attivit\u00e0 formative, i lavori di gruppo, la preghiera, i\u00a0 giochi e i balli. <\/strong><strong><\/strong><\/p>\n<p style=\"text-align: justify;\">L\u2019Oratorio nasce dalla Comunit\u00e0 Parrocchiale come strumento e metodo per la formazione umana e cristiana delle giovani generazioni. In quanto radicato nella Comunit\u00e0, \u00e8 uno dei modi in cui la Parrocchia esprime la propria sollecitudine nei confronti degli individui e dei gruppi in fase formativa, identificandosi sempre pi\u00f9 come<strong> luogo significativo e unico che definisce e realizza ogni persona desiderosa di crescere nella fede<\/strong>.<strong> <\/strong>In questi ultimi anni, le attivit\u00e0 dell\u2019oratorio estivo, rivolte alla formazione umana e cristiana dei ragazzi durante le vacanze, hanno\u00a0raggiunto livelli di eccellenza che vengono evidenziati dal forte impegno nell\u2019educazione al dialogo, all\u2019accoglienza, alla solidariet\u00e0 e alla condivisione di culture e tradizioni. Quelle stesse memorie che vengono presentate ai ragazzi attraverso le sagre che l\u2019Oratorio effettuer\u00e0 ogni venerd\u00ec sera, del mese di luglio, nel proprio atrio.<\/p>\n<p><object data=\"https:\/\/picasaweb.google.com\/s\/c\/bin\/slideshow.swf\" type=\"application\/x-shockwave-flash\" height=\"660\" width=\"660\"><param name=\"flashvars\" value=\"host=picasaweb.google.com&amp;hl=it&amp;feat=flashalbum&amp;RGB=0x000000&amp;feed=https%3A%2F%2Fpicasaweb.google.com%2Fdata%2Ffeed%2Fapi%2Fuser%2Fredazioneturiweb%2Falbumid%2F5627991747217821457%3Falt%3Drss%26kind%3Dphoto%26authkey%3DGv1sRgCJ615s6JnqHKHw%26hl%3Dit\" \/><param name=\"src\" value=\"https:\/\/picasaweb.google.com\/s\/c\/bin\/slideshow.swf\" \/><\/object><\/p>\n","protected":false},"excerpt":{"rendered":"<p><img loading=\"lazy\" decoding=\"async\" class=\" size-full wp-image-6578\" src=\"https:\/\/archivioturi.lavocedelpaese.info\/wp-content\/uploads\/2011\/07\/Copia__di_oratorio_estate_1126.jpg\" width=\"320\" height=\"150\" alt=\"Copia__di_oratorio_estate_1126\" srcset=\"https:\/\/archivioturi.lavocedelpaese.info\/wp-content\/uploads\/2011\/07\/Copia__di_oratorio_estate_1126.jpg 640w, https:\/\/archivioturi.lavocedelpaese.info\/wp-content\/uploads\/2011\/07\/Copia__di_oratorio_estate_1126-300x141.jpg 300w\" sizes=\"auto, (max-width: 320px) 100vw, 320px\" \/><\/p>\n","protected":false},"author":1,"featured_media":6578,"comment_status":"open","ping_status":"closed","sticky":false,"template":"","format":"standard","meta":{"colormag_page_container_layout":"default_layout","colormag_page_sidebar_layout":"default_layout","footnotes":""},"categories":[6],"tags":[],"class_list":["post-6579","post","type-post","status-publish","format-standard","has-post-thumbnail","hentry","category-cultura"],"_links":{"self":[{"href":"https:\/\/archivioturi.lavocedelpaese.info\/index.php\/wp-json\/wp\/v2\/posts\/6579","targetHints":{"allow":["GET"]}}],"collection":[{"href":"https:\/\/archivioturi.lavocedelpaese.info\/index.php\/wp-json\/wp\/v2\/posts"}],"about":[{"href":"https:\/\/archivioturi.lavocedelpaese.info\/index.php\/wp-json\/wp\/v2\/types\/post"}],"author":[{"embeddable":true,"href":"https:\/\/archivioturi.lavocedelpaese.info\/index.php\/wp-json\/wp\/v2\/users\/1"}],"replies":[{"embeddable":true,"href":"https:\/\/archivioturi.lavocedelpaese.info\/index.php\/wp-json\/wp\/v2\/comments?post=6579"}],"version-history":[{"count":0,"href":"https:\/\/archivioturi.lavocedelpaese.info\/index.php\/wp-json\/wp\/v2\/posts\/6579\/revisions"}],"wp:featuredmedia":[{"embeddable":true,"href":"https:\/\/archivioturi.lavocedelpaese.info\/index.php\/wp-json\/wp\/v2\/media\/6578"}],"wp:attachment":[{"href":"https:\/\/archivioturi.lavocedelpaese.info\/index.php\/wp-json\/wp\/v2\/media?parent=6579"}],"wp:term":[{"taxonomy":"category","embeddable":true,"href":"https:\/\/archivioturi.lavocedelpaese.info\/index.php\/wp-json\/wp\/v2\/categories?post=6579"},{"taxonomy":"post_tag","embeddable":true,"href":"https:\/\/archivioturi.lavocedelpaese.info\/index.php\/wp-json\/wp\/v2\/tags?post=6579"}],"curies":[{"name":"wp","href":"https:\/\/api.w.org\/{rel}","templated":true}]}}