{"id":6557,"date":"2011-07-05T08:01:23","date_gmt":"2011-07-05T08:01:23","guid":{"rendered":"https:\/\/archivioturi.lavocedelpaese.info\/index.php\/2011\/07\/05\/a-breve-il-bando-comunale-rifacimento-esterni\/"},"modified":"2011-07-05T08:01:23","modified_gmt":"2011-07-05T08:01:23","slug":"a-breve-il-bando-comunale-rifacimento-esterni","status":"publish","type":"post","link":"https:\/\/archivioturi.lavocedelpaese.info\/index.php\/2011\/07\/05\/a-breve-il-bando-comunale-rifacimento-esterni\/","title":{"rendered":"A BREVE IL BANDO COMUNALE: RIFACIMENTO ESTERNI"},"content":{"rendered":"<p><img loading=\"lazy\" decoding=\"async\" class=\" size-full wp-image-6556\" alt=\"scu_elem\" height=\"150\" width=\"320\" src=\"https:\/\/archivioturi.lavocedelpaese.info\/wp-content\/uploads\/2011\/07\/scu_elem.jpg\" srcset=\"https:\/\/archivioturi.lavocedelpaese.info\/wp-content\/uploads\/2011\/07\/scu_elem.jpg 640w, https:\/\/archivioturi.lavocedelpaese.info\/wp-content\/uploads\/2011\/07\/scu_elem-300x141.jpg 300w\" sizes=\"auto, (max-width: 320px) 100vw, 320px\" \/><\/p>\n<p style=\"text-align: justify;\">Sar\u00e0 erogato entro pochi giorni il bando comunale per l\u2019aggiudicazione del rifacimento degli esterni dei plessi della Scuola Primaria \u201cP. De Donato Giannini\u201d. \u201cSperiamo che i lavori possano iniziare in questo periodo estivo cos\u00ec da non intralciare i lavori didattici nel mese autunnale\u201d. Cos\u00ec ha commentato l\u2019assessore Modesto Cazzetta alla vigilia della pubblicazione del bando e, aggiunge, \u201ccercher\u00f2, se sar\u00e0 possibile, di far s\u00ec che i lavori vengano effettuati prima ai plessi che necessitano, anche interiormente, di una miglioria per poi passare allo spazio esterno\u201d.<\/p>\n<p style=\"text-align: justify;\">\u00c8 con la delibera n. 74 del 9 giugno che l\u2019Amministrazione Comunale ha approvato il progetto esecutivo composto da \u201c1 \u2013 Pad A e B\u201d dell\u2019importo complessivo di \u20ac 70.000,00 e \u201c2 Pad. C e D\u201d dell\u2019importo complessivo di \u20ac 91.872,74.\u00a0 I lavori ai padiglioni A e B verranno finanziati dal Ministero delle Infrastrutture, mentre i 91.872,74 \u20ac disposti per i padiglioni C e D, 65.000,00 \u20ac sono erogati con fondi del bilancio comunale e\u00a0 26.872,74 \u20ac rappresentano i residui sui mutui precedentemente contratti.<\/p>\n<p style=\"text-align: justify;\">L\u2019edificio scolastico della Scuola Elementare di Via G. Chiarappa \u00e8 stato compreso nel \u201cPrimo programma straordinario di interventi urgenti finalizzati alla prevenzione e riduzione del rischio connesso alla vulnerabilit\u00e0 degli elementi anche non strutturali negli edifici scolastici\u201d.<\/p>\n<p style=\"text-align: justify;\">Volont\u00e0 dell\u2019Amministrazione comunale, come dichiarato in precedenti occasioni, \u00e8 di sistemare in modo univoco tutti i padiglioni della Scuola Elementare il cui progetto, del dott. ing. Nicola Cicala, fu approvato con la delibera n. 46 del 28 aprile.<\/p>\n","protected":false},"excerpt":{"rendered":"<p><img loading=\"lazy\" decoding=\"async\" class=\" size-full wp-image-6556\" alt=\"scu_elem\" height=\"150\" width=\"320\" src=\"https:\/\/archivioturi.lavocedelpaese.info\/wp-content\/uploads\/2011\/07\/scu_elem.jpg\" srcset=\"https:\/\/archivioturi.lavocedelpaese.info\/wp-content\/uploads\/2011\/07\/scu_elem.jpg 640w, https:\/\/archivioturi.lavocedelpaese.info\/wp-content\/uploads\/2011\/07\/scu_elem-300x141.jpg 300w\" sizes=\"auto, (max-width: 320px) 100vw, 320px\" \/><\/p>\n","protected":false},"author":1,"featured_media":6556,"comment_status":"open","ping_status":"closed","sticky":false,"template":"","format":"standard","meta":{"colormag_page_container_layout":"default_layout","colormag_page_sidebar_layout":"default_layout","footnotes":""},"categories":[7],"tags":[],"class_list":["post-6557","post","type-post","status-publish","format-standard","has-post-thumbnail","hentry","category-attualita"],"_links":{"self":[{"href":"https:\/\/archivioturi.lavocedelpaese.info\/index.php\/wp-json\/wp\/v2\/posts\/6557","targetHints":{"allow":["GET"]}}],"collection":[{"href":"https:\/\/archivioturi.lavocedelpaese.info\/index.php\/wp-json\/wp\/v2\/posts"}],"about":[{"href":"https:\/\/archivioturi.lavocedelpaese.info\/index.php\/wp-json\/wp\/v2\/types\/post"}],"author":[{"embeddable":true,"href":"https:\/\/archivioturi.lavocedelpaese.info\/index.php\/wp-json\/wp\/v2\/users\/1"}],"replies":[{"embeddable":true,"href":"https:\/\/archivioturi.lavocedelpaese.info\/index.php\/wp-json\/wp\/v2\/comments?post=6557"}],"version-history":[{"count":0,"href":"https:\/\/archivioturi.lavocedelpaese.info\/index.php\/wp-json\/wp\/v2\/posts\/6557\/revisions"}],"wp:featuredmedia":[{"embeddable":true,"href":"https:\/\/archivioturi.lavocedelpaese.info\/index.php\/wp-json\/wp\/v2\/media\/6556"}],"wp:attachment":[{"href":"https:\/\/archivioturi.lavocedelpaese.info\/index.php\/wp-json\/wp\/v2\/media?parent=6557"}],"wp:term":[{"taxonomy":"category","embeddable":true,"href":"https:\/\/archivioturi.lavocedelpaese.info\/index.php\/wp-json\/wp\/v2\/categories?post=6557"},{"taxonomy":"post_tag","embeddable":true,"href":"https:\/\/archivioturi.lavocedelpaese.info\/index.php\/wp-json\/wp\/v2\/tags?post=6557"}],"curies":[{"name":"wp","href":"https:\/\/api.w.org\/{rel}","templated":true}]}}