{"id":6555,"date":"2011-07-05T03:59:27","date_gmt":"2011-07-05T03:59:27","guid":{"rendered":"https:\/\/archivioturi.lavocedelpaese.info\/index.php\/2011\/07\/05\/mensa-controlli-puntuali-e-regolari\/"},"modified":"2011-07-05T03:59:27","modified_gmt":"2011-07-05T03:59:27","slug":"mensa-controlli-puntuali-e-regolari","status":"publish","type":"post","link":"https:\/\/archivioturi.lavocedelpaese.info\/index.php\/2011\/07\/05\/mensa-controlli-puntuali-e-regolari\/","title":{"rendered":"\u201cMENSA. CONTROLLI PUNTUALI E REGOLARI\u201d"},"content":{"rendered":"<p><img loading=\"lazy\" decoding=\"async\" class=\" size-full wp-image-6554\" src=\"https:\/\/archivioturi.lavocedelpaese.info\/wp-content\/uploads\/2011\/07\/mensa_scolastica_4__800_800.jpg\" width=\"320\" height=\"150\" alt=\"mensa_scolastica_4__800_800\" srcset=\"https:\/\/archivioturi.lavocedelpaese.info\/wp-content\/uploads\/2011\/07\/mensa_scolastica_4__800_800.jpg 640w, https:\/\/archivioturi.lavocedelpaese.info\/wp-content\/uploads\/2011\/07\/mensa_scolastica_4__800_800-300x141.jpg 300w\" sizes=\"auto, (max-width: 320px) 100vw, 320px\" \/><\/p>\n<p style=\"text-align: justify;\">\u201cDove sono le autorizzazioni?\u201d. Cos\u00ec concludeva, nelle dichiarazioni rilasciate al nostro giornale nella scorsa settimana il signor Di Lauro, forte della risposta a lui recapitata dal SIAN che dichiarava: \u201cl\u2019esercizio di somministrazione (di alimenti e bevande) \u00e8 soggetto a Denuncia di Inizio Attivit\u00e0 presso questo SIAN\u201d.<\/p>\n<p style=\"text-align: justify;\">Immediata \u00e8 giunta la risposta dell\u2019Assessore alle Politiche Scolastiche, M. Cazzetta che ha ripreso a sottolineare la totale sicurezza del servizio erogato in questi anni nella struttura scolastica turese.<\/p>\n<p style=\"text-align: justify;\">Effettuata dalla ditta Ladisa di Bari, la mensa scolastica \u00e8 sotto attenta cura e controllo della stessa che, puntualmente, ottiene le autorizzazioni all\u2019esercizio. \u201cLa Ladisa ha sempre eseguito la DIA sanitaria e ogni anno, prima che inizi il servizio, \u00e8 tenuta a richiederla, cos\u00ec come definito per contratto\u201d. Parole impiegate per tranquillizzare gli utenti e soprattutto i genitori dei piccoli fruitori del servizio, associate alla dichiarazione che puntualmente \u201canche la ASL effettua i regolari controlli\u201d. Pertanto, aggiunge Cazzetta \u201cquello che il SIAN riporta nella lettera \u00e8 quanto rigorosamente la ditta Ladisa esegue ogni anno prima di somministrare il servizio\u201d.<\/p>\n<p style=\"text-align: justify;\">Chiare e rassicuranti le parole che l\u2019Assessore espone, attraverso il mezzo stampa, ai genitori che in quest\u2019ultimo periodo hanno avanzato richieste e delucidazioni circa una tematica molto delicata quale l\u2019alimentazione scolastica. Tranquillizza e rassicura soprattutto in prospettiva di un inizio, in via sperimentale, dello stesso servizio anche presso la Scuola Elementare. \u201cAnche per il prossimo anno scolastico, \u00e8 stata rimarcata la necessit\u00e0 di ottenere la DIA sanitaria per il servizio mensa che probabilmente verr\u00e0 erogato presso la scuola Primaria\u201d.<\/p>\n","protected":false},"excerpt":{"rendered":"<p><img loading=\"lazy\" decoding=\"async\" class=\" size-full wp-image-6554\" src=\"https:\/\/archivioturi.lavocedelpaese.info\/wp-content\/uploads\/2011\/07\/mensa_scolastica_4__800_800.jpg\" width=\"320\" height=\"150\" alt=\"mensa_scolastica_4__800_800\" srcset=\"https:\/\/archivioturi.lavocedelpaese.info\/wp-content\/uploads\/2011\/07\/mensa_scolastica_4__800_800.jpg 640w, https:\/\/archivioturi.lavocedelpaese.info\/wp-content\/uploads\/2011\/07\/mensa_scolastica_4__800_800-300x141.jpg 300w\" sizes=\"auto, (max-width: 320px) 100vw, 320px\" \/><\/p>\n","protected":false},"author":1,"featured_media":6554,"comment_status":"open","ping_status":"closed","sticky":false,"template":"","format":"standard","meta":{"colormag_page_container_layout":"default_layout","colormag_page_sidebar_layout":"default_layout","footnotes":""},"categories":[7],"tags":[],"class_list":["post-6555","post","type-post","status-publish","format-standard","has-post-thumbnail","hentry","category-attualita"],"_links":{"self":[{"href":"https:\/\/archivioturi.lavocedelpaese.info\/index.php\/wp-json\/wp\/v2\/posts\/6555","targetHints":{"allow":["GET"]}}],"collection":[{"href":"https:\/\/archivioturi.lavocedelpaese.info\/index.php\/wp-json\/wp\/v2\/posts"}],"about":[{"href":"https:\/\/archivioturi.lavocedelpaese.info\/index.php\/wp-json\/wp\/v2\/types\/post"}],"author":[{"embeddable":true,"href":"https:\/\/archivioturi.lavocedelpaese.info\/index.php\/wp-json\/wp\/v2\/users\/1"}],"replies":[{"embeddable":true,"href":"https:\/\/archivioturi.lavocedelpaese.info\/index.php\/wp-json\/wp\/v2\/comments?post=6555"}],"version-history":[{"count":0,"href":"https:\/\/archivioturi.lavocedelpaese.info\/index.php\/wp-json\/wp\/v2\/posts\/6555\/revisions"}],"wp:featuredmedia":[{"embeddable":true,"href":"https:\/\/archivioturi.lavocedelpaese.info\/index.php\/wp-json\/wp\/v2\/media\/6554"}],"wp:attachment":[{"href":"https:\/\/archivioturi.lavocedelpaese.info\/index.php\/wp-json\/wp\/v2\/media?parent=6555"}],"wp:term":[{"taxonomy":"category","embeddable":true,"href":"https:\/\/archivioturi.lavocedelpaese.info\/index.php\/wp-json\/wp\/v2\/categories?post=6555"},{"taxonomy":"post_tag","embeddable":true,"href":"https:\/\/archivioturi.lavocedelpaese.info\/index.php\/wp-json\/wp\/v2\/tags?post=6555"}],"curies":[{"name":"wp","href":"https:\/\/api.w.org\/{rel}","templated":true}]}}