{"id":6520,"date":"2011-06-29T13:31:00","date_gmt":"2011-06-29T13:31:00","guid":{"rendered":"https:\/\/archivioturi.lavocedelpaese.info\/index.php\/2011\/06\/29\/una-commissione-di-controllo-per-ledilizia\/"},"modified":"2011-06-29T13:31:00","modified_gmt":"2011-06-29T13:31:00","slug":"una-commissione-di-controllo-per-ledilizia","status":"publish","type":"post","link":"https:\/\/archivioturi.lavocedelpaese.info\/index.php\/2011\/06\/29\/una-commissione-di-controllo-per-ledilizia\/","title":{"rendered":"UNA COMMISSIONE DI CONTROLLO PER L&#8217;EDILIZIA"},"content":{"rendered":"<p><img loading=\"lazy\" decoding=\"async\" class=\" size-full wp-image-3092\" src=\"https:\/\/archivioturi.lavocedelpaese.info\/wp-content\/uploads\/2010\/09\/totaro.jpg\" width=\"320\" height=\"150\" alt=\"totaro\" srcset=\"https:\/\/archivioturi.lavocedelpaese.info\/wp-content\/uploads\/2010\/09\/totaro.jpg 640w, https:\/\/archivioturi.lavocedelpaese.info\/wp-content\/uploads\/2010\/09\/totaro-300x141.jpg 300w\" sizes=\"auto, (max-width: 320px) 100vw, 320px\" \/><\/p>\n<p><strong>Consigliere Totaro, altri suoi colleghi consiglieri, affermano che il Sindaco dovrebbe \u201callontanarla dalla giunta\u201d dopo che lei ha firmato una richiesta di Convocazione di Consiglio Comunale per la costituzione di una commissione per la verifica delle pratiche edilizie. Ci sono problemi in maggioranza?<\/strong><\/p>\n<p style=\"text-align: justify;\">Le dico subito che problemi nella maggioranza almeno per questo problema non mi risulta che ve ne siano. Pi\u00f9 volte ho chiesto la costituzione di una commissione che non deve n\u00e9 indagare n\u00e9 controllare, n\u00e9 inquisire nessuno e tanto meno l\u2019ufficio tecnico. Vede, circolano voci e cattiverie nei confronti di tutti, dipendenti, uffici e soprattutto amministratori. Questo perch\u00e9 non c\u2019\u00e8 un&#8217;unica fonte dove le notizie devono essere certificate e verbalizzate. Mi \u00e8 stato chiesto di condividere questa richiesta e non vedo cosa c\u2019\u00e8 di tanto strano solo per aver condiviso tutto ci\u00f2 con due colleghi componenti del Consiglio. Se le proposte sono costruttive vanno sostenute senza far discorsi di maggioranza e minoranza, qui \u00e8 in ballo il bene del nostro Comune. Per quel che riguarda la questione degli oneri, io da dipendente dico che, se ci sono stati errori nel fare i calcoli forse perch\u00e9 sono subentrate norme diverse che possono essere state non recepite per tempo. Nella pubblica amministrazione l\u2019errore \u00e8 contemplato, per cui se si pu\u00f2 porre rimedio ebbene lo si faccia per il bene di tutti. Se qualche consigliere vuole nascondere qualcosa e pensa che si possa richiudere il vaso di pandora, sbaglia. Sulla legalit\u00e0 non si transige.<\/p>\n<p style=\"text-align: justify;\"><strong>Come dobbiamo leggere la richiesta di convocazione firmata da lei, Denovellis e Ventrella?<\/strong><\/p>\n<p style=\"text-align: justify;\">La domanda che mi ha posto prima mi ha fatto sorgere qualche dubbio. Tuttavia \u00e8 solo un fatto di trasparenza, e poi voglio soffermarmi su un altro aspetto molto importante che \u00e8 quello che chi \u00e8 presente sul territorio e incontrata o viene fermato dai cittadini deve dare delle risposte e queste devono essere certe e non presunte o per sentito dire e credo che questo non accade solo a me.<\/p>\n<p style=\"text-align: justify;\"><strong>Pur sapendo che da buon politico non risponder\u00e0 le vogliamo comunque chiedere: a lei non piacciono i tarallucci e il vino portati in Consiglio da Denovellis? In Consiglio c\u2019\u00e8 qualcuno che li gradirebbe?<\/strong><\/p>\n<p style=\"text-align: justify;\">Risponder\u00f2 da buon amministratore. Certamente i tarallucci e vino portati in sala consiliare non sono una cosa gradita per\u00f2 mi voglio soffermare su questo e mi chiedo: Cosa c\u2019\u00e8 di strano se qualcuno vuole conoscere la verit\u00e0? Se poi c\u2019\u00e8 qualcuno che li gradisce io personalmente lo escluderei nella maniera pi\u00f9 assoluta. Credo che tutti hanno la mia stessa idea sul tema della legalit\u00e0 ma non vogliono manifestarla apertamente. E non ne capisco il perch\u00e9.<\/p>\n<p style=\"text-align: justify;\"><strong>Alla fine della legislatura manca meno di un anno. Quali le priorit\u00e0 sulle quali Gigantelli dovrebbe puntare secondo lei?<\/strong><\/p>\n<p style=\"text-align: justify;\">Io sono stato uno che non ha mai voluto apparire pi\u00f9 di tanto e voi lo sapete molto bene, ma senza retorica vorrei spendere una parola in pi\u00f9. E\u2019 vero che ci sono state tante vicende legate agli avvicendamenti, ai rimpasti, agli ingiusti allontanamenti e sottolineo ingiusti, non per colpevolizzare qualcuno, ma forse con un po\u2019 di dialogo in pi\u00f9 si sarebbero evitati tanti problemi. Tuttavia non si pu\u00f2 giudicare un\u2019intera legislatura solo per questo. Bisogna partire dal fatto che le risorse disponibili sono risicate e saranno anche per chi governer\u00e0 dopo di noi, nonostante tutto non si \u00e8 messo le mani nelle tasche dei cittadini, non \u00e8 stato contratto alcun mutuo, e quindi \u00e8 questo che la gente deve giudicare. Deve tirare le somme alla fine del mandato vedendo quello che \u00e8 stato fatto e che sta per essere completato. Poi per chi di noi amministratori si ripresenter\u00e0 candidato ad amministrare questo comune \u00e8 giusto che ci saranno i termini per essere valutato dai cittadini e chi non ha lavorato o non si \u00e8 proposto bene \u00e8 giusto che resti a casa. Su cosa dovrebbe puntare Gigantelli. Il traguardo del Piano Urbanistico Generale \u00e8 un passo storico per il nostro comune e su questo si sta lavorando tantissimo, per questo se pu\u00f2 servire approfitto per far appello a tutti i consiglieri avendo titolo a votare questo strumento. Tenete conto della valenza del provvedimento mettendo da parte i rancori che si sono verificati in questo percorso perch\u00e9 non credo che vi posso essere motivi di alcun genere che possono giustificare la non adozione del PUG e quindi porre un limite a tutto quello che \u00e8 accaduto in edilizia. Si deve cominciare a puntare e proiettare il tutto verso la prossima scadenza elettorale e lasciare l\u2019ente Comune in mani capaci di governare. Ma su questo tema molti sanno come la penso e magari pi\u00f9 in la potremmo ritornarci perch\u00e9 voglio dare il mio modesto contributo per il bene di tutti.<\/p>\n","protected":false},"excerpt":{"rendered":"<p><img loading=\"lazy\" decoding=\"async\" class=\" size-full wp-image-3092\" src=\"https:\/\/archivioturi.lavocedelpaese.info\/wp-content\/uploads\/2010\/09\/totaro.jpg\" width=\"320\" height=\"150\" alt=\"totaro\" srcset=\"https:\/\/archivioturi.lavocedelpaese.info\/wp-content\/uploads\/2010\/09\/totaro.jpg 640w, https:\/\/archivioturi.lavocedelpaese.info\/wp-content\/uploads\/2010\/09\/totaro-300x141.jpg 300w\" sizes=\"auto, (max-width: 320px) 100vw, 320px\" \/><\/p>\n","protected":false},"author":1,"featured_media":3092,"comment_status":"open","ping_status":"closed","sticky":false,"template":"","format":"standard","meta":{"colormag_page_container_layout":"default_layout","colormag_page_sidebar_layout":"default_layout","footnotes":""},"categories":[4],"tags":[],"class_list":["post-6520","post","type-post","status-publish","format-standard","has-post-thumbnail","hentry","category-politica"],"_links":{"self":[{"href":"https:\/\/archivioturi.lavocedelpaese.info\/index.php\/wp-json\/wp\/v2\/posts\/6520","targetHints":{"allow":["GET"]}}],"collection":[{"href":"https:\/\/archivioturi.lavocedelpaese.info\/index.php\/wp-json\/wp\/v2\/posts"}],"about":[{"href":"https:\/\/archivioturi.lavocedelpaese.info\/index.php\/wp-json\/wp\/v2\/types\/post"}],"author":[{"embeddable":true,"href":"https:\/\/archivioturi.lavocedelpaese.info\/index.php\/wp-json\/wp\/v2\/users\/1"}],"replies":[{"embeddable":true,"href":"https:\/\/archivioturi.lavocedelpaese.info\/index.php\/wp-json\/wp\/v2\/comments?post=6520"}],"version-history":[{"count":0,"href":"https:\/\/archivioturi.lavocedelpaese.info\/index.php\/wp-json\/wp\/v2\/posts\/6520\/revisions"}],"wp:featuredmedia":[{"embeddable":true,"href":"https:\/\/archivioturi.lavocedelpaese.info\/index.php\/wp-json\/wp\/v2\/media\/3092"}],"wp:attachment":[{"href":"https:\/\/archivioturi.lavocedelpaese.info\/index.php\/wp-json\/wp\/v2\/media?parent=6520"}],"wp:term":[{"taxonomy":"category","embeddable":true,"href":"https:\/\/archivioturi.lavocedelpaese.info\/index.php\/wp-json\/wp\/v2\/categories?post=6520"},{"taxonomy":"post_tag","embeddable":true,"href":"https:\/\/archivioturi.lavocedelpaese.info\/index.php\/wp-json\/wp\/v2\/tags?post=6520"}],"curies":[{"name":"wp","href":"https:\/\/api.w.org\/{rel}","templated":true}]}}