{"id":6516,"date":"2011-06-28T14:03:41","date_gmt":"2011-06-28T14:03:41","guid":{"rendered":"https:\/\/archivioturi.lavocedelpaese.info\/index.php\/2011\/06\/28\/a-settembre-arrivano-nove-seminaristi\/"},"modified":"2011-06-28T14:03:41","modified_gmt":"2011-06-28T14:03:41","slug":"a-settembre-arrivano-nove-seminaristi","status":"publish","type":"post","link":"https:\/\/archivioturi.lavocedelpaese.info\/index.php\/2011\/06\/28\/a-settembre-arrivano-nove-seminaristi\/","title":{"rendered":"A SETTEMBRE ARRIVANO NOVE SEMINARISTI"},"content":{"rendered":"<p><img loading=\"lazy\" decoding=\"async\" class=\" size-full wp-image-6515\" alt=\"seminario\" height=\"150\" width=\"320\" src=\"https:\/\/archivioturi.lavocedelpaese.info\/wp-content\/uploads\/2011\/06\/seminario.jpg\" srcset=\"https:\/\/archivioturi.lavocedelpaese.info\/wp-content\/uploads\/2011\/06\/seminario.jpg 640w, https:\/\/archivioturi.lavocedelpaese.info\/wp-content\/uploads\/2011\/06\/seminario-300x141.jpg 300w\" sizes=\"auto, (max-width: 320px) 100vw, 320px\" \/><\/p>\n<p style=\"text-align: justify;\">Lo scorso 17 giugno l\u2019aula magna del Seminario Regionale Pugliese \u201cPio XI\u201d di Molfetta \u00e8 stata occupata da decine di ragazzi in rappresentanza degli undici comuni della nostra diocesi. \u00a0Prima tappa di un cammino che condurr\u00e0, nella settimana che va dal 23 al 30 settembre, alla Missione Giovani: pi\u00f9 di 100 seminaristi impegnati negli studi teologici presso il Seminario \u201cmaggiore\u201d di Molfetta saranno ospitati nelle nostre parrocchie e nelle nostre famiglie, \u00a0in numero di tre per ogni parrocchia.<\/p>\n<p style=\"text-align: justify;\">Da parte dei seminaristi c\u2019\u00e8 grande entusiasmo per questa missione, che avr\u00e0 per tema \u201cQuanti pani avrete? Andate a vedere\u2026\u201d\u00a0 (Mc 6, 38) e nasce come reciproco dono all\u2019interno della stessa generazione, tra ragazzi che hanno scelto il cammino del sacerdozio e coetanei che si apprestano ad altri cammini, e tra generazioni, in uno scambio di incontri ed eventi destinati a far nascere amicizie e aprire spunti di riflessione.<\/p>\n<p style=\"text-align: justify;\">Il tema prescelto, che \u00e8 quello della 48\u00b0 giornata mondiale di preghiera per le vocazioni, rimanda all\u2019invito, fatto da Ges\u00f9 ai suoi discepoli, di guardare nelle proprie bisacce, cercare, ponendo attenzione\u00a0 a quel poco che si porta con s\u00e9, quasi un invito a riscoprire che qualsiasi cosa si abbia pu\u00f2 essere donata. \u00a0Non si \u00e8 mai troppo poveri per donare, ma ad un patto: bisogna darsi da fare, mettersi in ricerca, fino alla condivisione che \u00e8 moltiplicazione. Il miracolo della moltiplicazione dei pani e dei pesci viene cos\u00ec riletto nella vocazione di tanti giovani: partire da s\u00e9, spezzare la propria vita per gli altri senza temere fratture.<\/p>\n<p style=\"text-align: justify;\">La serata, dopo un momento di preghiera guidato dal vescovo mons. Domenico Padovano, ha visto l\u2019introduzione alla Missione da parte di un educatore dell\u2019equipe del Seminario, don Mimmo Belvito che, in quanto sacerdote monopolitano, \u00e8 il giusto ponte tra le due differenti realt\u00e0.<\/p>\n<p style=\"text-align: justify;\">Don Mimmo ha illustrato i dettagli tecnici della Missione: il 23 settembre nella concattedrale di Monopoli il Vescovo celebrer\u00e0 una Messa e consegner\u00e0 il mandato ai seminaristi. Gli ospiti saranno poi accolti nei diversi paesi, nelle parrocchie e in famiglia, e durante la settimana che seguir\u00e0 entreranno nelle scuole, parteciperanno agli incontri di catechismo, alle Messe, ai momenti di divertimento e di incontro negli spazi e tempi particolari di ogni comune. Vivranno il paese, a contatto col mondo dei loro coetanei che studiano e lavorano, e che spesso, anche silenziosamente, pongono quelle domande di senso che meritano di avere risposta.<\/p>\n<p style=\"text-align: justify;\">In particolare il 24 settembre ogni comune vivr\u00e0 la sua \u201cnotte bianca con il Signore\u201d, un momento che preveda spazi per l\u2019ascolto, la preghiera e l\u2019Adorazione Eucaristica.<\/p>\n<p style=\"text-align: justify;\">Il Vescovo ha poi presentato la nostra diocesi ai seminaristi, dichiarandosene innamorato, ma senza risparmiare quelle che ha definito ombre: \u201cla famiglia perde colpi, sono sempre meno i giovani a Messa, le vocazioni femminili sono pochissime\u201d.\u00a0 Ha concluso i lavori il rettore del Seminario, don Luigi Renna, che si \u00e8 augurato che i giovani dei nostri comuni possano vedere nei seminaristi semplicemente coetanei che sono riusciti ad intravedere un progetto di vita,\u00a0 in modo che questo incontro possa diventare grazia per tutti.<\/p>\n<p style=\"text-align: justify;\">Ha avuto luogo infine un dibattito tra i presenti, in particolare i seminaristi e i giovani in rappresentanza delle 56 parrocchie della nostra diocesi, tra cui un gruppo di giovani turesi accompagnati da don Giovanni Amodio.<\/p>\n<div style=\"text-align: justify;\">Don Giovanni ha preso la parola (dopo un lungo applauso, segno che le ciliegie a partenza da Turi in direzione Seminario nei giorni scorsi sono state particolarmente gradite) sottolineando come, a Turi, nell\u2019ambito dell\u2019agor\u00e0 dei giovani, si potesse pensare ad uno spazio in cui dialogare, con alcuni detenuti e la direttrice del carcere, di giustizia a partire dalla presenza a Turi della casa di reclusione, \u201csantuario della carit\u00e0\u201d.<\/div>\n","protected":false},"excerpt":{"rendered":"<p><img loading=\"lazy\" decoding=\"async\" class=\" size-full wp-image-6515\" alt=\"seminario\" height=\"150\" width=\"320\" src=\"https:\/\/archivioturi.lavocedelpaese.info\/wp-content\/uploads\/2011\/06\/seminario.jpg\" srcset=\"https:\/\/archivioturi.lavocedelpaese.info\/wp-content\/uploads\/2011\/06\/seminario.jpg 640w, https:\/\/archivioturi.lavocedelpaese.info\/wp-content\/uploads\/2011\/06\/seminario-300x141.jpg 300w\" sizes=\"auto, (max-width: 320px) 100vw, 320px\" \/><\/p>\n","protected":false},"author":1,"featured_media":6515,"comment_status":"open","ping_status":"closed","sticky":false,"template":"","format":"standard","meta":{"colormag_page_container_layout":"default_layout","colormag_page_sidebar_layout":"default_layout","footnotes":""},"categories":[7],"tags":[],"class_list":["post-6516","post","type-post","status-publish","format-standard","has-post-thumbnail","hentry","category-attualita"],"_links":{"self":[{"href":"https:\/\/archivioturi.lavocedelpaese.info\/index.php\/wp-json\/wp\/v2\/posts\/6516","targetHints":{"allow":["GET"]}}],"collection":[{"href":"https:\/\/archivioturi.lavocedelpaese.info\/index.php\/wp-json\/wp\/v2\/posts"}],"about":[{"href":"https:\/\/archivioturi.lavocedelpaese.info\/index.php\/wp-json\/wp\/v2\/types\/post"}],"author":[{"embeddable":true,"href":"https:\/\/archivioturi.lavocedelpaese.info\/index.php\/wp-json\/wp\/v2\/users\/1"}],"replies":[{"embeddable":true,"href":"https:\/\/archivioturi.lavocedelpaese.info\/index.php\/wp-json\/wp\/v2\/comments?post=6516"}],"version-history":[{"count":0,"href":"https:\/\/archivioturi.lavocedelpaese.info\/index.php\/wp-json\/wp\/v2\/posts\/6516\/revisions"}],"wp:featuredmedia":[{"embeddable":true,"href":"https:\/\/archivioturi.lavocedelpaese.info\/index.php\/wp-json\/wp\/v2\/media\/6515"}],"wp:attachment":[{"href":"https:\/\/archivioturi.lavocedelpaese.info\/index.php\/wp-json\/wp\/v2\/media?parent=6516"}],"wp:term":[{"taxonomy":"category","embeddable":true,"href":"https:\/\/archivioturi.lavocedelpaese.info\/index.php\/wp-json\/wp\/v2\/categories?post=6516"},{"taxonomy":"post_tag","embeddable":true,"href":"https:\/\/archivioturi.lavocedelpaese.info\/index.php\/wp-json\/wp\/v2\/tags?post=6516"}],"curies":[{"name":"wp","href":"https:\/\/api.w.org\/{rel}","templated":true}]}}