{"id":6505,"date":"2011-07-04T01:46:39","date_gmt":"2011-07-04T01:46:39","guid":{"rendered":"https:\/\/archivioturi.lavocedelpaese.info\/index.php\/2011\/07\/04\/basta-poco-per-uscire-dalla-palude-6\/"},"modified":"2011-07-04T01:46:39","modified_gmt":"2011-07-04T01:46:39","slug":"basta-poco-per-uscire-dalla-palude-6","status":"publish","type":"post","link":"https:\/\/archivioturi.lavocedelpaese.info\/index.php\/2011\/07\/04\/basta-poco-per-uscire-dalla-palude-6\/","title":{"rendered":"BASTA POCO PER USCIRE DALLA PALUDE"},"content":{"rendered":"<p><img loading=\"lazy\" decoding=\"async\" class=\" size-full wp-image-6504\" src=\"https:\/\/archivioturi.lavocedelpaese.info\/wp-content\/uploads\/2011\/07\/foto_cinzia_calcio.jpg\" width=\"320\" height=\"150\" alt=\"foto_cinzia_calcio\" srcset=\"https:\/\/archivioturi.lavocedelpaese.info\/wp-content\/uploads\/2011\/07\/foto_cinzia_calcio.jpg 640w, https:\/\/archivioturi.lavocedelpaese.info\/wp-content\/uploads\/2011\/07\/foto_cinzia_calcio-300x141.jpg 300w\" sizes=\"auto, (max-width: 320px) 100vw, 320px\" \/><\/p>\n<p style=\"text-align: justify;\">Ci siamo concessi una settimana di riposo. Qualcuno avr\u00e0 pensato che le ciliegie erano tante e che non valeva la pena perdere tempo a scrivere. Invece \u00e8 successo un episodio che non ci ha permesso di continuare la nostra rubrica. Infatti dovevamo ripercorrere gli anni dell\u2019amministrazione con sindaco Menino Coppi 1993\/97 ma l\u2019ex sindaco, dopo aver concordato tutto, con una telefonata ha ritenuto saltare l\u2019ostacolo dichiarando \u201cmi rendo conto che la mia amministrazione per lo sport non ha adottato alcun provvedimento mi spiace\u201d.<\/p>\n<p style=\"text-align: justify;\">Bene, viva la sincerit\u00e0 e andiamo avanti. Dal 1997 al 2002 \u00e8 stata sindaco di Turi la dott.ssa Michelina Stefanachi, &#8211; amministrazione di centro destra \u2013 assessore allo sport Vito Totaro.<\/p>\n<p style=\"text-align: justify;\"><strong>A seguito della \u201cper lo sport non ci siamo adoperati per migliorare le strutture e non abbiamo ritenuto organizzare eventi\u201d dichiarazione dell\u2019ex sindaco Menino Coppi, voi e tu in particolare come avete operato ?<\/strong><\/p>\n<p style=\"text-align: justify;\">\u201cLo sport bisogna viverlo e amarlo, se non c\u2019\u00e8 passione non si pu\u00f2 improvvisare. Per questo i problemi legati allo sport sono stati sempre snobbati e spesso diventano un peso per le amministrazioni. Sulle scelte di altre amministrazioni di non organizzare eventi saranno state certamente scelte politiche. Personalmente nell\u2019organizzare eventi avevo una veduta diversa e se lei ricorda, l\u2019Amministrazione Stefanachi fece uno sforzo notevole. Con una variazione di bilancio riuscimmo a recuperare i fondi necessari per sostenere le spese relativamente a 15 ragazzi, per farli partecipare ad un torneo internazionale a Debrecen (Ungheria). Questi ragazzi rappresentavano il nostro comune in ambito internazionale e con una certa rilevanza sulla stampa ungherese come dimostrano i quotidiani che conservo gelosamente. In questa amministrazione avevo chiesto la delega allo sport per\u00f2 altri miei colleghi avevano la stessa ambizione e allora ho preferito cimentarmi in altro\u201d.<\/p>\n<p style=\"text-align: justify;\"><strong>Continua la polemica per i famosi fari al campo sportivo, \u00e8 stato un tuo capriccio o ritenevi che fosse una necessit\u00e0?<\/strong><\/p>\n<p style=\"text-align: justify;\">\u201cI fari del campo sportivo non sono stati un capriccio, non si possono spendere i soldi della cosa pubblica per capriccio, questo \u00e8 quello che ha voluto far dimostrare qualcuno ritenendo quella un\u2019opera inutile. Per quanto inutile un lavoro appaltato finito e pagato bisognava renderlo funzionante. Tanti anni di abbandono hanno prodotto dei danni notevoli che non hanno permesso ancora di renderlo funzionante, per\u00f2 in questo vi \u00e8 l\u2019impegno del dott. Palasciano delegato allo sport, che, in concomitanza con i lavori della sistemazione del campo di calcio, ha promesso il suo impegno a risolvere anche questo problema. Chi \u00e8 addetto ai lavori chi ama e chi pratica lo sport, chi si muove in quell\u2019ambiente, capisce l\u2019importanza dell\u2019opera e la sua finalit\u00e0. Capisce che tutto ci\u00f2 permetteva ad altre societ\u00e0, di notevole peso sportivo, di poter utilizzare il campo sportivo con un effetto mediatico per il nostro comune e con la possibilit\u00e0 di utilizzare il campo sportivo anche di sera, per i ragazzi che hanno voglia di praticare l\u00ec attivit\u00e0 sportiva, senza trascurare l\u2019utilizzo della pista podistica, soprattutto a livello amatoriale. Per le societ\u00e0 stesse che partecipano ai campionati dilettanti, che hanno atleti che sono studenti e lavoratori e quindi condizionati dagli orari. Queste sono alcune motivazioni, considerando che era l\u2019unico campo di calcio della nostra zona a non essere illuminato. Ma senza polemica alcuna a proposito di opera inutile mi sono sempre posto una domanda: Perch\u00e9 furono spesi dei soldi a sistemare gli spogliatoi del campo di calcio senza prevedere la sistemazione del campo? Si sono spesi dei soldi per abbandonarli e ora bisogna intervenire per renderli agibili. Capite che questa amministrazione ha trovato gli impianti sportivi abbandonati e senza gestione. Completamente chiusi considerando che per far ripartire il tutto c\u2019\u00e8 bisogno di tempo per programmare e di denaro per sistemare facendo i conti dovuti con la burocrazia\u201d.<\/p>\n<p style=\"text-align: justify;\">\u00a0<\/p>\n<div id=\"_mcePaste\" style=\"position: absolute; left: -10000px; top: 263px; width: 1px; height: 1px; overflow-x: hidden; overflow-y: hidden;\">Perch\u00e9 nel vostro programma,<\/div>\n<div id=\"_mcePaste\" style=\"position: absolute; left: -10000px; top: 263px; width: 1px; height: 1px; overflow-x: hidden; overflow-y: hidden;\">Sindaco Stefanachi, non<\/div>\n<div id=\"_mcePaste\" style=\"position: absolute; left: -10000px; top: 263px; width: 1px; height: 1px; overflow-x: hidden; overflow-y: hidden;\">era previsto il palazzetto dello<\/div>\n<div id=\"_mcePaste\" style=\"position: absolute; left: -10000px; top: 263px; width: 1px; height: 1px; overflow-x: hidden; overflow-y: hidden;\">sport.<\/div>\n<div id=\"_mcePaste\" style=\"position: absolute; left: -10000px; top: 263px; width: 1px; height: 1px; overflow-x: hidden; overflow-y: hidden;\">\u201cSulla vicenda del palazzetto<\/div>\n<div id=\"_mcePaste\" style=\"position: absolute; left: -10000px; top: 263px; width: 1px; height: 1px; overflow-x: hidden; overflow-y: hidden;\">per definirla devono parlare le<\/div>\n<div id=\"_mcePaste\" style=\"position: absolute; left: -10000px; top: 263px; width: 1px; height: 1px; overflow-x: hidden; overflow-y: hidden;\">carte, visto che ne sento di tutti<\/div>\n<div id=\"_mcePaste\" style=\"position: absolute; left: -10000px; top: 263px; width: 1px; height: 1px; overflow-x: hidden; overflow-y: hidden;\">i colori e tutti hanno contribuito<\/div>\n<div id=\"_mcePaste\" style=\"position: absolute; left: -10000px; top: 263px; width: 1px; height: 1px; overflow-x: hidden; overflow-y: hidden;\">alla realizzazione della struttura.<\/div>\n<div id=\"_mcePaste\" style=\"position: absolute; left: -10000px; top: 263px; width: 1px; height: 1px; overflow-x: hidden; overflow-y: hidden;\">Io penso che comunque \u00e8 un<\/div>\n<div id=\"_mcePaste\" style=\"position: absolute; left: -10000px; top: 263px; width: 1px; height: 1px; overflow-x: hidden; overflow-y: hidden;\">bene che ci sia e bravo a chi gli<\/div>\n<div id=\"_mcePaste\" style=\"position: absolute; left: -10000px; top: 263px; width: 1px; height: 1px; overflow-x: hidden; overflow-y: hidden;\">\u00e8 venuta l\u2019idea, cos\u00ec non si offende<\/div>\n<div id=\"_mcePaste\" style=\"position: absolute; left: -10000px; top: 263px; width: 1px; height: 1px; overflow-x: hidden; overflow-y: hidden;\">nessuno visto che in tanti<\/div>\n<div id=\"_mcePaste\" style=\"position: absolute; left: -10000px; top: 263px; width: 1px; height: 1px; overflow-x: hidden; overflow-y: hidden;\">si fanno promotori. Per quanto<\/div>\n<div id=\"_mcePaste\" style=\"position: absolute; left: -10000px; top: 263px; width: 1px; height: 1px; overflow-x: hidden; overflow-y: hidden;\">mi risulta e con documenti alla<\/div>\n<div id=\"_mcePaste\" style=\"position: absolute; left: -10000px; top: 263px; width: 1px; height: 1px; overflow-x: hidden; overflow-y: hidden;\">mano, che le consegno in copia,<\/div>\n<div id=\"_mcePaste\" style=\"position: absolute; left: -10000px; top: 263px; width: 1px; height: 1px; overflow-x: hidden; overflow-y: hidden;\">la storia comincia nel 2000 che<\/div>\n<div id=\"_mcePaste\" style=\"position: absolute; left: -10000px; top: 263px; width: 1px; height: 1px; overflow-x: hidden; overflow-y: hidden;\">con delibera di Giunta Comunale<\/div>\n<div id=\"_mcePaste\" style=\"position: absolute; left: -10000px; top: 263px; width: 1px; height: 1px; overflow-x: hidden; overflow-y: hidden;\">n.183 del 20\/10 (Adozione<\/div>\n<div id=\"_mcePaste\" style=\"position: absolute; left: -10000px; top: 263px; width: 1px; height: 1px; overflow-x: hidden; overflow-y: hidden;\">del programma triennale delle<\/div>\n<div id=\"_mcePaste\" style=\"position: absolute; left: -10000px; top: 263px; width: 1px; height: 1px; overflow-x: hidden; overflow-y: hidden;\">opere pubbliche) ove fu prevista<\/div>\n<div id=\"_mcePaste\" style=\"position: absolute; left: -10000px; top: 263px; width: 1px; height: 1px; overflow-x: hidden; overflow-y: hidden;\">la realizzazione di una palestra<\/div>\n<div id=\"_mcePaste\" style=\"position: absolute; left: -10000px; top: 263px; width: 1px; height: 1px; overflow-x: hidden; overflow-y: hidden;\">funzionale con una stima<\/div>\n<div id=\"_mcePaste\" style=\"position: absolute; left: -10000px; top: 263px; width: 1px; height: 1px; overflow-x: hidden; overflow-y: hidden;\">del costo complessivo di Lire<\/div>\n<div id=\"_mcePaste\" style=\"position: absolute; left: -10000px; top: 263px; width: 1px; height: 1px; overflow-x: hidden; overflow-y: hidden;\">2.600.000.000 (Duemiliardiseicentomilioni).<\/div>\n<div id=\"_mcePaste\" style=\"position: absolute; left: -10000px; top: 263px; width: 1px; height: 1px; overflow-x: hidden; overflow-y: hidden;\">Con delibera di Giunta Comunale<\/div>\n<div id=\"_mcePaste\" style=\"position: absolute; left: -10000px; top: 263px; width: 1px; height: 1px; overflow-x: hidden; overflow-y: hidden;\">n. 41 del 23\/02\/2001,<\/div>\n<div id=\"_mcePaste\" style=\"position: absolute; left: -10000px; top: 263px; width: 1px; height: 1px; overflow-x: hidden; overflow-y: hidden;\">fu approvato il progetto preliminare<\/div>\n<div id=\"_mcePaste\" style=\"position: absolute; left: -10000px; top: 263px; width: 1px; height: 1px; overflow-x: hidden; overflow-y: hidden;\">dell\u2019importo di Lire<\/div>\n<div id=\"_mcePaste\" style=\"position: absolute; left: -10000px; top: 263px; width: 1px; height: 1px; overflow-x: hidden; overflow-y: hidden;\">2.000.000.000 (Duemiliardi)<\/div>\n<div id=\"_mcePaste\" style=\"position: absolute; left: -10000px; top: 263px; width: 1px; height: 1px; overflow-x: hidden; overflow-y: hidden;\">con un importo netto dei lavori<\/div>\n<div id=\"_mcePaste\" style=\"position: absolute; left: -10000px; top: 263px; width: 1px; height: 1px; overflow-x: hidden; overflow-y: hidden;\">di Lire 1.620.000.000 (Unmiliardoseicentoventimilioni);<\/div>\n<div id=\"_mcePaste\" style=\"position: absolute; left: -10000px; top: 263px; width: 1px; height: 1px; overflow-x: hidden; overflow-y: hidden;\">Con delibera di Giunta Comunale<\/div>\n<div id=\"_mcePaste\" style=\"position: absolute; left: -10000px; top: 263px; width: 1px; height: 1px; overflow-x: hidden; overflow-y: hidden;\">n. 121 del 25\/05\/2001 furono<\/div>\n<div id=\"_mcePaste\" style=\"position: absolute; left: -10000px; top: 263px; width: 1px; height: 1px; overflow-x: hidden; overflow-y: hidden;\">affidati gli incarichi di progettazione:<\/div>\n<div id=\"_mcePaste\" style=\"position: absolute; left: -10000px; top: 263px; width: 1px; height: 1px; overflow-x: hidden; overflow-y: hidden;\">&#8211; Opere murarie all\u2019Ufficio Tecnico<\/div>\n<div id=\"_mcePaste\" style=\"position: absolute; left: -10000px; top: 263px; width: 1px; height: 1px; overflow-x: hidden; overflow-y: hidden;\">Comunale;<\/div>\n<div id=\"_mcePaste\" style=\"position: absolute; left: -10000px; top: 263px; width: 1px; height: 1px; overflow-x: hidden; overflow-y: hidden;\">&#8211; Impianto idrico ed elettrico<\/div>\n<div id=\"_mcePaste\" style=\"position: absolute; left: -10000px; top: 263px; width: 1px; height: 1px; overflow-x: hidden; overflow-y: hidden;\">all\u2019Ing. Giovanni Marinelli;<\/div>\n<div id=\"_mcePaste\" style=\"position: absolute; left: -10000px; top: 263px; width: 1px; height: 1px; overflow-x: hidden; overflow-y: hidden;\">&#8211; Impianto termico all\u2019Ing. Maria<\/div>\n<div id=\"_mcePaste\" style=\"position: absolute; left: -10000px; top: 263px; width: 1px; height: 1px; overflow-x: hidden; overflow-y: hidden;\">D\u2019Ambruoso.<\/div>\n<div id=\"_mcePaste\" style=\"position: absolute; left: -10000px; top: 263px; width: 1px; height: 1px; overflow-x: hidden; overflow-y: hidden;\">Con delibera n.123 del<\/div>\n<div id=\"_mcePaste\" style=\"position: absolute; left: -10000px; top: 263px; width: 1px; height: 1px; overflow-x: hidden; overflow-y: hidden;\">25\/05\/2001 (stessa seduta di<\/div>\n<div id=\"_mcePaste\" style=\"position: absolute; left: -10000px; top: 263px; width: 1px; height: 1px; overflow-x: hidden; overflow-y: hidden;\">giunta) fu affidato l\u2019incarico di<\/div>\n<div id=\"_mcePaste\" style=\"position: absolute; left: -10000px; top: 263px; width: 1px; height: 1px; overflow-x: hidden; overflow-y: hidden;\">Coordinatore in base di progettazione<\/div>\n<div id=\"_mcePaste\" style=\"position: absolute; left: -10000px; top: 263px; width: 1px; height: 1px; overflow-x: hidden; overflow-y: hidden;\">all\u2019 Ing. Natale Gianluca.<\/div>\n<div id=\"_mcePaste\" style=\"position: absolute; left: -10000px; top: 263px; width: 1px; height: 1px; overflow-x: hidden; overflow-y: hidden;\">Opera da finanziare con muto<\/div>\n<div id=\"_mcePaste\" style=\"position: absolute; left: -10000px; top: 263px; width: 1px; height: 1px; overflow-x: hidden; overflow-y: hidden;\">da contrarre con la Cassa Depositi<\/div>\n<div id=\"_mcePaste\" style=\"position: absolute; left: -10000px; top: 263px; width: 1px; height: 1px; overflow-x: hidden; overflow-y: hidden;\">e Prestiti.<\/div>\n<div id=\"_mcePaste\" style=\"position: absolute; left: -10000px; top: 263px; width: 1px; height: 1px; overflow-x: hidden; overflow-y: hidden;\">Capisco la sua domanda provocatoria<\/div>\n<div id=\"_mcePaste\" style=\"position: absolute; left: -10000px; top: 263px; width: 1px; height: 1px; overflow-x: hidden; overflow-y: hidden;\">ma \u00e8 giusto far chiarezza<\/div>\n<div id=\"_mcePaste\" style=\"position: absolute; left: -10000px; top: 263px; width: 1px; height: 1px; overflow-x: hidden; overflow-y: hidden;\">per amore della verit\u00e0 e spero di<\/div>\n<div id=\"_mcePaste\" style=\"position: absolute; left: -10000px; top: 263px; width: 1px; height: 1px; overflow-x: hidden; overflow-y: hidden;\">aver contribuito a chiarire qualche<\/div>\n<div id=\"_mcePaste\" style=\"position: absolute; left: -10000px; top: 263px; width: 1px; height: 1px; overflow-x: hidden; overflow-y: hidden;\">aspetto di questa vicenda.<\/div>\n<div id=\"_mcePaste\" style=\"position: absolute; left: -10000px; top: 263px; width: 1px; height: 1px; overflow-x: hidden; overflow-y: hidden;\">Ma infine concludo che chiunque<\/div>\n<div id=\"_mcePaste\" style=\"position: absolute; left: -10000px; top: 263px; width: 1px; height: 1px; overflow-x: hidden; overflow-y: hidden;\">ha contribuito alla realizzazione<\/div>\n<div id=\"_mcePaste\" style=\"position: absolute; left: -10000px; top: 263px; width: 1px; height: 1px; overflow-x: hidden; overflow-y: hidden;\">della palestra polifunzionale<\/div>\n<div id=\"_mcePaste\" style=\"position: absolute; left: -10000px; top: 263px; width: 1px; height: 1px; overflow-x: hidden; overflow-y: hidden;\">\u00e8 meritevole di lode per<\/div>\n<div id=\"_mcePaste\" style=\"position: absolute; left: -10000px; top: 263px; width: 1px; height: 1px; overflow-x: hidden; overflow-y: hidden;\">un\u2019opera cos\u00ec importante\u201d.<\/div>\n<div id=\"_mcePaste\" style=\"position: absolute; left: -10000px; top: 263px; width: 1px; height: 1px; overflow-x: hidden; overflow-y: hidden;\">Da giovane eri calciatore, pallavolista,<\/div>\n<div id=\"_mcePaste\" style=\"position: absolute; left: -10000px; top: 263px; width: 1px; height: 1px; overflow-x: hidden; overflow-y: hidden;\">segretario dell\u2019U.S.<\/div>\n<div id=\"_mcePaste\" style=\"position: absolute; left: -10000px; top: 263px; width: 1px; height: 1px; overflow-x: hidden; overflow-y: hidden;\">Turi, presidente della societ\u00e0<\/div>\n<div id=\"_mcePaste\" style=\"position: absolute; left: -10000px; top: 263px; width: 1px; height: 1px; overflow-x: hidden; overflow-y: hidden;\">Turium, \u00e8 stato facile essere delegato<\/div>\n<div id=\"_mcePaste\" style=\"position: absolute; left: -10000px; top: 263px; width: 1px; height: 1px; overflow-x: hidden; overflow-y: hidden;\">allo sport?<\/div>\n<div id=\"_mcePaste\" style=\"position: absolute; left: -10000px; top: 263px; width: 1px; height: 1px; overflow-x: hidden; overflow-y: hidden;\">\u201cPer me sicuramente si, in<\/div>\n<div id=\"_mcePaste\" style=\"position: absolute; left: -10000px; top: 263px; width: 1px; height: 1px; overflow-x: hidden; overflow-y: hidden;\">quanto tutte quelle esperienze,<\/div>\n<div id=\"_mcePaste\" style=\"position: absolute; left: -10000px; top: 263px; width: 1px; height: 1px; overflow-x: hidden; overflow-y: hidden;\">anche a livello agonistico,<\/div>\n<div id=\"_mcePaste\" style=\"position: absolute; left: -10000px; top: 263px; width: 1px; height: 1px; overflow-x: hidden; overflow-y: hidden;\">hanno dato a me la possibilit\u00e0<\/div>\n<div id=\"_mcePaste\" style=\"position: absolute; left: -10000px; top: 263px; width: 1px; height: 1px; overflow-x: hidden; overflow-y: hidden;\">di conoscere meglio le problematiche<\/div>\n<div id=\"_mcePaste\" style=\"position: absolute; left: -10000px; top: 263px; width: 1px; height: 1px; overflow-x: hidden; overflow-y: hidden;\">che ruotano intorno<\/div>\n<div id=\"_mcePaste\" style=\"position: absolute; left: -10000px; top: 263px; width: 1px; height: 1px; overflow-x: hidden; overflow-y: hidden;\">alla pratica sportiva e alle difficolt\u00e0<\/div>\n<div id=\"_mcePaste\" style=\"position: absolute; left: -10000px; top: 263px; width: 1px; height: 1px; overflow-x: hidden; overflow-y: hidden;\">delle societ\u00e0. Non a caso,<\/div>\n<div id=\"_mcePaste\" style=\"position: absolute; left: -10000px; top: 263px; width: 1px; height: 1px; overflow-x: hidden; overflow-y: hidden;\">quando ero assessore allo sport<\/div>\n<div id=\"_mcePaste\" style=\"position: absolute; left: -10000px; top: 263px; width: 1px; height: 1px; overflow-x: hidden; overflow-y: hidden;\">cercavo di venir incontro alle<\/div>\n<div id=\"_mcePaste\" style=\"position: absolute; left: -10000px; top: 263px; width: 1px; height: 1px; overflow-x: hidden; overflow-y: hidden;\">societ\u00e0 sportive presenti con<\/div>\n<div id=\"_mcePaste\" style=\"position: absolute; left: -10000px; top: 263px; width: 1px; height: 1px; overflow-x: hidden; overflow-y: hidden;\">contributi elargiti a secondo del<\/div>\n<div id=\"_mcePaste\" style=\"position: absolute; left: -10000px; top: 263px; width: 1px; height: 1px; overflow-x: hidden; overflow-y: hidden;\">livello di appartenenza e con la<\/div>\n<div id=\"_mcePaste\" style=\"position: absolute; left: -10000px; top: 263px; width: 1px; height: 1px; overflow-x: hidden; overflow-y: hidden;\">preoccupazione di aver impianti<\/div>\n<div id=\"_mcePaste\" style=\"position: absolute; left: -10000px; top: 263px; width: 1px; height: 1px; overflow-x: hidden; overflow-y: hidden;\">efficienti. Memorabile fu la battaglia<\/div>\n<div id=\"_mcePaste\" style=\"position: absolute; left: -10000px; top: 263px; width: 1px; height: 1px; overflow-x: hidden; overflow-y: hidden;\">civile per ottenere l\u2019utilizzo<\/div>\n<div id=\"_mcePaste\" style=\"position: absolute; left: -10000px; top: 263px; width: 1px; height: 1px; overflow-x: hidden; overflow-y: hidden;\">della palestra dell\u2019I.T.C. di<\/div>\n<div id=\"_mcePaste\" style=\"position: absolute; left: -10000px; top: 263px; width: 1px; height: 1px; overflow-x: hidden; overflow-y: hidden;\">Turi per consentire alla squadra<\/div>\n<div id=\"_mcePaste\" style=\"position: absolute; left: -10000px; top: 263px; width: 1px; height: 1px; overflow-x: hidden; overflow-y: hidden;\">di pallavolo di iscriversi al campionato\u201d.<\/div>\n<div id=\"_mcePaste\" style=\"position: absolute; left: -10000px; top: 263px; width: 1px; height: 1px; overflow-x: hidden; overflow-y: hidden;\">Perch\u00e9 la delega allo sport o<\/div>\n<div id=\"_mcePaste\" style=\"position: absolute; left: -10000px; top: 263px; width: 1px; height: 1px; overflow-x: hidden; overflow-y: hidden;\">l\u2019assessorato allo sport con Gigantelli<\/div>\n<div id=\"_mcePaste\" style=\"position: absolute; left: -10000px; top: 263px; width: 1px; height: 1px; overflow-x: hidden; overflow-y: hidden;\">non ti \u00e8 stata affidata?<\/div>\n<div id=\"_mcePaste\" style=\"position: absolute; left: -10000px; top: 263px; width: 1px; height: 1px; overflow-x: hidden; overflow-y: hidden;\">\u201cAvevo chiesto questa delega,<\/div>\n<div id=\"_mcePaste\" style=\"position: absolute; left: -10000px; top: 263px; width: 1px; height: 1px; overflow-x: hidden; overflow-y: hidden;\">consapevole delle notevoli difficolt\u00e0<\/div>\n<div id=\"_mcePaste\" style=\"position: absolute; left: -10000px; top: 263px; width: 1px; height: 1px; overflow-x: hidden; overflow-y: hidden;\">presenti, ma la politica<\/div>\n<div id=\"_mcePaste\" style=\"position: absolute; left: -10000px; top: 263px; width: 1px; height: 1px; overflow-x: hidden; overflow-y: hidden;\">ha le sue regole e le sue logiche.<\/div>\n<div id=\"_mcePaste\" style=\"position: absolute; left: -10000px; top: 263px; width: 1px; height: 1px; overflow-x: hidden; overflow-y: hidden;\">Spesso prevalgono i numeri e<\/div>\n<div id=\"_mcePaste\" style=\"position: absolute; left: -10000px; top: 263px; width: 1px; height: 1px; overflow-x: hidden; overflow-y: hidden;\">non le esperienze e competenze,<\/div>\n<div id=\"_mcePaste\" style=\"position: absolute; left: -10000px; top: 263px; width: 1px; height: 1px; overflow-x: hidden; overflow-y: hidden;\">e poi volevo cimentarmi con<\/div>\n<div id=\"_mcePaste\" style=\"position: absolute; left: -10000px; top: 263px; width: 1px; height: 1px; overflow-x: hidden; overflow-y: hidden;\">altre problematiche\u201d.<\/div>\n<div id=\"_mcePaste\" style=\"position: absolute; left: -10000px; top: 263px; width: 1px; height: 1px; overflow-x: hidden; overflow-y: hidden;\">Il Calcio, malato cronico turese,<\/div>\n<div id=\"_mcePaste\" style=\"position: absolute; left: -10000px; top: 263px; width: 1px; height: 1px; overflow-x: hidden; overflow-y: hidden;\">perch\u00e9?<\/div>\n<div id=\"_mcePaste\" style=\"position: absolute; left: -10000px; top: 263px; width: 1px; height: 1px; overflow-x: hidden; overflow-y: hidden;\">\u201cIl calcio, in particolare, riflette<\/div>\n<div id=\"_mcePaste\" style=\"position: absolute; left: -10000px; top: 263px; width: 1px; height: 1px; overflow-x: hidden; overflow-y: hidden;\">gli usi e i costumi del nostro paese,<\/div>\n<div id=\"_mcePaste\" style=\"position: absolute; left: -10000px; top: 263px; width: 1px; height: 1px; overflow-x: hidden; overflow-y: hidden;\">la nostra cultura. Come nella<\/div>\n<div id=\"_mcePaste\" style=\"position: absolute; left: -10000px; top: 263px; width: 1px; height: 1px; overflow-x: hidden; overflow-y: hidden;\">politica, non ho mai creduto<\/div>\n<div id=\"_mcePaste\" style=\"position: absolute; left: -10000px; top: 263px; width: 1px; height: 1px; overflow-x: hidden; overflow-y: hidden;\">agli individuali, nella mia natura<\/div>\n<div id=\"_mcePaste\" style=\"position: absolute; left: -10000px; top: 263px; width: 1px; height: 1px; overflow-x: hidden; overflow-y: hidden;\">e nella mia educazione civica<\/div>\n<div id=\"_mcePaste\" style=\"position: absolute; left: -10000px; top: 263px; width: 1px; height: 1px; overflow-x: hidden; overflow-y: hidden;\">sono scolpiti la collegialit\u00e0 e<\/div>\n<div id=\"_mcePaste\" style=\"position: absolute; left: -10000px; top: 263px; width: 1px; height: 1px; overflow-x: hidden; overflow-y: hidden;\">questo \u00e8 difficile se si pensa di<\/div>\n<div id=\"_mcePaste\" style=\"position: absolute; left: -10000px; top: 263px; width: 1px; height: 1px; overflow-x: hidden; overflow-y: hidden;\">mettere insieme un po\u2019 di gente<\/div>\n<div id=\"_mcePaste\" style=\"position: absolute; left: -10000px; top: 263px; width: 1px; height: 1px; overflow-x: hidden; overflow-y: hidden;\">per creare una classe dirigente<\/div>\n<div id=\"_mcePaste\" style=\"position: absolute; left: -10000px; top: 263px; width: 1px; height: 1px; overflow-x: hidden; overflow-y: hidden;\">che possa gestire tali eventi.<\/div>\n<div id=\"_mcePaste\" style=\"position: absolute; left: -10000px; top: 263px; width: 1px; height: 1px; overflow-x: hidden; overflow-y: hidden;\">Se poi aggiungiamo la carenza<\/div>\n<div id=\"_mcePaste\" style=\"position: absolute; left: -10000px; top: 263px; width: 1px; height: 1px; overflow-x: hidden; overflow-y: hidden;\">degli impianti e l\u2019inefficienza di<\/div>\n<div id=\"_mcePaste\" style=\"position: absolute; left: -10000px; top: 263px; width: 1px; height: 1px; overflow-x: hidden; overflow-y: hidden;\">quelli esistenti credo che la risposta<\/div>\n<div id=\"_mcePaste\" style=\"position: absolute; left: -10000px; top: 263px; width: 1px; height: 1px; overflow-x: hidden; overflow-y: hidden;\">sia tutta qui\u201d.<\/div>\n<div id=\"_mcePaste\" style=\"position: absolute; left: -10000px; top: 263px; width: 1px; height: 1px; overflow-x: hidden; overflow-y: hidden;\">Per concludere cosa ti rimproveri<\/div>\n<div id=\"_mcePaste\" style=\"position: absolute; left: -10000px; top: 263px; width: 1px; height: 1px; overflow-x: hidden; overflow-y: hidden;\">di non aver potuto fare per<\/div>\n<div id=\"_mcePaste\" style=\"position: absolute; left: -10000px; top: 263px; width: 1px; height: 1px; overflow-x: hidden; overflow-y: hidden;\">migliorare lo sport a Turi?<\/div>\n<div id=\"_mcePaste\" style=\"position: absolute; left: -10000px; top: 263px; width: 1px; height: 1px; overflow-x: hidden; overflow-y: hidden;\">\u201cSicuramente le cose da fare<\/div>\n<div id=\"_mcePaste\" style=\"position: absolute; left: -10000px; top: 263px; width: 1px; height: 1px; overflow-x: hidden; overflow-y: hidden;\">erano e sono tante. Ho cercato<\/div>\n<div id=\"_mcePaste\" style=\"position: absolute; left: -10000px; top: 263px; width: 1px; height: 1px; overflow-x: hidden; overflow-y: hidden;\">di dare il meglio contribuendo<\/div>\n<div id=\"_mcePaste\" style=\"position: absolute; left: -10000px; top: 263px; width: 1px; height: 1px; overflow-x: hidden; overflow-y: hidden;\">all\u2019organizzazione di eventi,<\/div>\n<div id=\"_mcePaste\" style=\"position: absolute; left: -10000px; top: 263px; width: 1px; height: 1px; overflow-x: hidden; overflow-y: hidden;\">contribuendo con l\u2019allora amministrazione<\/div>\n<div id=\"_mcePaste\" style=\"position: absolute; left: -10000px; top: 263px; width: 1px; height: 1px; overflow-x: hidden; overflow-y: hidden;\">alla sistemazione<\/div>\n<div id=\"_mcePaste\" style=\"position: absolute; left: -10000px; top: 263px; width: 1px; height: 1px; overflow-x: hidden; overflow-y: hidden;\">delle palestre scolastiche ma<\/div>\n<div id=\"_mcePaste\" style=\"position: absolute; left: -10000px; top: 263px; width: 1px; height: 1px; overflow-x: hidden; overflow-y: hidden;\">soprattutto era importante il<\/div>\n<div id=\"_mcePaste\" style=\"position: absolute; left: -10000px; top: 263px; width: 1px; height: 1px; overflow-x: hidden; overflow-y: hidden;\">dialogo avviato con tutte le societ\u00e0<\/div>\n<div id=\"_mcePaste\" style=\"position: absolute; left: -10000px; top: 263px; width: 1px; height: 1px; overflow-x: hidden; overflow-y: hidden;\">sportive che erano tante,<\/div>\n<div id=\"_mcePaste\" style=\"position: absolute; left: -10000px; top: 263px; width: 1px; height: 1px; overflow-x: hidden; overflow-y: hidden;\">senza far mancare la presenze al<\/div>\n<div id=\"_mcePaste\" style=\"position: absolute; left: -10000px; top: 263px; width: 1px; height: 1px; overflow-x: hidden; overflow-y: hidden;\">loro fianco, pronti ad affrontare<\/div>\n<div id=\"_mcePaste\" style=\"position: absolute; left: -10000px; top: 263px; width: 1px; height: 1px; overflow-x: hidden; overflow-y: hidden;\">insieme le difficolt\u00e0. Ma ho un<\/div>\n<div id=\"_mcePaste\" style=\"position: absolute; left: -10000px; top: 263px; width: 1px; height: 1px; overflow-x: hidden; overflow-y: hidden;\">vero rammarico, quello di non<\/div>\n<div id=\"_mcePaste\" style=\"position: absolute; left: -10000px; top: 263px; width: 1px; height: 1px; overflow-x: hidden; overflow-y: hidden;\">aver contribuito alla creazione<\/div>\n<div id=\"_mcePaste\" style=\"position: absolute; left: -10000px; top: 263px; width: 1px; height: 1px; overflow-x: hidden; overflow-y: hidden;\">di una fondazione dedicate al<\/div>\n<div id=\"_mcePaste\" style=\"position: absolute; left: -10000px; top: 263px; width: 1px; height: 1px; overflow-x: hidden; overflow-y: hidden;\">nostro Mago di Turi \u201cOronzo<\/div>\n<div id=\"_mcePaste\" style=\"position: absolute; left: -10000px; top: 263px; width: 1px; height: 1px; overflow-x: hidden; overflow-y: hidden;\">Pugliese\u201d, ma ne parler\u00f2 con il<\/div>\n<div id=\"_mcePaste\" style=\"position: absolute; left: -10000px; top: 263px; width: 1px; height: 1px; overflow-x: hidden; overflow-y: hidden;\">dott. Palasciano delegato allo<\/div>\n<div id=\"_mcePaste\" style=\"position: absolute; left: -10000px; top: 263px; width: 1px; height: 1px; overflow-x: hidden; overflow-y: hidden;\">sport che, ad onor del vero, sta<\/div>\n<div id=\"_mcePaste\" style=\"position: absolute; left: -10000px; top: 263px; width: 1px; height: 1px; overflow-x: hidden; overflow-y: hidden;\">prendendo a cuore tutto ci\u00f2 che<\/div>\n<div id=\"_mcePaste\" style=\"position: absolute; left: -10000px; top: 263px; width: 1px; height: 1px; overflow-x: hidden; overflow-y: hidden;\">ruota intorno al mondo dello<\/div>\n<div id=\"_mcePaste\" style=\"position: absolute; left: -10000px; top: 263px; width: 1px; height: 1px; overflow-x: hidden; overflow-y: hidden;\">sport. Quindi sarebbe opportuno<\/div>\n<div id=\"_mcePaste\" style=\"position: absolute; left: -10000px; top: 263px; width: 1px; height: 1px; overflow-x: hidden; overflow-y: hidden;\">sentire lui a tal proposito.<\/div>\n<div id=\"_mcePaste\" style=\"position: absolute; left: -10000px; top: 263px; width: 1px; height: 1px; overflow-x: hidden; overflow-y: hidden;\">Comunque concludo con una<\/div>\n<div id=\"_mcePaste\" style=\"position: absolute; left: -10000px; top: 263px; width: 1px; height: 1px; overflow-x: hidden; overflow-y: hidden;\">considerazione personale a tutti<\/div>\n<div id=\"_mcePaste\" style=\"position: absolute; left: -10000px; top: 263px; width: 1px; height: 1px; overflow-x: hidden; overflow-y: hidden;\">gli addetti ai lavori: i problemi<\/div>\n<div id=\"_mcePaste\" style=\"position: absolute; left: -10000px; top: 263px; width: 1px; height: 1px; overflow-x: hidden; overflow-y: hidden;\">della gente, e non solo per lo<\/div>\n<div id=\"_mcePaste\" style=\"position: absolute; left: -10000px; top: 263px; width: 1px; height: 1px; overflow-x: hidden; overflow-y: hidden;\">sport, non sono mai stati risolti<\/div>\n<div id=\"_mcePaste\" style=\"position: absolute; left: -10000px; top: 263px; width: 1px; height: 1px; overflow-x: hidden; overflow-y: hidden;\">da una persona, ma da un gruppo<\/div>\n<div id=\"_mcePaste\" style=\"position: absolute; left: -10000px; top: 263px; width: 1px; height: 1px; overflow-x: hidden; overflow-y: hidden;\">dirigente se lavora in armonia.<\/div>\n<div id=\"_mcePaste\" style=\"position: absolute; left: -10000px; top: 263px; width: 1px; height: 1px; overflow-x: hidden; overflow-y: hidden;\">La vera politica \u00e8 questa\u201d.<\/div>\n<div id=\"_mcePaste\" style=\"position: absolute; left: -10000px; top: 263px; width: 1px; height: 1px; overflow-x: hidden; overflow-y: hidden;\">L\u2019intervista a Vito Totaro pensavo<\/div>\n<div id=\"_mcePaste\" style=\"position: absolute; left: -10000px; top: 263px; width: 1px; height: 1px; overflow-x: hidden; overflow-y: hidden;\">fosse, nelle risposte, pi\u00f9<\/div>\n<div id=\"_mcePaste\" style=\"position: absolute; left: -10000px; top: 263px; width: 1px; height: 1px; overflow-x: hidden; overflow-y: hidden;\">aggressiva, ma il suo modo di<\/div>\n<div id=\"_mcePaste\" style=\"position: absolute; left: -10000px; top: 263px; width: 1px; height: 1px; overflow-x: hidden; overflow-y: hidden;\">essere pacato, tranquillo, lo ha<\/div>\n<div id=\"_mcePaste\" style=\"position: absolute; left: -10000px; top: 263px; width: 1px; height: 1px; overflow-x: hidden; overflow-y: hidden;\">tenuto lontano lontano dalle<\/div>\n<div id=\"_mcePaste\" style=\"position: absolute; left: -10000px; top: 263px; width: 1px; height: 1px; overflow-x: hidden; overflow-y: hidden;\">polemiche. Si \u00e8 difeso sui fari<\/div>\n<div id=\"_mcePaste\" style=\"position: absolute; left: -10000px; top: 263px; width: 1px; height: 1px; overflow-x: hidden; overflow-y: hidden;\">al campo sportivo, ma ci fa riflettere<\/div>\n<div id=\"_mcePaste\" style=\"position: absolute; left: -10000px; top: 263px; width: 1px; height: 1px; overflow-x: hidden; overflow-y: hidden;\">quando ammette che \u201csi<\/div>\n<div id=\"_mcePaste\" style=\"position: absolute; left: -10000px; top: 263px; width: 1px; height: 1px; overflow-x: hidden; overflow-y: hidden;\">sistemano gli spogliatoi senza<\/div>\n<div id=\"_mcePaste\" style=\"position: absolute; left: -10000px; top: 263px; width: 1px; height: 1px; overflow-x: hidden; overflow-y: hidden;\">pensare al terreno di gioco\u201d.<\/div>\n<div id=\"_mcePaste\" style=\"position: absolute; left: -10000px; top: 263px; width: 1px; height: 1px; overflow-x: hidden; overflow-y: hidden;\">\u201cTanti anni di abbandono hanno<\/div>\n<div id=\"_mcePaste\" style=\"position: absolute; left: -10000px; top: 263px; width: 1px; height: 1px; overflow-x: hidden; overflow-y: hidden;\">prodotto danni notevoli\u201d.<\/div>\n<div id=\"_mcePaste\" style=\"position: absolute; left: -10000px; top: 263px; width: 1px; height: 1px; overflow-x: hidden; overflow-y: hidden;\">\u201cL\u2019Amministrazione Stefanachi<\/div>\n<div id=\"_mcePaste\" style=\"position: absolute; left: -10000px; top: 263px; width: 1px; height: 1px; overflow-x: hidden; overflow-y: hidden;\">ha trovato gli impianti sportivi<\/div>\n<div id=\"_mcePaste\" style=\"position: absolute; left: -10000px; top: 263px; width: 1px; height: 1px; overflow-x: hidden; overflow-y: hidden;\">abbandonati, completamente<\/div>\n<div id=\"_mcePaste\" style=\"position: absolute; left: -10000px; top: 263px; width: 1px; height: 1px; overflow-x: hidden; overflow-y: hidden;\">chiusi\u201d. A queste sue riflessioni<\/div>\n<div id=\"_mcePaste\" style=\"position: absolute; left: -10000px; top: 263px; width: 1px; height: 1px; overflow-x: hidden; overflow-y: hidden;\">risponderemo a chiusura delle<\/div>\n<div id=\"_mcePaste\" style=\"position: absolute; left: -10000px; top: 263px; width: 1px; height: 1px; overflow-x: hidden; overflow-y: hidden;\">interviste ai restanti due assessori<\/div>\n<div id=\"_mcePaste\" style=\"position: absolute; left: -10000px; top: 263px; width: 1px; height: 1px; overflow-x: hidden; overflow-y: hidden;\">allo sport: Alberto Lenato e<\/div>\n<div id=\"_mcePaste\" style=\"position: absolute; left: -10000px; top: 263px; width: 1px; height: 1px; overflow-x: hidden; overflow-y: hidden;\">Piero Palasciano.<\/div>\n<p><strong>Perch\u00e9 nel vostro programma,\u00a0Sindaco Stefanachi, non\u00a0era previsto il palazzetto dello\u00a0sport.<\/strong><\/p>\n<p style=\"text-align: justify;\">\u201cSulla vicenda del palazzetto\u00a0per definirla devono parlare le\u00a0carte, visto che ne sento di tutti\u00a0i colori e tutti hanno contribuito\u00a0alla realizzazione della struttura.\u00a0Io penso che comunque \u00e8 un\u00a0bene che ci sia e bravo a chi gli\u00a0\u00e8 venuta l\u2019idea, cos\u00ec non si offende\u00a0nessuno visto che in tanti\u00a0si fanno promotori. Per quanto\u00a0mi risulta e con documenti alla\u00a0mano, che le consegno in copia,\u00a0la storia comincia nel 2000 che\u00a0con delibera di Giunta Comunale\u00a0n.183 del 20\/10 (Adozione\u00a0del programma triennale delle\u00a0opere pubbliche) ove fu prevista\u00a0la realizzazione di una palestra\u00a0funzionale con una stima\u00a0del costo complessivo di Lire\u00a02.600.000.000 (Duemiliardiseicentomilioni).\u00a0Con delibera di Giunta Comunale\u00a0n. 41 del 23\/02\/2001,\u00a0fu approvato il progetto preliminare\u00a0dell\u2019importo di Lire\u00a02.000.000.000 (Duemiliardi)\u00a0con un importo netto dei lavori\u00a0di Lire 1.620.000.000 (Unmiliardoseicentoventimilioni);\u00a0Con delibera di Giunta Comunale\u00a0n. 121 del 25\/05\/2001 furono\u00a0affidati gli incarichi di progettazione:<\/p>\n<p>&#8211; Opere murarie all\u2019Ufficio Tecnico\u00a0Comunale;<\/p>\n<div>&#8211; Impianto idrico ed elettrico\u00a0all\u2019Ing. Giovanni Marinelli;<\/div>\n<p>&#8211; Impianto termico all\u2019Ing. Maria\u00a0D\u2019Ambruoso.<\/p>\n<p style=\"text-align: justify;\">Con delibera n.123 del\u00a025\/05\/2001 (stessa seduta di\u00a0giunta) fu affidato l\u2019incarico di\u00a0Coordinatore in base di progettazione\u00a0all\u2019 Ing. Natale Gianluca.\u00a0Opera da finanziare con muto\u00a0da contrarre con la Cassa Depositi\u00a0e Prestiti.\u00a0Capisco la sua domanda provocatoria\u00a0ma \u00e8 giusto far chiarezza\u00a0per amore della verit\u00e0 e spero di\u00a0aver contribuito a chiarire qualche\u00a0aspetto di questa vicenda.\u00a0Ma infine concludo che chiunque\u00a0ha contribuito alla realizzazione\u00a0della palestra polifunzionale\u00a0\u00e8 meritevole di lode per\u00a0un\u2019opera cos\u00ec importante\u201d.<\/p>\n<p><strong>Da giovane eri calciatore, pallavolista,\u00a0segretario dell\u2019U.S.\u00a0Turi, presidente della societ\u00e0\u00a0Turium, \u00e8 stato facile essere delegato\u00a0allo sport?<\/strong><\/p>\n<p style=\"text-align: justify;\">\u201cPer me sicuramente si, in\u00a0quanto tutte quelle esperienze,\u00a0anche a livello agonistico,\u00a0hanno dato a me la possibilit\u00e0\u00a0di conoscere meglio le problematiche\u00a0che ruotano intorno\u00a0alla pratica sportiva e alle difficolt\u00e0\u00a0delle societ\u00e0. Non a caso,\u00a0quando ero assessore allo sport\u00a0cercavo di venir incontro alle\u00a0societ\u00e0 sportive presenti con\u00a0contributi elargiti a secondo del\u00a0livello di appartenenza e con la\u00a0preoccupazione di aver impianti\u00a0efficienti. Memorabile fu la battaglia\u00a0civile per ottenere l\u2019utilizzo\u00a0della palestra dell\u2019I.T.C. di\u00a0Turi per consentire alla squadra\u00a0di pallavolo di iscriversi al campionato\u201d.<\/p>\n<p><strong>Perch\u00e9 la delega allo sport o\u00a0l\u2019assessorato allo sport con Gigantelli\u00a0non ti \u00e8 stata affidata?<\/strong><\/p>\n<p>\u201cAvevo chiesto questa delega,\u00a0consapevole delle notevoli difficolt\u00e0\u00a0presenti, ma la politica\u00a0ha le sue regole e le sue logiche.\u00a0Spesso prevalgono i numeri e\u00a0non le esperienze e competenze,\u00a0e poi volevo cimentarmi con\u00a0altre problematiche\u201d.<\/p>\n<p style=\"text-align: justify;\"><strong>Il Calcio, malato cronico turese,\u00a0perch\u00e9?<\/strong><\/p>\n<p>\u201cIl calcio, in particolare, riflette\u00a0gli usi e i costumi del nostro paese,\u00a0la nostra cultura. Come nellapolitica, non ho mai creduto\u00a0agli individuali, nella mia natura\u00a0e nella mia educazione civica\u00a0sono scolpiti la collegialit\u00e0 e\u00a0questo \u00e8 difficile se si pensa di\u00a0mettere insieme un po\u2019 di gente\u00a0per creare una classe dirigente\u00a0che possa gestire tali eventi.\u00a0Se poi aggiungiamo la carenza\u00a0degli impianti e l\u2019inefficienza di\u00a0quelli esistenti credo che la risposta\u00a0sia tutta qui\u201d.<\/p>\n<p><strong>Per concludere cosa ti rimproveri\u00a0di non aver potuto fare per\u00a0migliorare lo sport a Turi?<\/strong><\/p>\n<p style=\"text-align: justify;\">\u201cSicuramente le cose da fare\u00a0erano e sono tante. Ho cercato\u00a0di dare il meglio contribuendo\u00a0all\u2019organizzazione di eventi,\u00a0contribuendo con l\u2019allora amministrazione\u00a0alla sistemazione\u00a0delle palestre scolastiche ma\u00a0soprattutto era importante il\u00a0dialogo avviato con tutte le societ\u00e0\u00a0sportive che erano tante,\u00a0senza far mancare la presenze al\u00a0loro fianco, pronti ad affrontare\u00a0insieme le difficolt\u00e0. Ma ho un\u00a0vero rammarico, quello di non\u00a0aver contribuito alla creazione\u00a0di una fondazione dedicate al\u00a0nostro Mago di Turi \u201cOronzo\u00a0Pugliese\u201d, ma ne parler\u00f2 con il\u00a0dott. Palasciano delegato allo\u00a0sport che, ad onor del vero, sta\u00a0prendendo a cuore tutto ci\u00f2 che\u00a0ruota intorno al mondo dello\u00a0sport. Quindi sarebbe opportuno\u00a0sentire lui a tal proposito.\u00a0Comunque concludo con una\u00a0considerazione personale a tutti\u00a0gli addetti ai lavori: i problemi\u00a0della gente, e non solo per lo\u00a0sport, non sono mai stati risolti\u00a0da una persona, ma da un gruppo\u00a0dirigente se lavora in armonia.\u00a0La vera politica \u00e8 questa\u201d.<\/p>\n<p style=\"text-align: justify;\">L\u2019intervista a Vito Totaro pensavo\u00a0fosse, nelle risposte, pi\u00f9\u00a0aggressiva, ma il suo modo di\u00a0essere pacato, tranquillo, lo ha\u00a0tenuto lontano lontano dalle\u00a0polemiche. Si \u00e8 difeso sui fari\u00a0al campo sportivo, ma ci fa riflettere\u00a0quando ammette che \u201csi\u00a0sistemano gli spogliatoi senza\u00a0pensare al terreno di gioco\u201d.\u00a0\u201cTanti anni di abbandono hanno\u00a0prodotto danni notevoli\u201d.\u00a0\u201cL\u2019Amministrazione Stefanachi mha trovato gli impianti sportivi\u00a0abbandonati, completamente\u00a0chiusi\u201d. A queste sue riflessioni\u00a0risponderemo a chiusura delle\u00a0interviste ai restanti due assessori\u00a0allo sport: Alberto Lenato e\u00a0Piero Palasciano.<\/p>\n<p>\u00a0<\/p>\n<p style=\"text-align: justify;\">\u00a0<\/p>\n<p style=\"text-align: right;\">\u00a0<\/p>\n","protected":false},"excerpt":{"rendered":"<p><img loading=\"lazy\" decoding=\"async\" class=\" size-full wp-image-6504\" src=\"https:\/\/archivioturi.lavocedelpaese.info\/wp-content\/uploads\/2011\/07\/foto_cinzia_calcio.jpg\" width=\"320\" height=\"150\" alt=\"foto_cinzia_calcio\" srcset=\"https:\/\/archivioturi.lavocedelpaese.info\/wp-content\/uploads\/2011\/07\/foto_cinzia_calcio.jpg 640w, https:\/\/archivioturi.lavocedelpaese.info\/wp-content\/uploads\/2011\/07\/foto_cinzia_calcio-300x141.jpg 300w\" sizes=\"auto, (max-width: 320px) 100vw, 320px\" \/><\/p>\n","protected":false},"author":1,"featured_media":6504,"comment_status":"open","ping_status":"closed","sticky":false,"template":"","format":"standard","meta":{"colormag_page_container_layout":"default_layout","colormag_page_sidebar_layout":"default_layout","footnotes":""},"categories":[7],"tags":[],"class_list":["post-6505","post","type-post","status-publish","format-standard","has-post-thumbnail","hentry","category-attualita"],"_links":{"self":[{"href":"https:\/\/archivioturi.lavocedelpaese.info\/index.php\/wp-json\/wp\/v2\/posts\/6505","targetHints":{"allow":["GET"]}}],"collection":[{"href":"https:\/\/archivioturi.lavocedelpaese.info\/index.php\/wp-json\/wp\/v2\/posts"}],"about":[{"href":"https:\/\/archivioturi.lavocedelpaese.info\/index.php\/wp-json\/wp\/v2\/types\/post"}],"author":[{"embeddable":true,"href":"https:\/\/archivioturi.lavocedelpaese.info\/index.php\/wp-json\/wp\/v2\/users\/1"}],"replies":[{"embeddable":true,"href":"https:\/\/archivioturi.lavocedelpaese.info\/index.php\/wp-json\/wp\/v2\/comments?post=6505"}],"version-history":[{"count":0,"href":"https:\/\/archivioturi.lavocedelpaese.info\/index.php\/wp-json\/wp\/v2\/posts\/6505\/revisions"}],"wp:featuredmedia":[{"embeddable":true,"href":"https:\/\/archivioturi.lavocedelpaese.info\/index.php\/wp-json\/wp\/v2\/media\/6504"}],"wp:attachment":[{"href":"https:\/\/archivioturi.lavocedelpaese.info\/index.php\/wp-json\/wp\/v2\/media?parent=6505"}],"wp:term":[{"taxonomy":"category","embeddable":true,"href":"https:\/\/archivioturi.lavocedelpaese.info\/index.php\/wp-json\/wp\/v2\/categories?post=6505"},{"taxonomy":"post_tag","embeddable":true,"href":"https:\/\/archivioturi.lavocedelpaese.info\/index.php\/wp-json\/wp\/v2\/tags?post=6505"}],"curies":[{"name":"wp","href":"https:\/\/api.w.org\/{rel}","templated":true}]}}