{"id":6470,"date":"2011-06-21T08:00:03","date_gmt":"2011-06-21T08:00:03","guid":{"rendered":"https:\/\/archivioturi.lavocedelpaese.info\/index.php\/2011\/06\/21\/ore-800-pronti-per-lesame\/"},"modified":"2011-06-21T08:00:03","modified_gmt":"2011-06-21T08:00:03","slug":"ore-800-pronti-per-lesame","status":"publish","type":"post","link":"https:\/\/archivioturi.lavocedelpaese.info\/index.php\/2011\/06\/21\/ore-800-pronti-per-lesame\/","title":{"rendered":"GIOVEDI&#8217;, ORE 8.00: PRONTI PER L\u2019ESAME"},"content":{"rendered":"<p><img loading=\"lazy\" decoding=\"async\" class=\" size-full wp-image-6469\" src=\"https:\/\/archivioturi.lavocedelpaese.info\/wp-content\/uploads\/2011\/06\/sc_media_1.jpg\" width=\"320\" height=\"150\" alt=\"sc_media_1\" srcset=\"https:\/\/archivioturi.lavocedelpaese.info\/wp-content\/uploads\/2011\/06\/sc_media_1.jpg 640w, https:\/\/archivioturi.lavocedelpaese.info\/wp-content\/uploads\/2011\/06\/sc_media_1-300x141.jpg 300w\" sizes=\"auto, (max-width: 320px) 100vw, 320px\" \/><\/p>\n<p style=\"text-align: justify;\">Le vacanze estive non sono ancora iniziate per i ragazzi turesi, chiamati a sostenere, dalla mattinata di gioved\u00ec 16 giugno, l&#8217;esame di stato di terza media. Emozionati, agitati, spaventati i sentimenti raccolti alle ore 8.00 dai ragazzi in procinto di entrare a scuola. La prova pi\u00f9 temuta? \u201cQuella di matematica\u201d \u2013 ci raccontano.<\/p>\n<p style=\"text-align: justify;\">Gli esaminandi dovranno affrontare 5 giorni di prove scritte di Italiano, Matematica, due lingue straniere e infine la prova nazionale Invalsi. Dopo qualche giorno di pausa sosterranno un colloquio finale su tutte le materie studiate nell&#8217;ultimo anno. Per quanto riguarda la seconda lingua straniera il Miur stabilisce l&#8217;autonomia dei collegi dei docenti nella scelta se fare o meno la prova scritta.<\/p>\n<p style=\"text-align: justify;\">\u201cNella scuola media di Turi &#8211; ci spiega una docente della stessa &#8211; tutte le classi studiano due lingue e gli studenti faranno la prova scritta anche per il Francese, questo per garantire la pari dignit\u00e0 alle due lingue comunitarie e per evitare che gli studenti attribuiscano durante l\u2019anno minore importanza alla lingua non oggetto di esame\u201d.<\/p>\n<p style=\"text-align: justify;\">Conversando con la docente scopriamo che la novit\u00e0 principale di quest\u2019anno riguarda la prova Invalsi. Si tratta di un test predisposto dall&#8217;Istituto Nazionale per la Valutazione del Sistema d&#8217;Istruzione e Formazione su mandato del ministro. Il test Invalsi si svolger\u00e0 su scala nazionale per tutte le scuole in data 20 giugno, unica data stabilita dal ministero della Pubblica istruzione. Quest&#8217;anno accogliendo le richieste di diverse scuole, si \u00e8 deciso di allungare di 30 minuti il tempo a disposizione per lo svolgimento del test, 15 minuti in pi\u00f9 per il test di matematica e 15 in pi\u00f9 per il test d&#8217;italiano. Ogni prova durer\u00e0 quindi 75 minuti con un intervallo di 15 minuti fra una prova e l\u2019altra. Inoltre, altra novit\u00e0, \u00e8 stato stabilito che gli alunni svolgano prima la prova di matematica e poi quella di italiano, ritenendo il test matematica pi\u00f9 difficile.<\/p>\n<p style=\"text-align: justify;\">Due sono i ragazzi non ammessi alle prove d\u2019esame che sono state cos\u00ec divise: prova di italiano il 16\/06; prova scritta di lingua francese il 17\/06; prova scritta di matematica il 18\/06; prova nazionale invalsi il 20\/06; prova scritta di lingua inglese il 21\/06.<\/p>\n<p style=\"text-align: justify;\">Il voto finale si otterr\u00e0 facendo la media aritmetica tra i voti di ammissione, quelli di tutti le prove scritte, compresa la prova Invalsi, e della prova orale. Sia il voto finale che il punteggio di ciascuna prova dell&#8217;esame saranno espressi in decimi. Agli alunni che ottengono una media di 10\/10, la commissione pu\u00f2 all\u2019unanimit\u00e0 assegnare la lode.<\/p>\n<p>\u00a0<\/p>\n","protected":false},"excerpt":{"rendered":"<p><img loading=\"lazy\" decoding=\"async\" class=\" size-full wp-image-6469\" src=\"https:\/\/archivioturi.lavocedelpaese.info\/wp-content\/uploads\/2011\/06\/sc_media_1.jpg\" width=\"320\" height=\"150\" alt=\"sc_media_1\" srcset=\"https:\/\/archivioturi.lavocedelpaese.info\/wp-content\/uploads\/2011\/06\/sc_media_1.jpg 640w, https:\/\/archivioturi.lavocedelpaese.info\/wp-content\/uploads\/2011\/06\/sc_media_1-300x141.jpg 300w\" sizes=\"auto, (max-width: 320px) 100vw, 320px\" \/><\/p>\n","protected":false},"author":1,"featured_media":6469,"comment_status":"open","ping_status":"closed","sticky":false,"template":"","format":"standard","meta":{"colormag_page_container_layout":"default_layout","colormag_page_sidebar_layout":"default_layout","footnotes":""},"categories":[7],"tags":[],"class_list":["post-6470","post","type-post","status-publish","format-standard","has-post-thumbnail","hentry","category-attualita"],"_links":{"self":[{"href":"https:\/\/archivioturi.lavocedelpaese.info\/index.php\/wp-json\/wp\/v2\/posts\/6470","targetHints":{"allow":["GET"]}}],"collection":[{"href":"https:\/\/archivioturi.lavocedelpaese.info\/index.php\/wp-json\/wp\/v2\/posts"}],"about":[{"href":"https:\/\/archivioturi.lavocedelpaese.info\/index.php\/wp-json\/wp\/v2\/types\/post"}],"author":[{"embeddable":true,"href":"https:\/\/archivioturi.lavocedelpaese.info\/index.php\/wp-json\/wp\/v2\/users\/1"}],"replies":[{"embeddable":true,"href":"https:\/\/archivioturi.lavocedelpaese.info\/index.php\/wp-json\/wp\/v2\/comments?post=6470"}],"version-history":[{"count":0,"href":"https:\/\/archivioturi.lavocedelpaese.info\/index.php\/wp-json\/wp\/v2\/posts\/6470\/revisions"}],"wp:featuredmedia":[{"embeddable":true,"href":"https:\/\/archivioturi.lavocedelpaese.info\/index.php\/wp-json\/wp\/v2\/media\/6469"}],"wp:attachment":[{"href":"https:\/\/archivioturi.lavocedelpaese.info\/index.php\/wp-json\/wp\/v2\/media?parent=6470"}],"wp:term":[{"taxonomy":"category","embeddable":true,"href":"https:\/\/archivioturi.lavocedelpaese.info\/index.php\/wp-json\/wp\/v2\/categories?post=6470"},{"taxonomy":"post_tag","embeddable":true,"href":"https:\/\/archivioturi.lavocedelpaese.info\/index.php\/wp-json\/wp\/v2\/tags?post=6470"}],"curies":[{"name":"wp","href":"https:\/\/api.w.org\/{rel}","templated":true}]}}