{"id":6420,"date":"2011-06-14T13:39:11","date_gmt":"2011-06-14T13:39:11","guid":{"rendered":"https:\/\/archivioturi.lavocedelpaese.info\/index.php\/2011\/06\/14\/il-futuro-del-centro-sinistra\/"},"modified":"2011-06-14T13:39:11","modified_gmt":"2011-06-14T13:39:11","slug":"il-futuro-del-centro-sinistra","status":"publish","type":"post","link":"https:\/\/archivioturi.lavocedelpaese.info\/index.php\/2011\/06\/14\/il-futuro-del-centro-sinistra\/","title":{"rendered":"IL FUTURO DEL CENTRO SINISTRA"},"content":{"rendered":"<p><img loading=\"lazy\" decoding=\"async\" class=\" size-full wp-image-1220\" alt=\"pd_logo\" height=\"150\" width=\"320\" src=\"https:\/\/archivioturi.lavocedelpaese.info\/wp-content\/uploads\/2010\/01\/pd_logo.jpg\" srcset=\"https:\/\/archivioturi.lavocedelpaese.info\/wp-content\/uploads\/2010\/01\/pd_logo.jpg 640w, https:\/\/archivioturi.lavocedelpaese.info\/wp-content\/uploads\/2010\/01\/pd_logo-300x141.jpg 300w\" sizes=\"auto, (max-width: 320px) 100vw, 320px\" \/><\/p>\n<p>\u00a0<\/p>\n<div id=\"_mcePaste\" style=\"position: absolute; left: -10000px; top: 0px; width: 1px; height: 1px; overflow-x: hidden; overflow-y: hidden;\">A margine dell\u2019incontro del centro sinistra quali le impressioni del suo Partito?<\/div>\n<div id=\"_mcePaste\" style=\"position: absolute; left: -10000px; top: 0px; width: 1px; height: 1px; overflow-x: hidden; overflow-y: hidden;\">Dialogare \u00e8 sempre una buona scelta. Solo cos\u00ec si possono superare, appianare incomprensioni, fraintendimenti e altro. E\u2019 un inizio, si vedr\u00e0. Certamente \u00e8 prematuro fare previsioni, la cosa che pi\u00f9 mi premeva era riportare il dialogo sulle cose piuttosto che sulle persone. La buona volont\u00e0 sulle cosa da farsi \u00e8 stata manifestata da tutti i partecipanti ma&#8230;in un incontro preliminare non ci si pu\u00f2 spingere pi\u00f9 di tanto.<\/div>\n<div id=\"_mcePaste\" style=\"position: absolute; left: -10000px; top: 0px; width: 1px; height: 1px; overflow-x: hidden; overflow-y: hidden;\">Ognuno di noi, per grandi linee ha prospettato un percorso che, per quanto ci riguarda, vede partecipi non soltanto persone e\/o partiti di \u201carea\u201d, ma anche altri soggetti. Ho percepito disponibilit\u00e0 all\u2019ascolto. andiamo avanti e verifichiamo la possibili\u00e0 vera del dialogo.2. Quale strategia vorrebbe seguire il PD per costruire l\u2019alleanza per le prossime amministrative<\/div>\n<div id=\"_mcePaste\" style=\"position: absolute; left: -10000px; top: 0px; width: 1px; height: 1px; overflow-x: hidden; overflow-y: hidden;\">Ho gi\u00e0 anticipato il nostro progetto. Vedete, il risultato del voto nei grandi e piccoli centri alle ultime amministrative ha dato un grande segnale. Sta finendo, troppo lentamente, un ciclo buio per l\u2019Italia. Un ciclo storico-politico fatto di continui attacchi all\u2019essenza stessa della democrazia: il riconoscimento della funzione, del ruolo dei partiti, della funzione della magistratura, di quella dell\u2019informazione, del ruolo stesso della presidenza della Repubblica.<\/div>\n<div id=\"_mcePaste\" style=\"position: absolute; left: -10000px; top: 0px; width: 1px; height: 1px; overflow-x: hidden; overflow-y: hidden;\">Lo stesso capo dello stato \u00e8 stato ripetutamente fatto oggetto di tentativi di delegittimazione. Miseramente falliti.<\/div>\n<div id=\"_mcePaste\" style=\"position: absolute; left: -10000px; top: 0px; width: 1px; height: 1px; overflow-x: hidden; overflow-y: hidden;\">Un ciclo storico-politica caratterizzato da un\u2019idea della Costituzione di una gabbia da cui fuggire, di cui liberarsi ,per avere mano libera.<\/div>\n<div id=\"_mcePaste\" style=\"position: absolute; left: -10000px; top: 0px; width: 1px; height: 1px; overflow-x: hidden; overflow-y: hidden;\">Libera di fare che?&#8230;<\/div>\n<div id=\"_mcePaste\" style=\"position: absolute; left: -10000px; top: 0px; width: 1px; height: 1px; overflow-x: hidden; overflow-y: hidden;\">Per fortuna il tentativo non \u00e8 stato portato a compimento. gli italiani hanno deciso di fermarlo. Che cosa dobbiamo dedurre da questo messaggio?<\/div>\n<div id=\"_mcePaste\" style=\"position: absolute; left: -10000px; top: 0px; width: 1px; height: 1px; overflow-x: hidden; overflow-y: hidden;\">La gente ha indicato il cambiamento che vuole, ha dato fiducia a chi ha proposto un futuro fatto di buona politica, e mi piace che lo stesso Mimmo Leogrande, ma non solo, condivida questa mia idea che gi\u00e0 la sera stessa dei risultati delle amministrative avevamo commentato usando quelle parole.<\/div>\n<div id=\"_mcePaste\" style=\"position: absolute; left: -10000px; top: 0px; width: 1px; height: 1px; overflow-x: hidden; overflow-y: hidden;\">Questo \u00e8 possibile anche qui a Turi?<\/div>\n<div id=\"_mcePaste\" style=\"position: absolute; left: -10000px; top: 0px; width: 1px; height: 1px; overflow-x: hidden; overflow-y: hidden;\">Il Partito Democratico, lo abbiamo detto gi\u00e0 in altre circostanze, si pone al centro di un movimento che abbracci, accolga, le istanze di rinnovamento ideale della politica turese e della buona pratica amministrativa, a cominciare dagli stessi consiglieri comunali che con me hanno collaborato e collaborano in consiglio nel tentativo di dare dignit\u00e0 al vuoto politico espresso da questa amministrazione.<\/div>\n<div id=\"_mcePaste\" style=\"position: absolute; left: -10000px; top: 0px; width: 1px; height: 1px; overflow-x: hidden; overflow-y: hidden;\">A questi, ai partiti, a tutte le forze buone, ai cittadini, noi vogliamo dare la possibilit\u00e0 di costruire un progetto nuovo che accolga le istanze di cui parlavamo prima,che accolga quelle forze, quelle menti, quella buona progettualit\u00e0 presenti a Turi.<\/div>\n<div id=\"_mcePaste\" style=\"position: absolute; left: -10000px; top: 0px; width: 1px; height: 1px; overflow-x: hidden; overflow-y: hidden;\">Costruiamo insieme il futuro! E per fare questo, l\u2019impegno di tutti deve essere massimo.<\/div>\n<div id=\"_mcePaste\" style=\"position: absolute; left: -10000px; top: 0px; width: 1px; height: 1px; overflow-x: hidden; overflow-y: hidden;\">I \u201cse\u201d e i \u201cma\u201d che spesso, troppo spesso, hanno sottolineato l\u2019attivit\u00e0 dei consiglieri di minoranza, quella che \u00e8 stata tale sin dal primo consiglio!, hanno solo delegittimato, ingiustamente, la nostra azione accrescendo il radicamento della destra.<\/div>\n<div id=\"_mcePaste\" style=\"position: absolute; left: -10000px; top: 0px; width: 1px; height: 1px; overflow-x: hidden; overflow-y: hidden;\">Il Partito Democratico aspetta e sollecita chi, rispondendo alla necessit\u00e0 della buona politica, accetter\u00e0 di mettersi in gioco.<\/div>\n<div id=\"_mcePaste\" style=\"position: absolute; left: -10000px; top: 0px; width: 1px; height: 1px; overflow-x: hidden; overflow-y: hidden;\">Turi lo merita3. Come si sceglie il candidato sindaco?<\/div>\n<div id=\"_mcePaste\" style=\"position: absolute; left: -10000px; top: 0px; width: 1px; height: 1px; overflow-x: hidden; overflow-y: hidden;\">Il Partito Democratico \u00e8 il partito delle primarie.<\/div>\n<div id=\"_mcePaste\" style=\"position: absolute; left: -10000px; top: 0px; width: 1px; height: 1px; overflow-x: hidden; overflow-y: hidden;\">Ove la scelta del candidato sindaco non sia frutto della condivisione dei programmi prima ancora che della persona, il meccanismo delle primarie ha ampiamente dimostrato, ovunque, essere il meccanismo che mette al centro la democrazia partecipata. Un meccanismo vincente<\/div>\n<div id=\"_mcePaste\" style=\"position: absolute; left: -10000px; top: 0px; width: 1px; height: 1px; overflow-x: hidden; overflow-y: hidden;\">4. Domanda secca:- coalizione vincente per il bene di turi (lista civica)oppure- coalizione perdente dal carattere politico\/ideologico (lista di partiti del centro-sinistra.<\/div>\n<div id=\"_mcePaste\" style=\"position: absolute; left: -10000px; top: 0px; width: 1px; height: 1px; overflow-x: hidden; overflow-y: hidden;\">Lo spirito di De Couberten in politica non vale molto.<\/div>\n<div id=\"_mcePaste\" style=\"position: absolute; left: -10000px; top: 0px; width: 1px; height: 1px; overflow-x: hidden; overflow-y: hidden;\">Ritengo essenziale per il bene di Turi, trovare la massima condivisione politica sul programma allargando, dialogando con buona parte dell\u2019area moderata che qui, a Turi, ha votato stancamente altro. Certamente non ad ogni costo, ma il nostro progetto \u00e8 questo: il PD al servizio e insieme alle risorse umane buone per la riscossa civica del paese.<\/div>\n<p>\u00a0<\/p>\n<p style=\"text-align: justify;\"><span style=\"font-size: 10pt;\"><strong>A margine dell\u2019incontro del centro sinistra quali le impressioni del suo Partito?<\/strong><\/span><\/p>\n<p style=\"text-align: justify;\">&#8220;Dialogare \u00e8 sempre una buona scelta. Solo cos\u00ec si possono superare, appianare incomprensioni, fraintendimenti e altro. E\u2019 un inizio, si vedr\u00e0. Certamente \u00e8 prematuro fare previsioni, la cosa che pi\u00f9 mi premeva era riportare il dialogo sulle cose piuttosto che sulle persone. La buona volont\u00e0 sulle cosa da farsi \u00e8 stata manifestata da tutti i partecipanti ma&#8230;in un incontro preliminare non ci si pu\u00f2 spingere pi\u00f9 di tanto.<\/p>\n<p style=\"text-align: justify;\">Ognuno di noi, per grandi linee ha prospettato un percorso che, per quanto ci riguarda, vede partecipi non soltanto persone e\/o partiti di \u201carea\u201d, ma anche altri soggetti. Ho percepito disponibilit\u00e0 all\u2019ascolto. andiamo avanti e verifichiamo la possibili\u00e0 vera del dialogo&#8221;.<\/p>\n<p style=\"text-align: justify;\"><strong>Quale strategia vorrebbe seguire il PD per costruire l\u2019alleanza per le prossime amministrative<\/strong><\/p>\n<p>&#8220;Ho gi\u00e0 anticipato il nostro progetto. Vedete, il risultato del voto nei grandi e piccoli centri alle ultime amministrative ha dato un grande segnale. Sta finendo, troppo lentamente, un ciclo buio per l\u2019Italia. Un ciclo storico-politico fatto di continui attacchi all\u2019essenza stessa della democrazia: il riconoscimento della funzione, del ruolo dei partiti, della funzione della magistratura, di quella dell\u2019informazione, del ruolo stesso della presidenza della Repubblica.<\/p>\n<p>Lo stesso capo dello stato \u00e8 stato ripetutamente fatto oggetto di tentativi di delegittimazione. Miseramente falliti.<\/p>\n<p>Un ciclo storico-politica caratterizzato da un\u2019idea della Costituzione di una gabbia da cui fuggire, di cui liberarsi, per avere mano libera.<\/p>\n<p>Libera di fare che?&#8230;<\/p>\n<p>Per fortuna il tentativo non \u00e8 stato portato a compimento. gli italiani hanno deciso di fermarlo. Che cosa dobbiamo dedurre da questo messaggio?<\/p>\n<p>La gente ha indicato il cambiamento che vuole, ha dato fiducia a chi ha proposto un futuro fatto di buona politica, e mi piace che lo stesso Mimmo Leogrande, ma non solo, condivida questa mia idea che gi\u00e0 la sera stessa dei risultati delle amministrative avevamo commentato usando quelle parole.<\/p>\n<p>Questo \u00e8 possibile anche qui a Turi?<\/p>\n<p style=\"text-align: justify;\">Il Partito Democratico, lo abbiamo detto gi\u00e0 in altre circostanze, si pone al centro di un movimento che abbracci, accolga, le istanze di rinnovamento ideale della politica turese e della buona pratica amministrativa, a cominciare dagli stessi consiglieri comunali che con me hanno collaborato e collaborano in consiglio nel tentativo di dare dignit\u00e0 al vuoto politico espresso da questa amministrazione.<\/p>\n<p style=\"text-align: justify;\">A questi, ai partiti, a tutte le forze buone, ai cittadini, noi vogliamo dare la possibilit\u00e0 di costruire un progetto nuovo che accolga le istanze di cui parlavamo prima,che accolga quelle forze, quelle menti, quella buona progettualit\u00e0 presenti a Turi.<\/p>\n<p style=\"text-align: justify;\">Costruiamo insieme il futuro! E per fare questo, l\u2019impegno di tutti deve essere massimo.<\/p>\n<p style=\"text-align: justify;\">I \u201cse\u201d e i \u201cma\u201d che spesso, troppo spesso, hanno sottolineato l\u2019attivit\u00e0 dei consiglieri di minoranza, quella che \u00e8 stata tale sin dal primo consiglio!, hanno solo delegittimato, ingiustamente, la nostra azione accrescendo il radicamento della destra.<\/p>\n<p style=\"text-align: justify;\">Il Partito Democratico aspetta e sollecita chi, rispondendo alla necessit\u00e0 della buona politica, accetter\u00e0 di mettersi in gioco.<\/p>\n<p>Turi lo merita.&#8221;<\/p>\n<div style=\"text-align: justify;\"><strong>Come si sceglie il candidato sindaco?<\/strong><\/div>\n<p style=\"text-align: justify;\">&#8220;Il Partito Democratico \u00e8 il partito delle primarie.<\/p>\n<p style=\"text-align: justify;\">Ove la scelta del candidato sindaco non sia frutto della condivisione dei programmi prima ancora che della persona, il meccanismo delle primarie ha ampiamente dimostrato, ovunque, essere il meccanismo che mette al centro la democrazia partecipata. Un meccanismo vincente&#8221;.<\/p>\n<p><strong>Domanda secca:<\/strong><\/p>\n<p><strong>&#8211; coalizione vincente per il bene di turi (lista civica) oppure<\/strong><\/p>\n<p><strong>&#8211; coalizione perdente dal carattere politico\/ideologico (lista di partiti del centro-sinistra.<\/strong><\/p>\n<p style=\"text-align: justify;\">&#8220;Lo spirito di De Couberten in politica non vale molto.<\/p>\n<p>Ritengo essenziale per il bene di Turi, trovare la massima condivisione politica sul programma allargando, dialogando con buona parte dell\u2019area moderata che qui, a Turi, ha votato stancamente altro. Certamente non ad ogni costo, ma il nostro progetto \u00e8 questo: il PD al servizio e insieme alle risorse umane buone per la riscossa civica del paese.&#8221;<\/p>\n<p>\u00a0<\/p>\n<p>\u00a0<\/p>\n","protected":false},"excerpt":{"rendered":"<p><img loading=\"lazy\" decoding=\"async\" class=\" size-full wp-image-1220\" alt=\"pd_logo\" height=\"150\" width=\"320\" src=\"https:\/\/archivioturi.lavocedelpaese.info\/wp-content\/uploads\/2010\/01\/pd_logo.jpg\" srcset=\"https:\/\/archivioturi.lavocedelpaese.info\/wp-content\/uploads\/2010\/01\/pd_logo.jpg 640w, https:\/\/archivioturi.lavocedelpaese.info\/wp-content\/uploads\/2010\/01\/pd_logo-300x141.jpg 300w\" sizes=\"auto, (max-width: 320px) 100vw, 320px\" \/><\/p>\n","protected":false},"author":1,"featured_media":1220,"comment_status":"open","ping_status":"closed","sticky":false,"template":"","format":"standard","meta":{"colormag_page_container_layout":"default_layout","colormag_page_sidebar_layout":"default_layout","footnotes":""},"categories":[4],"tags":[],"class_list":["post-6420","post","type-post","status-publish","format-standard","has-post-thumbnail","hentry","category-politica"],"_links":{"self":[{"href":"https:\/\/archivioturi.lavocedelpaese.info\/index.php\/wp-json\/wp\/v2\/posts\/6420","targetHints":{"allow":["GET"]}}],"collection":[{"href":"https:\/\/archivioturi.lavocedelpaese.info\/index.php\/wp-json\/wp\/v2\/posts"}],"about":[{"href":"https:\/\/archivioturi.lavocedelpaese.info\/index.php\/wp-json\/wp\/v2\/types\/post"}],"author":[{"embeddable":true,"href":"https:\/\/archivioturi.lavocedelpaese.info\/index.php\/wp-json\/wp\/v2\/users\/1"}],"replies":[{"embeddable":true,"href":"https:\/\/archivioturi.lavocedelpaese.info\/index.php\/wp-json\/wp\/v2\/comments?post=6420"}],"version-history":[{"count":0,"href":"https:\/\/archivioturi.lavocedelpaese.info\/index.php\/wp-json\/wp\/v2\/posts\/6420\/revisions"}],"wp:featuredmedia":[{"embeddable":true,"href":"https:\/\/archivioturi.lavocedelpaese.info\/index.php\/wp-json\/wp\/v2\/media\/1220"}],"wp:attachment":[{"href":"https:\/\/archivioturi.lavocedelpaese.info\/index.php\/wp-json\/wp\/v2\/media?parent=6420"}],"wp:term":[{"taxonomy":"category","embeddable":true,"href":"https:\/\/archivioturi.lavocedelpaese.info\/index.php\/wp-json\/wp\/v2\/categories?post=6420"},{"taxonomy":"post_tag","embeddable":true,"href":"https:\/\/archivioturi.lavocedelpaese.info\/index.php\/wp-json\/wp\/v2\/tags?post=6420"}],"curies":[{"name":"wp","href":"https:\/\/api.w.org\/{rel}","templated":true}]}}