{"id":6414,"date":"2011-06-13T19:03:04","date_gmt":"2011-06-13T19:03:04","guid":{"rendered":"https:\/\/archivioturi.lavocedelpaese.info\/index.php\/2011\/06\/13\/turi-referendum-siamo-sotto-il-quorum\/"},"modified":"2011-06-13T19:03:04","modified_gmt":"2011-06-13T19:03:04","slug":"turi-referendum-siamo-sotto-il-quorum","status":"publish","type":"post","link":"https:\/\/archivioturi.lavocedelpaese.info\/index.php\/2011\/06\/13\/turi-referendum-siamo-sotto-il-quorum\/","title":{"rendered":"TURI: REFERENDUM, SOTTO IL QUORUM"},"content":{"rendered":"<p><img loading=\"lazy\" decoding=\"async\" class=\" size-full wp-image-6412\" src=\"https:\/\/archivioturi.lavocedelpaese.info\/wp-content\/uploads\/2011\/06\/risultati_referendum.jpg\" width=\"320\" height=\"150\" alt=\"risultati_referendum\" \/><\/p>\n<p><img loading=\"lazy\" decoding=\"async\" class=\" size-full wp-image-6413\" alt=\"affluenza_turi\" height=\"800\" width=\"640\" src=\"https:\/\/archivioturi.lavocedelpaese.info\/wp-content\/uploads\/2011\/06\/affluenza_turi.jpg\" srcset=\"https:\/\/archivioturi.lavocedelpaese.info\/wp-content\/uploads\/2011\/06\/affluenza_turi.jpg 659w, https:\/\/archivioturi.lavocedelpaese.info\/wp-content\/uploads\/2011\/06\/affluenza_turi-240x300.jpg 240w\" sizes=\"auto, (max-width: 640px) 100vw, 640px\" \/><\/p>\n<p>\u00a0<\/p>\n<div style=\"text-align: justify;\">Se da un lato il centro-sinistra esulta e il Pd chiede le dimissioni del premier, il Pdl fa quadrato attorno al suo leader e sottolinea che l&#8217;esecutivo non \u00e8 a rischio. A noi piace pensare che a determinare in modo decisivo il risultato del Referendum non sia stato il centro-sinistra, ma un&#8217;altra forza: la Chiesa Cattolica Italiana.<\/div>\n<p style=\"text-align: justify;\">\u00a0<\/p>\n<div style=\"text-align: justify;\">&#8221; E non di poco conto, per tutta la maggioranza, il nuovo affondo che arriva dalla Chiesa: &#8220;Un risultato che \u00e8 un messaggio al governo&#8221;, dice una nota della Cei. L&#8217;affondo dei vescovi \u00e8 netto: &#8220;Governare il cambiamento &#8211; spiega una nota del Sir, l&#8217;agenzia stampa della Cei &#8211; \u00e8 l&#8217;operazione politica pi\u00f9 complessa e meritoria. Qui si distinguono gli statisti: le prossime settimane ci diranno se la classe politica \u00e8 in grado di giocare questo gioco, che gli elettori stanno indicando. Come sappiamo, infatti, il vero punto debole del sistema italiano non \u00e8 tanto dal lato della domanda, quanto piuttosto dell&#8217;offerta politica&#8221;.  Per i vescovi dunque i risultati del referendum &#8220;rappresentano un messaggio diretto degli elettori, al di l\u00e0 degli schieramenti, direttamente al governo&#8221;, continua la nota del Sir. &#8220;Distinguiamo il merito dal significato politico pi\u00f9 ampio. Per non parlare &#8211; prosegue la nota &#8211; del quesito di cui meno si \u00e8 parlato, che riguardava direttamente Berlusconi, sul legittimo impedimento. Le scelte referendarie sono chiare e devono essere tradotte in politiche pubbliche coerenti. In particolare \u00e8 richiesto un nuovo ruolo per &#8216;il pubblico&#8217;, cui le istituzioni devono sapere dar risposte adeguate, in termini di garanzia, efficienza ed efficacia&#8221;.<\/div>\n<p style=\"text-align: justify;\">\u00a0<\/p>\n<div style=\"text-align: justify;\">Voi cosa ne pensate?<\/div>\n","protected":false},"excerpt":{"rendered":"<p><img loading=\"lazy\" decoding=\"async\" class=\" size-full wp-image-6412\" src=\"https:\/\/archivioturi.lavocedelpaese.info\/wp-content\/uploads\/2011\/06\/risultati_referendum.jpg\" width=\"320\" height=\"150\" alt=\"risultati_referendum\" \/><\/p>\n","protected":false},"author":1,"featured_media":6412,"comment_status":"open","ping_status":"closed","sticky":false,"template":"","format":"standard","meta":{"colormag_page_container_layout":"default_layout","colormag_page_sidebar_layout":"default_layout","footnotes":""},"categories":[4],"tags":[],"class_list":["post-6414","post","type-post","status-publish","format-standard","has-post-thumbnail","hentry","category-politica"],"_links":{"self":[{"href":"https:\/\/archivioturi.lavocedelpaese.info\/index.php\/wp-json\/wp\/v2\/posts\/6414","targetHints":{"allow":["GET"]}}],"collection":[{"href":"https:\/\/archivioturi.lavocedelpaese.info\/index.php\/wp-json\/wp\/v2\/posts"}],"about":[{"href":"https:\/\/archivioturi.lavocedelpaese.info\/index.php\/wp-json\/wp\/v2\/types\/post"}],"author":[{"embeddable":true,"href":"https:\/\/archivioturi.lavocedelpaese.info\/index.php\/wp-json\/wp\/v2\/users\/1"}],"replies":[{"embeddable":true,"href":"https:\/\/archivioturi.lavocedelpaese.info\/index.php\/wp-json\/wp\/v2\/comments?post=6414"}],"version-history":[{"count":0,"href":"https:\/\/archivioturi.lavocedelpaese.info\/index.php\/wp-json\/wp\/v2\/posts\/6414\/revisions"}],"wp:featuredmedia":[{"embeddable":true,"href":"https:\/\/archivioturi.lavocedelpaese.info\/index.php\/wp-json\/wp\/v2\/media\/6412"}],"wp:attachment":[{"href":"https:\/\/archivioturi.lavocedelpaese.info\/index.php\/wp-json\/wp\/v2\/media?parent=6414"}],"wp:term":[{"taxonomy":"category","embeddable":true,"href":"https:\/\/archivioturi.lavocedelpaese.info\/index.php\/wp-json\/wp\/v2\/categories?post=6414"},{"taxonomy":"post_tag","embeddable":true,"href":"https:\/\/archivioturi.lavocedelpaese.info\/index.php\/wp-json\/wp\/v2\/tags?post=6414"}],"curies":[{"name":"wp","href":"https:\/\/api.w.org\/{rel}","templated":true}]}}