{"id":636,"date":"2009-11-05T13:45:55","date_gmt":"2009-11-05T13:45:55","guid":{"rendered":"https:\/\/archivioturi.lavocedelpaese.info\/index.php\/2009\/11\/05\/aldo-moro-la-verita-negata\/"},"modified":"2009-11-05T13:45:55","modified_gmt":"2009-11-05T13:45:55","slug":"aldo-moro-la-verita-negata","status":"publish","type":"post","link":"https:\/\/archivioturi.lavocedelpaese.info\/index.php\/2009\/11\/05\/aldo-moro-la-verita-negata\/","title":{"rendered":"ALDO MORO, LA VERITA&#8217; NEGATA"},"content":{"rendered":"<p><img loading=\"lazy\" decoding=\"async\" class=\" size-full wp-image-635\" alt=\"la-verita-negata-aldo-moro\" src=\"https:\/\/archivioturi.lavocedelpaese.info\/wp-content\/uploads\/2009\/11\/la-verita-negata-aldo-moro.jpg\" width=\"320\" height=\"156\" srcset=\"https:\/\/archivioturi.lavocedelpaese.info\/wp-content\/uploads\/2009\/11\/la-verita-negata-aldo-moro.jpg 410w, https:\/\/archivioturi.lavocedelpaese.info\/wp-content\/uploads\/2009\/11\/la-verita-negata-aldo-moro-300x146.jpg 300w\" sizes=\"auto, (max-width: 320px) 100vw, 320px\" \/> <\/p>\n<div style=\"text-align: justify;\"><strong>Sabato 7 novembre<\/strong>, a <strong>Turi<\/strong>, presso la Biblioteca Comunale (p.zza Gonnelli), alle <strong>18.30<\/strong>, sar\u00e0 proiettato il film-inchiesta di Carlo Infanti \u201cLa verit\u00e0 negata\u201d<\/p>\n<p><strong>La serata dedicata ad Aldo Moro<\/strong>, organizzata dal circolo di Turi del Partito Democratico in collaborazione con l&#8217;associazione La casa del Mago Zurl\u00ec &#8211; Onlus. vuole essere una spinta all&#8217;approfondimento e alla riflessione nei riguardi della storia anche recente del nostro Paese, spesso dimenticata.<\/div>\n<p style=\"text-align: center;\">\n<object data=\"http:\/\/www.youtube.com\/v\/VvUxHur7haE&amp;hl=it&amp;fs=1&amp;rel=0&amp;color1=0x2b405b&amp;color2=0x6b8ab6&amp;border=1\" type=\"application\/x-shockwave-flash\" height=\"364\" width=\"445\"><param name=\"allowfullscreen\" value=\"true\" \/><param name=\"allowscriptaccess\" value=\"always\" \/><param name=\"src\" value=\"http:\/\/www.youtube.com\/v\/VvUxHur7haE&amp;hl=it&amp;fs=1&amp;rel=0&amp;color1=0x2b405b&amp;color2=0x6b8ab6&amp;border=1\" \/><\/object>\n<\/p>\n<p><\/p>\n<div style=\"text-align: justify;\">\u00abCaro Zaccagnini, scrivo a te, intendendo rivolgermi a Piccoli, Bartolomei, Galloni, Gaspari, Fanfani, Andreotti e Cossiga ai quali tutti vorrai leggere la lettera e con i quali tutti vorrai assumere le responsabilit\u00e0, che sono ad un tempo individuali e collettive. Parlo innanzitutto della D.C. alla quale si rivolgono accuse che riguardano tutti, ma che io sono chiamato a pagare con conseguenze che non \u00e8 difficile immaginare. Certo nelle decisioni sono in gioco altri partiti; ma un cos\u00ec tremendo problema di coscienza riguarda innanzitutto la D.C., la quale deve muoversi, qualunque cosa dicano, o dicano nell&#8217;immediato, gli altri. Parlo innanzitutto del Partito Comunista, il quale, pur nella opportunit\u00e0 di affermare esigenze di fermezza, non pu\u00f2 dimenticare che il mio drammatico prelevamento \u00e8 avvenuto mentre si andava alla Camera per la consacrazione del Governo che m&#8217;ero tanto adoperato a costituire.\u00bb\u00a0 (lettera di Aldo Moro, 4 aprile 1978)<\/p>\n<p><strong>La pellicola presentata<\/strong> \u00e8 stata iscritta alle pre-selezioni del Festival del Cinema di Cannes 2008, dell\u2019Internazionale Critics Week 2008, del Quinzaine des R\u00e8alisateurs 2008. <\/p>\n<p>\u201cNon \u00e8 un documentario, n\u00e8 una narrazione &#8211; spiega il regista &#8211; Il mio \u00e8 un film diverso, \u00e8 un film d\u2019inchiesta. Un\u2019inchiesta come mai \u00e8 stata fatta sul pi\u00f9 grande, controverso e oscuro delitto politico della storia italiana\u201d. Protagonisti della vita politica e sociale dell\u2019epoca narrano fatti e circostanze inedite. Ex ministri, agenti segreti, amministratori pubblici, legali e ufficiali dell\u2019Esercito e della Marina militare, raccontano. <\/p>\n<p><strong>Al termine della proiezione, avr\u00e0 luogo un dibattito alla presenza del regista.<\/strong><\/div>\n","protected":false},"excerpt":{"rendered":"<p><img loading=\"lazy\" decoding=\"async\" class=\" size-full wp-image-635\" alt=\"la-verita-negata-aldo-moro\" src=\"https:\/\/archivioturi.lavocedelpaese.info\/wp-content\/uploads\/2009\/11\/la-verita-negata-aldo-moro.jpg\" width=\"320\" height=\"156\" srcset=\"https:\/\/archivioturi.lavocedelpaese.info\/wp-content\/uploads\/2009\/11\/la-verita-negata-aldo-moro.jpg 410w, https:\/\/archivioturi.lavocedelpaese.info\/wp-content\/uploads\/2009\/11\/la-verita-negata-aldo-moro-300x146.jpg 300w\" sizes=\"auto, (max-width: 320px) 100vw, 320px\" \/> <\/p>\n","protected":false},"author":1,"featured_media":635,"comment_status":"open","ping_status":"closed","sticky":false,"template":"","format":"standard","meta":{"colormag_page_container_layout":"default_layout","colormag_page_sidebar_layout":"default_layout","footnotes":""},"categories":[7],"tags":[],"class_list":["post-636","post","type-post","status-publish","format-standard","has-post-thumbnail","hentry","category-attualita"],"_links":{"self":[{"href":"https:\/\/archivioturi.lavocedelpaese.info\/index.php\/wp-json\/wp\/v2\/posts\/636","targetHints":{"allow":["GET"]}}],"collection":[{"href":"https:\/\/archivioturi.lavocedelpaese.info\/index.php\/wp-json\/wp\/v2\/posts"}],"about":[{"href":"https:\/\/archivioturi.lavocedelpaese.info\/index.php\/wp-json\/wp\/v2\/types\/post"}],"author":[{"embeddable":true,"href":"https:\/\/archivioturi.lavocedelpaese.info\/index.php\/wp-json\/wp\/v2\/users\/1"}],"replies":[{"embeddable":true,"href":"https:\/\/archivioturi.lavocedelpaese.info\/index.php\/wp-json\/wp\/v2\/comments?post=636"}],"version-history":[{"count":0,"href":"https:\/\/archivioturi.lavocedelpaese.info\/index.php\/wp-json\/wp\/v2\/posts\/636\/revisions"}],"wp:featuredmedia":[{"embeddable":true,"href":"https:\/\/archivioturi.lavocedelpaese.info\/index.php\/wp-json\/wp\/v2\/media\/635"}],"wp:attachment":[{"href":"https:\/\/archivioturi.lavocedelpaese.info\/index.php\/wp-json\/wp\/v2\/media?parent=636"}],"wp:term":[{"taxonomy":"category","embeddable":true,"href":"https:\/\/archivioturi.lavocedelpaese.info\/index.php\/wp-json\/wp\/v2\/categories?post=636"},{"taxonomy":"post_tag","embeddable":true,"href":"https:\/\/archivioturi.lavocedelpaese.info\/index.php\/wp-json\/wp\/v2\/tags?post=636"}],"curies":[{"name":"wp","href":"https:\/\/api.w.org\/{rel}","templated":true}]}}