{"id":6317,"date":"2011-06-07T06:54:48","date_gmt":"2011-06-07T06:54:48","guid":{"rendered":"https:\/\/archivioturi.lavocedelpaese.info\/index.php\/2011\/06\/07\/basta-poco-per-uscire-dalla-palude-5\/"},"modified":"2011-06-07T06:54:48","modified_gmt":"2011-06-07T06:54:48","slug":"basta-poco-per-uscire-dalla-palude-5","status":"publish","type":"post","link":"https:\/\/archivioturi.lavocedelpaese.info\/index.php\/2011\/06\/07\/basta-poco-per-uscire-dalla-palude-5\/","title":{"rendered":"BASTA POCO PER USCIRE DALLA PALUDE \u2026"},"content":{"rendered":"<p><img loading=\"lazy\" decoding=\"async\" class=\" size-full wp-image-6316\" alt=\"foto_campo\" height=\"150\" width=\"320\" src=\"https:\/\/archivioturi.lavocedelpaese.info\/wp-content\/uploads\/2011\/06\/foto_campo.jpg\" srcset=\"https:\/\/archivioturi.lavocedelpaese.info\/wp-content\/uploads\/2011\/06\/foto_campo.jpg 640w, https:\/\/archivioturi.lavocedelpaese.info\/wp-content\/uploads\/2011\/06\/foto_campo-300x140.jpg 300w\" sizes=\"auto, (max-width: 320px) 100vw, 320px\" \/><\/p>\n<p style=\"text-align: justify;\">Ciliege, ciliege, ciliege. Bigarreau, Forl\u00ec, Giorgia, Ferrovia. Prezzi bassi, poche Ferrovie, anticipo s\u00ec, anticipo no. A quel magazzino la bilancia mi ha fatto &#8220;dimagrire&#8221; di quattro chili. Miracolo!! Dalla dieta mediterranea esporteremo la &#8220;dieta della bilancia&#8221;. Dai primi di maggio a fine giugno \u00e8 e sar\u00e0 questo il &#8220;lietmotiv&#8221; turese. Dopo le lunghe ed estenuanti code per &#8220;incassare&#8221; l\u2019ex Oro Rosso, tutti al &#8220;mare a mostrar\u2026&#8221;.\u00a0 Il pensiero dopo sar\u00e0 rivolto alla &#8220;festa Grande&#8221; che verr\u00e0, a chi ha acquistato il Milan, l\u2019Inter e <st1:personname productid=\"la Juventus. A\" w:st=\"on\"><st1:personname productid=\"la Juventus.\" w:st=\"on\">la Juventus.<\/st1:personname> A<\/st1:personname> chi vincer\u00e0 i &#8220;tituli&#8221;. Che bei mesi per gli amministratori del nostro comune!! Il bilancio, il PUG\u2026 tutto sembra procedere bene e con ritrovata armonia, tanto la gente ha altro a cui pensare. Questo \u00e8 il pensiero del Sindaco e dei vari assessori. Ma cos\u00ec non \u00e8!!<\/p>\n<p style=\"text-align: justify;\">Il nostro giornale &#8220;La voce del paese&#8221;, nel numero 13 del 06 maggio 2011 annunciava che la &#8220;giunta&#8221; aveva deliberato circa diciottomila euro per sistemare il campo sportivo comunale. Evviva! Addirittura era stato garantito che i lavori sarebbero terminati a fine luglio.<\/p>\n<p style=\"text-align: justify;\">Il progetto \u00e8 stato redatto dal geometra comunale Cicala e la gara per aggiudicare i lavori \u00e8 andata deserta. Nessuna &#8220;ditta&#8221;, di quelle invitate, ha ritenuto opportuno eseguire i lavori progettati.<\/p>\n<p style=\"text-align: justify;\">Ma come, si parla di crisi del mondo-lavoro, aziende che chiudono, operai licenziati e ditte invitate fuggono dalla gara? Perch\u00e9? Si &#8220;sussurra&#8221; che le &#8220;ditte&#8221; hanno interpretato male il bando e i lavori da effettuare. Ma\u2026 vedremo cosa accadr\u00e0 luned\u00ec 06 giugno quando le &#8220;ditte&#8221; invitate, sembra quattro o cinque, chiarito l\u2019equivoco, presenteranno l\u2019offerta.<\/p>\n<p style=\"text-align: justify;\">Vediamo quali sono i lavori.<\/p>\n<p style=\"text-align: justify;\">Pulizia pista podistica; recinzione in rete metallica; fornitura di due panchine; rigenerazione del tappeto: pulizia superficie di gioco, aratura meccanica, rizollatura, compattazione e posa in opera di materassino sabbioso.<\/p>\n<p style=\"text-align: justify;\">Certo che questo rinvio ha alquanto innervosito il delegato allo sport dott. Piero Palasciano che, non per impegni professionali, luned\u00ec 30 maggio non si \u00e8 presentato alla riunione della maggioranza.<\/p>\n<p style=\"text-align: justify;\">Addirittura il dott. Palasciano mi ha confidato di un incontro avvenuto marted\u00ec 31 maggio con il vice Sindaco ed ha suggerito, o meglio, preteso, che l\u2019Amministratore stipulasse con il Credito Sportivo un finanziamento necessario alla sistemazione di tutti gli impianti sportivi. Ecco come si &#8220;esce dalla PALUDE&#8221;.<\/p>\n<p style=\"text-align: justify;\">Analizziamo a cui fa riferimento il delegato allo sport. Campi da tennis, campo da calcetto, campo polivalente. Ma questi impianti non sono stati risistemati 18 mesi or sono? \u00c8 vero, il progetto era dell\u2019Amministrazione De Grisantis, ma i lavori sono stati conclusi con l\u2019amministrazione Gigantelli. Ci sono stati i controlli? Chi ha controllato? Chi era l\u2019assessore allo sport? Chi era il progettista? Quanto \u00e8 costato?<\/p>\n<p style=\"text-align: justify;\">Dando uno sguardo alle altre strutture sportive, non possiamo e non dobbiamo dimenticare che questa Amministrazione ha deliberato la &#8220;costruzione&#8221; della pista ciclabile in via Cisterna. Oggi quella pista non \u00e8 degna del nome &#8220;ciclabile&#8221;. \u00c8 costata novantamila euro e l\u2019artefice \u00e8 stato l\u2019ex assessore di maggioranza, ora consigliere all\u2019opposizione, dott. De Novellis. Generalmente, basta recarsi alla vicina Sammichele, dove le piste sono bene diverse dalla nostra. La nostra \u00e8 senza barriere di delimitazione ed altri accorgimenti per la sicurezza; abbiamo esclusivamente delle linee di colore giallo e la segnaletica.<\/p>\n<p style=\"text-align: justify;\">L\u2019opinionista , in male fede, si chiede: Novantamila euro per il colore, o meglio, per la pittura? E quanto costa questo colore??!! Ed ora dov\u2019\u00e8 andata a finire? Qualcuno ci deve dare le dovute risposte.<\/p>\n<p style=\"text-align: justify;\">E il punto Sport in via Casamassima? Costa centomila euro, di cui cinquanta verser\u00e0 <st1:personname productid=\"la Provincia\" w:st=\"on\">la Provincia<\/st1:personname>, perch\u00e9 non viene utilizzato? Perch\u00e9 il Palazzetto dello Sport, dopo cinquanta anni di attesa, consegnato 18 mesi fa, non \u00e8 stato ancora inaugurato? Ci sono problemi di agibilit\u00e0? Pensiamo di no!?<\/p>\n<p style=\"text-align: justify;\">Caro delegato allo Sport, dott. Piero hai visto quante &#8220;rogne&#8221; ti sei preso? I problemi non sono sorti nei sei mesi della tua delega, ma vengono da lontano. Chiedi a chi ti ha preceduto. Conoscendo le tue grandi doti di atleta sappiamo benissimo che non ti arrenderai, ma la tappa non \u00e8 lunga, durer\u00e0 altri undici mesi, come taglierai il traguardo? In bocca al lupo!<\/p>\n","protected":false},"excerpt":{"rendered":"<p><img loading=\"lazy\" decoding=\"async\" class=\" size-full wp-image-6316\" alt=\"foto_campo\" height=\"150\" width=\"320\" src=\"https:\/\/archivioturi.lavocedelpaese.info\/wp-content\/uploads\/2011\/06\/foto_campo.jpg\" srcset=\"https:\/\/archivioturi.lavocedelpaese.info\/wp-content\/uploads\/2011\/06\/foto_campo.jpg 640w, https:\/\/archivioturi.lavocedelpaese.info\/wp-content\/uploads\/2011\/06\/foto_campo-300x140.jpg 300w\" sizes=\"auto, (max-width: 320px) 100vw, 320px\" \/><\/p>\n","protected":false},"author":1,"featured_media":6316,"comment_status":"open","ping_status":"closed","sticky":false,"template":"","format":"standard","meta":{"colormag_page_container_layout":"default_layout","colormag_page_sidebar_layout":"default_layout","footnotes":""},"categories":[7],"tags":[],"class_list":["post-6317","post","type-post","status-publish","format-standard","has-post-thumbnail","hentry","category-attualita"],"_links":{"self":[{"href":"https:\/\/archivioturi.lavocedelpaese.info\/index.php\/wp-json\/wp\/v2\/posts\/6317","targetHints":{"allow":["GET"]}}],"collection":[{"href":"https:\/\/archivioturi.lavocedelpaese.info\/index.php\/wp-json\/wp\/v2\/posts"}],"about":[{"href":"https:\/\/archivioturi.lavocedelpaese.info\/index.php\/wp-json\/wp\/v2\/types\/post"}],"author":[{"embeddable":true,"href":"https:\/\/archivioturi.lavocedelpaese.info\/index.php\/wp-json\/wp\/v2\/users\/1"}],"replies":[{"embeddable":true,"href":"https:\/\/archivioturi.lavocedelpaese.info\/index.php\/wp-json\/wp\/v2\/comments?post=6317"}],"version-history":[{"count":0,"href":"https:\/\/archivioturi.lavocedelpaese.info\/index.php\/wp-json\/wp\/v2\/posts\/6317\/revisions"}],"wp:featuredmedia":[{"embeddable":true,"href":"https:\/\/archivioturi.lavocedelpaese.info\/index.php\/wp-json\/wp\/v2\/media\/6316"}],"wp:attachment":[{"href":"https:\/\/archivioturi.lavocedelpaese.info\/index.php\/wp-json\/wp\/v2\/media?parent=6317"}],"wp:term":[{"taxonomy":"category","embeddable":true,"href":"https:\/\/archivioturi.lavocedelpaese.info\/index.php\/wp-json\/wp\/v2\/categories?post=6317"},{"taxonomy":"post_tag","embeddable":true,"href":"https:\/\/archivioturi.lavocedelpaese.info\/index.php\/wp-json\/wp\/v2\/tags?post=6317"}],"curies":[{"name":"wp","href":"https:\/\/api.w.org\/{rel}","templated":true}]}}