{"id":628,"date":"2009-11-04T19:56:50","date_gmt":"2009-11-04T19:56:50","guid":{"rendered":"https:\/\/archivioturi.lavocedelpaese.info\/index.php\/2009\/11\/04\/sequestro-pesce-qlo-stavo-regalandoq\/"},"modified":"2009-11-04T19:56:50","modified_gmt":"2009-11-04T19:56:50","slug":"sequestro-pesce-qlo-stavo-regalandoq","status":"publish","type":"post","link":"https:\/\/archivioturi.lavocedelpaese.info\/index.php\/2009\/11\/04\/sequestro-pesce-qlo-stavo-regalandoq\/","title":{"rendered":"SEQUESTRO PESCE: &#8220;LO STAVO REGALANDO&#8221;"},"content":{"rendered":"<p><img loading=\"lazy\" decoding=\"async\" class=\" alignleft size-full wp-image-626\" style=\"margin: 5px; float: left;\" alt=\"pesce\" src=\"https:\/\/archivioturi.lavocedelpaese.info\/wp-content\/uploads\/2009\/11\/pesce.jpg\" height=\"156\" width=\"320\" srcset=\"https:\/\/archivioturi.lavocedelpaese.info\/wp-content\/uploads\/2009\/11\/pesce.jpg 410w, https:\/\/archivioturi.lavocedelpaese.info\/wp-content\/uploads\/2009\/11\/pesce-300x146.jpg 300w\" sizes=\"auto, (max-width: 320px) 100vw, 320px\" \/> <\/p>\n<p>Dopo il sequestro del pane e dei latticini, arriva il turno dei prodotti ittici. Il giorno 3 novembre 2009, A Turi, alle ore 09.30, in Via Guglielmo De Donato Giannini, la pattuglia annonaria di agenti di PM Albanese-Spinelli, appartenente al Corpo della Polizia Municipale di Turi, ha proceduto al <strong>sequestro di circa trenta chilogrammi di totani e una decina di chili di cefali<\/strong>.<\/p>\n<p>Il sequestro \u00e8 stato compiuto perch\u00e9 l\u2019improvvisato commerciante era sprovvisto delle necessarie autorizzazioni amministrative e sanitarie. Il pescato, privo di qualsivoglia riferimento di tracciabilit\u00e0 e provenienza, cos\u00ec come previsto dalla normativa europea e nazionale, previo parere degli ispettori della ASL intervenuti, \u00e8 stato portato a distruzione. Al commerciante martinese, oltre al danno del sequestro del pesce, la pattuglia ha provveduto a irrogare <strong>sanzioni amministrative per una decina di migliaia di euro<\/strong>. Per difendersi, il trasgressore ha dichiarato che, quando \u00e8 stato fermato dagli agenti, non stava effettuando alcuna vendita, bens\u00ec stava niente meno che regalando il pesce.<\/p>\n<p><img loading=\"lazy\" decoding=\"async\" class=\" alignright size-full wp-image-627\" style=\"margin: 5px; float: right;\" alt=\"pesce2\" src=\"https:\/\/archivioturi.lavocedelpaese.info\/wp-content\/uploads\/2009\/11\/pesce2.jpg\" height=\"221\" width=\"320\" srcset=\"https:\/\/archivioturi.lavocedelpaese.info\/wp-content\/uploads\/2009\/11\/pesce2.jpg 320w, https:\/\/archivioturi.lavocedelpaese.info\/wp-content\/uploads\/2009\/11\/pesce2-300x207.jpg 300w\" sizes=\"auto, (max-width: 320px) 100vw, 320px\" \/>A termine del sequestro il <strong>Comandante della PM, dott. Michele Cassano<\/strong>, ha dichiarato che \u201cl\u2019operazione \u00e8 stata compiuta a seguito di segnalazioni pervenute al mio Comando nei giorni precedenti. Il commerciante abusivo, dimostrandosi abitudinario nel suo giro, \u00e8 stato fermato l\u00e0 dove c\u2019era stato segnalato\u201d.<\/p>\n<p>L&#8217;assessore alla PM e all&#8217;ambiente, <strong>dott.ssa De Florio<\/strong>, ha invece invitato i cittadini a &#8220;non fare acquisti di sostanze alimentari da commercianti irregolari. Per quanto riguarda il pesce, \u00e8 fondamentale che l\u2019etichetta che accompagna la vendita sia corredata dalla provenienza e dal nome comune del pesce. Gli agenti della Polizia municipale mi hanno riferito che i cefali erano venduti per altri e pi\u00f9 costosi pesci. In rispetto agli obiettivi di questa Amministrazione Comunale abbiamo provveduto all&#8217;ennesima azione di tutela alimentare del consumatore&#8221;.<\/p>\n","protected":false},"excerpt":{"rendered":"<p><img loading=\"lazy\" decoding=\"async\" class=\" alignleft size-full wp-image-626\" style=\"margin: 5px; float: left;\" alt=\"pesce\" src=\"https:\/\/archivioturi.lavocedelpaese.info\/wp-content\/uploads\/2009\/11\/pesce.jpg\" height=\"156\" width=\"320\" srcset=\"https:\/\/archivioturi.lavocedelpaese.info\/wp-content\/uploads\/2009\/11\/pesce.jpg 410w, https:\/\/archivioturi.lavocedelpaese.info\/wp-content\/uploads\/2009\/11\/pesce-300x146.jpg 300w\" sizes=\"auto, (max-width: 320px) 100vw, 320px\" \/> <\/p>\n","protected":false},"author":1,"featured_media":626,"comment_status":"open","ping_status":"closed","sticky":false,"template":"","format":"standard","meta":{"colormag_page_container_layout":"default_layout","colormag_page_sidebar_layout":"default_layout","footnotes":""},"categories":[8],"tags":[],"class_list":["post-628","post","type-post","status-publish","format-standard","has-post-thumbnail","hentry","category-cronaca"],"_links":{"self":[{"href":"https:\/\/archivioturi.lavocedelpaese.info\/index.php\/wp-json\/wp\/v2\/posts\/628","targetHints":{"allow":["GET"]}}],"collection":[{"href":"https:\/\/archivioturi.lavocedelpaese.info\/index.php\/wp-json\/wp\/v2\/posts"}],"about":[{"href":"https:\/\/archivioturi.lavocedelpaese.info\/index.php\/wp-json\/wp\/v2\/types\/post"}],"author":[{"embeddable":true,"href":"https:\/\/archivioturi.lavocedelpaese.info\/index.php\/wp-json\/wp\/v2\/users\/1"}],"replies":[{"embeddable":true,"href":"https:\/\/archivioturi.lavocedelpaese.info\/index.php\/wp-json\/wp\/v2\/comments?post=628"}],"version-history":[{"count":0,"href":"https:\/\/archivioturi.lavocedelpaese.info\/index.php\/wp-json\/wp\/v2\/posts\/628\/revisions"}],"wp:featuredmedia":[{"embeddable":true,"href":"https:\/\/archivioturi.lavocedelpaese.info\/index.php\/wp-json\/wp\/v2\/media\/626"}],"wp:attachment":[{"href":"https:\/\/archivioturi.lavocedelpaese.info\/index.php\/wp-json\/wp\/v2\/media?parent=628"}],"wp:term":[{"taxonomy":"category","embeddable":true,"href":"https:\/\/archivioturi.lavocedelpaese.info\/index.php\/wp-json\/wp\/v2\/categories?post=628"},{"taxonomy":"post_tag","embeddable":true,"href":"https:\/\/archivioturi.lavocedelpaese.info\/index.php\/wp-json\/wp\/v2\/tags?post=628"}],"curies":[{"name":"wp","href":"https:\/\/api.w.org\/{rel}","templated":true}]}}