{"id":6279,"date":"2011-06-01T06:14:07","date_gmt":"2011-06-01T06:14:07","guid":{"rendered":"https:\/\/archivioturi.lavocedelpaese.info\/index.php\/2011\/06\/01\/programma-ufficiale-delle-gare\/"},"modified":"2011-06-01T06:14:07","modified_gmt":"2011-06-01T06:14:07","slug":"programma-ufficiale-delle-gare","status":"publish","type":"post","link":"https:\/\/archivioturi.lavocedelpaese.info\/index.php\/2011\/06\/01\/programma-ufficiale-delle-gare\/","title":{"rendered":"PROGRAMMA UFFICIALE DELLE GARE"},"content":{"rendered":"<p><img loading=\"lazy\" decoding=\"async\" class=\" size-full wp-image-6277\" alt=\"1\" height=\"150\" width=\"320\" src=\"https:\/\/archivioturi.lavocedelpaese.info\/wp-content\/uploads\/2011\/06\/1.png\" \/><\/p>\n<p style=\"margin-top: 10px; margin-bottom: 15px;\">Nella sede romana della Lega Nazionale Dilettanti-Divisione Calcio a Cinque, \u00e8 stato effettuato il sorteggio delle Fasi Finali dei campionati giovanili. Il programma delle gare, di seguito riportato, investir\u00e0 dal 31 maggio al 02 giugno i palazzi dello sport di Turi (via Cisterna s.n.) e Sammichele di Bari (via Amenduni s.n.).<\/p>\n<p style=\"margin-top: 10px; margin-bottom: 15px;\"><strong>Final Eight Juniores<\/strong><\/p>\n<p style=\"margin-top: 10px; margin-bottom: 15px;\"><span style=\"text-decoration: underline;\">Marted\u00ec 31 Maggio<\/span><\/p>\n<p style=\"margin-top: 10px; margin-bottom: 15px;\">a) Audax S.Angelo- Carlisport Ariccia (ore 17.00 Palasport Sammichele di Bari)<\/p>\n<p style=\"margin-top: 10px; margin-bottom: 15px;\">b) Aosta- Caff\u00e8 Toraldo (ore 17.00 Palasport di Turi)<\/p>\n<p style=\"margin-top: 10px; margin-bottom: 15px;\">c) Acireale- Salinis (ore 19.00 Palasport di Sammichele di Bari)<\/p>\n<p style=\"margin-top: 10px; margin-bottom: 15px;\">d) Terni- Fenice c\/5 (ore 19.00 Palasport di Turi)<\/p>\n<p style=\"margin-top: 10px; margin-bottom: 15px;\"><span style=\"text-decoration: underline;\">Mercoled\u00ec 1 Giugno (semifinali)<\/span><\/p>\n<p style=\"margin-top: 10px; margin-bottom: 15px;\">1)Vincente c- Vincente d (ore 20.00 Palasport di Turi)<\/p>\n<p style=\"margin-top: 10px; margin-bottom: 15px;\">2)Vincente a- Vincente b (ore 20.00 Palasport Sammichele di Bari)<\/p>\n<p style=\"margin-top: 10px; margin-bottom: 15px;\"><span style=\"text-decoration: underline;\">Gioved\u00ec 2 Giugno (Finale)<\/span><\/p>\n<p style=\"margin-top: 10px; margin-bottom: 15px;\">Vincente 1- Vincente 2 (ore 20,30 Palasport di Turi)<\/p>\n<p style=\"margin-top: 10px; margin-bottom: 15px;\"><strong> <\/strong><\/p>\n<p style=\"margin-top: 10px; margin-bottom: 15px;\"><strong>Final Four Allievi<\/strong><\/p>\n<p style=\"margin-top: 10px; margin-bottom: 15px;\"><span style=\"text-decoration: underline;\">Mercoled\u00ec 1 Giugno (semifinali)<\/span><\/p>\n<p style=\"margin-top: 10px; margin-bottom: 15px;\">Marca Futsal- Acireale (ore 18.00 Palasport di Turi)<\/p>\n<p style=\"margin-top: 10px; margin-bottom: 15px;\">Real Napoli- Vigejuniores Milano (ore 18.00 Palasport di Sammichele di Bari)<\/p>\n<p style=\"margin-top: 10px; margin-bottom: 15px;\"><span style=\"text-decoration: underline;\">Gioved\u00ec 2 Giugno (finali)<\/span><\/p>\n<p style=\"margin-top: 10px; margin-bottom: 15px;\">Finale terzo e quarto posto ( ore 16.00 Palasport di Turi)<\/p>\n<p style=\"margin-top: 10px; margin-bottom: 15px;\">Finalissima Allievi (ore 18.00 Palasport di Turi)<\/p>\n<p style=\"margin-top: 10px; margin-bottom: 15px;\"><strong>Final Four Giovanissimi<\/strong><\/p>\n<p style=\"margin-top: 10px; margin-bottom: 15px;\"><span style=\"text-decoration: underline;\">Mercoled\u00ec 1 Giugno (semifinali)<\/span><\/p>\n<p style=\"margin-top: 10px; margin-bottom: 15px;\">Marca Futsal- Futura Barolo (ore 16.00 Palasport di Turi)<\/p>\n<p style=\"margin-top: 10px; margin-bottom: 15px;\">Sporting Resta- Number Nine (ore 16.00 Palasport di Sammichele di Bari)<\/p>\n<p style=\"margin-top: 10px; margin-bottom: 15px;\"><span style=\"text-decoration: underline;\">Gioved\u00ec 2 Giugno (finali)<\/span><\/p>\n<p style=\"margin-top: 10px; margin-bottom: 15px;\">Finale terzo e quarto posto (ore 14,30\u00a0 Palasport di Sammichele di Bari)<\/p>\n<p style=\"margin-top: 10px; margin-bottom: 15px;\">Finalissima Giovanissimi (ore 16,30 Palasport di Sammichele di Bari)<\/p>\n<p style=\"margin-top: 10px; margin-bottom: 15px;\"><strong>Finale Juniores Femminile<\/strong><\/p>\n<p style=\"margin-top: 10px; margin-bottom: 15px;\"><span style=\"text-decoration: underline;\">Gioved\u00ec 2 Giugno<\/span><\/p>\n<p style=\"margin-top: 10px; margin-bottom: 15px;\">Ore 18,30 (Palasport di Sammichele di Bari)<\/p>\n<p style=\"margin-top: 10px; margin-bottom: 15px;\">\u00a0<\/p>\n<p style=\"margin-top: 10px; margin-bottom: 15px;\"><strong>Eventi ed iniziative culturali connesse alle finali nazionali calcio a cinque giovanile<\/strong><\/p>\n<p style=\"margin-top: 10px; margin-bottom: 15px;\"><strong> <\/strong><\/p>\n<p style=\"margin-top: 10px; margin-bottom: 15px;\">Gli organizzatori stanno ormai scaldando i motori per dare l\u2019avvio alla tre giorni pugliese che vedr\u00e0 assegnare nelle cittadine di Turi e Sammichele di Bari i titoli giovanili di Calcio a Cinque per le categorie Juniores, Allievi, Giovanissimi e Femminile.<\/p>\n<p style=\"margin-top: 10px; margin-bottom: 15px;\">Il<span style=\"text-decoration: underline;\"> 30 maggio<\/span>, sono arrivate\u00a0<span style=\"text-decoration: underline;\">le prime due compagini<\/span>; infatti, la Fenice Calcio a Cinque e l\u2019Acireale hanno avuto modo di saggiare gli impianti di gioco che ospiteranno le finali.<\/p>\n<p style=\"margin-top: 10px; margin-bottom: 15px;\">Il\u00a0<span style=\"text-decoration: underline;\">31 maggio<\/span> si \u00e8 completato l\u2019arrivo delle altre squadre che prenderanno parte alla Final Eight categoria juniores. In mattinata, con partenza alle ore\u00a0<span style=\"text-decoration: underline;\">10.00<\/span>, gli organizzatori hanno previsto \u00a0per le compagini ospiti una\u00a0<span style=\"text-decoration: underline;\">visita guidata nella magnifica Polignano a Mare.<\/span><\/p>\n<p style=\"margin-top: 10px; margin-bottom: 15px;\">Nel contempo alle ore\u00a0<span style=\"text-decoration: underline;\">11.00<\/span>, presso il\u00a0<span style=\"text-decoration: underline;\">Palazzo di Citt\u00e0 di Sammichele di Bari<\/span>, \u00e8 stata indetta una<span style=\"text-decoration: underline;\">conferenza stampa<\/span> di presentazione dell\u2019evento.<\/p>\n<p style=\"margin-top: 10px; margin-bottom: 15px;\">In serata, al termine della prima giornata di gare, con inizio alle\u00a0<span style=\"text-decoration: underline;\">21,30,<\/span> presso l\u2019atrio del Castello di<span style=\"text-decoration: underline;\">Sammichele di Bari,<\/span> si \u00e8 tenuta una\u00a0<span style=\"text-decoration: underline;\">degustazione di prodotti tipici (<\/span>la\u00a0<span style=\"text-decoration: underline;\">zampina i<\/span>n primis).<\/p>\n<p style=\"margin-top: 10px; margin-bottom: 15px;\">La mattinata del\u00a0<span style=\"text-decoration: underline;\">1 giugno<\/span> si aprir\u00e0 invece alle\u00a0<span style=\"text-decoration: underline;\">10.00<\/span>, con una visita guidata di tutte le 16 squadre partecipanti ad\u00a0<span style=\"text-decoration: underline;\">Alberobello<\/span>. La cittadina dei \u201ctrulli\u201d, dichiarata dall\u2019UNESCO Patrimonio dell\u2019Umanit\u00e0, offrir\u00e0, come sempre, ad atleti e accompagnatori, degli squarci indimenticabili da portare con s\u00e9 in valigia.<\/p>\n<p style=\"margin-top: 10px; margin-bottom: 15px;\">In serata, con inizio alle\u00a0<span style=\"text-decoration: underline;\">ore 21.00<\/span>, sar\u00e0 invece\u00a0<span style=\"text-decoration: underline;\">Turi<\/span> a mettere in mostra le sue\u00a0<span style=\"text-decoration: underline;\">eccellenze enogastronomiche<\/span>, specie in questo periodo in cui il suo prodotto pi\u00f9 noto, la\u00a0<span style=\"text-decoration: underline;\">ciliegia ferrovia<\/span>, \u00e8 nel pieno della maturazione.<\/p>\n<p style=\"margin-top: 10px; margin-bottom: 15px;\">Il\u00a0<span style=\"text-decoration: underline;\">2 giugno<\/span> ci sar\u00e0 spazio anche per un momento di analisi e studio. Infatti, presso il Centro Polivalente di Turi, con inizio alle ore\u00a0<em>10.30<\/em>, si terr\u00e0 un\u00a0<span style=\"text-decoration: underline;\">convegno dedicato a \u201cSport ed alimentazione\u201d<\/span>, che vedr\u00e0 la partecipazione di eminenti esperti del settore.<\/p>\n<p style=\"margin-top: 10px; margin-bottom: 15px;\">Alle\u00a0<span style=\"text-decoration: underline;\">21.00<\/span>, con la\u00a0<span style=\"text-decoration: underline;\">cerimonia di premiazione<\/span>, presso il\u00a0<span style=\"text-decoration: underline;\">Palazzo dello Sport di Turi<\/span>, che vedr\u00e0 la partecipazione delle massime autorit\u00e0 sportive del Calcio a Cinque italiano, nonch\u00e9 delle Istituzioni locali, caler\u00e0 definitivamente il sipario su queste Finali Nazionali.<\/p>\n<p style=\"margin-top: 10px; margin-bottom: 15px;\">Nella speranza che tutto si svolga per il meglio, invitiamo gli sportivi pugliesi e non ad onorarci con la loro presenza.<\/p>\n","protected":false},"excerpt":{"rendered":"<p><img loading=\"lazy\" decoding=\"async\" class=\" size-full wp-image-6277\" alt=\"1\" height=\"150\" width=\"320\" src=\"https:\/\/archivioturi.lavocedelpaese.info\/wp-content\/uploads\/2011\/06\/1.png\" \/><\/p>\n","protected":false},"author":1,"featured_media":6277,"comment_status":"open","ping_status":"closed","sticky":false,"template":"","format":"standard","meta":{"colormag_page_container_layout":"default_layout","colormag_page_sidebar_layout":"default_layout","footnotes":""},"categories":[5],"tags":[],"class_list":["post-6279","post","type-post","status-publish","format-standard","has-post-thumbnail","hentry","category-sport"],"_links":{"self":[{"href":"https:\/\/archivioturi.lavocedelpaese.info\/index.php\/wp-json\/wp\/v2\/posts\/6279","targetHints":{"allow":["GET"]}}],"collection":[{"href":"https:\/\/archivioturi.lavocedelpaese.info\/index.php\/wp-json\/wp\/v2\/posts"}],"about":[{"href":"https:\/\/archivioturi.lavocedelpaese.info\/index.php\/wp-json\/wp\/v2\/types\/post"}],"author":[{"embeddable":true,"href":"https:\/\/archivioturi.lavocedelpaese.info\/index.php\/wp-json\/wp\/v2\/users\/1"}],"replies":[{"embeddable":true,"href":"https:\/\/archivioturi.lavocedelpaese.info\/index.php\/wp-json\/wp\/v2\/comments?post=6279"}],"version-history":[{"count":0,"href":"https:\/\/archivioturi.lavocedelpaese.info\/index.php\/wp-json\/wp\/v2\/posts\/6279\/revisions"}],"wp:featuredmedia":[{"embeddable":true,"href":"https:\/\/archivioturi.lavocedelpaese.info\/index.php\/wp-json\/wp\/v2\/media\/6277"}],"wp:attachment":[{"href":"https:\/\/archivioturi.lavocedelpaese.info\/index.php\/wp-json\/wp\/v2\/media?parent=6279"}],"wp:term":[{"taxonomy":"category","embeddable":true,"href":"https:\/\/archivioturi.lavocedelpaese.info\/index.php\/wp-json\/wp\/v2\/categories?post=6279"},{"taxonomy":"post_tag","embeddable":true,"href":"https:\/\/archivioturi.lavocedelpaese.info\/index.php\/wp-json\/wp\/v2\/tags?post=6279"}],"curies":[{"name":"wp","href":"https:\/\/api.w.org\/{rel}","templated":true}]}}