{"id":6274,"date":"2011-05-31T07:03:26","date_gmt":"2011-05-31T07:03:26","guid":{"rendered":"https:\/\/archivioturi.lavocedelpaese.info\/index.php\/2011\/05\/31\/un-nuovo-nome-per-la-banda-cittadina\/"},"modified":"2011-05-31T07:03:26","modified_gmt":"2011-05-31T07:03:26","slug":"un-nuovo-nome-per-la-banda-cittadina","status":"publish","type":"post","link":"https:\/\/archivioturi.lavocedelpaese.info\/index.php\/2011\/05\/31\/un-nuovo-nome-per-la-banda-cittadina\/","title":{"rendered":"UN NUOVO NOME PER LA BANDA CITTADINA"},"content":{"rendered":"<p><img loading=\"lazy\" decoding=\"async\" class=\" size-full wp-image-6273\" src=\"https:\/\/archivioturi.lavocedelpaese.info\/wp-content\/uploads\/2011\/05\/processione_12.jpg\" width=\"320\" height=\"150\" alt=\"processione_12\" srcset=\"https:\/\/archivioturi.lavocedelpaese.info\/wp-content\/uploads\/2011\/05\/processione_12.jpg 640w, https:\/\/archivioturi.lavocedelpaese.info\/wp-content\/uploads\/2011\/05\/processione_12-300x141.jpg 300w\" sizes=\"auto, (max-width: 320px) 100vw, 320px\" \/><\/p>\n<p style=\"text-align: justify;\">Si sono svolte marted\u00ec 24 maggio presso la parrocchia Maria SS. Ausiliatrice la celebrazione della festa liturgica dedicata a Maria Ausiliatrice e la commemorazione di Don Giovanni Cipriani, attraverso la proclamazione della nuova intitolazione della banda musicale cittadina. La parrocchia\u00a0 Maria SS. Ausiliatrice ha reso omaggio a Maria, titolare della parrocchia, e di San Giovanni Bosco, fondatore della sua devozione. \u00a0\u00a0\u00a0S. Giovanni Bosco, nato il 16 agosto 1815 presso Castelnuovo d\u2019Asti e ordinato sacerdote nel 1841, fu il pi\u00f9 grande devoto e propagatore del culto a Maria Ausiliatrice, la cui festa era stata istituita sotto questo titolo qualche decennio prima da papa Pio VII il 24 maggio 1815 in ringraziamento a Maria per la sua liberazione dalla ormai quinquennale prigionia napoleonica.<\/p>\n<p style=\"text-align: justify;\">La festa liturgica ha avuto inizio la mattina del 24 maggio alle ore 8,30 con la celebrazione della Santa Messa, a cui sono seguiti alle ore 16.30 la recita del Santo Rosario e alle ore 17.30 la Messa solenne, terminata con l\u2019avvio della processione, portante la statua della Madonna Ausiliatrice e di san Giovanni Bosco, lungo le vie del paese. Diversamente da quanto accaduto negli anni scorsi, la conclusione della processione non \u00e8 stata contraddistinta dalla tradizionale festa civile nel cortile dell\u2019oratorio a causa del lutto per il decesso di don Giovanni Cipriani.<\/p>\n<p style=\"text-align: justify;\">Tuttavia la processione, caratterizzata dalla presenza di gran parte dei bambini che hanno ricevuto nelle domeniche scorse il dono della comunione, si \u00e8 conclusa nell\u2019atrio dell\u2019oratorio con una cerimonia commemorativa dell\u2019importante figura di don Giovanni Cipriani, durante la quale, alla presenza del Sindaco, Vincenzo Gigantelli e degli Assessori alla cultura e all\u2019istruzione, \u00e8 stata svelata la nuova denominazione della banda cittadina<strong>: Banda Musicale Cittadina \u201cDon Giovanni Cipriani\u201d<\/strong>.<\/p>\n<p style=\"text-align: justify;\">\u201cDon Giovanni \u00e8 stato per tutti noi un forte punto di riferimento \u2013 ha ribadito Renzo Volpicella, portavoce di tutti i componenti della banda musicale &#8211; un uomo semplice con grandi capacit\u00e0 di aggregare e coinvolgere ragazzi, giovani e adulti. Un uomo in grado di trasmettere i valori, quelli forti, sani e importanti della vita. Se Don Giovanni nel lontano 1950 non avesse fondato l\u2019Oratorio, probabilmente la banda cittadina non sarebbe mai esistita, per questo gli dobbiamo dire grazie. \u00c8 proprio in suo onore che noi componenti della banda vogliamo continuare a tenere in vita, con l\u2019orgoglio che da sempre ci contraddistingue, quello che ha creato nel 1963. Grazie di tutto, ti porteremo sempre nei nostri cuori\u201d. Nel corso della serata \u00e8 stato pi\u00f9 volte specificato che il nome dell\u2019Associazione Musicale Maria SS.Ausiliatrice resta tale mentre \u00e8 il nome della banda musicale a cambiare, riportando il nominativo del suo fondatore.<\/p>\n<p style=\"text-align: justify;\">\u201cA Dio, piacendo all\u2019anno della morte di Don Giovanni &#8211; ha dichiarato il parroco don Maurizio Caldararo &#8211; vorremmo presentare delle opere. Lo faremo con molta semplicit\u00e0 e con molta umilt\u00e0 cos\u00ec come era Don Giovanni\u201d.<\/p>\n<p style=\"text-align: justify;\">La cerimonia di commemorazione della figura di Don Giovanni si \u00e8 conclusa sulle note di Vita Gaia del maestro G.Coggi eseguita dalla banda musicale cittadina \u201cDon Giovanni Cipriani\u201d.<\/p>\n<p><object data=\"https:\/\/picasaweb.google.com\/s\/c\/bin\/slideshow.swf\" type=\"application\/x-shockwave-flash\" height=\"660\" width=\"660\"><param name=\"flashvars\" value=\"host=picasaweb.google.com&amp;hl=it&amp;feat=flashalbum&amp;RGB=0x000000&amp;feed=https%3A%2F%2Fpicasaweb.google.com%2Fdata%2Ffeed%2Fapi%2Fuser%2Fredazioneturiweb%2Falbumid%2F5612509344333829713%3Falt%3Drss%26kind%3Dphoto%26authkey%3DGv1sRgCKPonvefs-alcA%26hl%3Dit\" \/><param name=\"src\" value=\"https:\/\/picasaweb.google.com\/s\/c\/bin\/slideshow.swf\" \/><\/object><\/p>\n","protected":false},"excerpt":{"rendered":"<p><img loading=\"lazy\" decoding=\"async\" class=\" size-full wp-image-6273\" src=\"https:\/\/archivioturi.lavocedelpaese.info\/wp-content\/uploads\/2011\/05\/processione_12.jpg\" width=\"320\" height=\"150\" alt=\"processione_12\" srcset=\"https:\/\/archivioturi.lavocedelpaese.info\/wp-content\/uploads\/2011\/05\/processione_12.jpg 640w, https:\/\/archivioturi.lavocedelpaese.info\/wp-content\/uploads\/2011\/05\/processione_12-300x141.jpg 300w\" sizes=\"auto, (max-width: 320px) 100vw, 320px\" \/><\/p>\n","protected":false},"author":1,"featured_media":6273,"comment_status":"open","ping_status":"closed","sticky":false,"template":"","format":"standard","meta":{"colormag_page_container_layout":"default_layout","colormag_page_sidebar_layout":"default_layout","footnotes":""},"categories":[7],"tags":[],"class_list":["post-6274","post","type-post","status-publish","format-standard","has-post-thumbnail","hentry","category-attualita"],"_links":{"self":[{"href":"https:\/\/archivioturi.lavocedelpaese.info\/index.php\/wp-json\/wp\/v2\/posts\/6274","targetHints":{"allow":["GET"]}}],"collection":[{"href":"https:\/\/archivioturi.lavocedelpaese.info\/index.php\/wp-json\/wp\/v2\/posts"}],"about":[{"href":"https:\/\/archivioturi.lavocedelpaese.info\/index.php\/wp-json\/wp\/v2\/types\/post"}],"author":[{"embeddable":true,"href":"https:\/\/archivioturi.lavocedelpaese.info\/index.php\/wp-json\/wp\/v2\/users\/1"}],"replies":[{"embeddable":true,"href":"https:\/\/archivioturi.lavocedelpaese.info\/index.php\/wp-json\/wp\/v2\/comments?post=6274"}],"version-history":[{"count":0,"href":"https:\/\/archivioturi.lavocedelpaese.info\/index.php\/wp-json\/wp\/v2\/posts\/6274\/revisions"}],"wp:featuredmedia":[{"embeddable":true,"href":"https:\/\/archivioturi.lavocedelpaese.info\/index.php\/wp-json\/wp\/v2\/media\/6273"}],"wp:attachment":[{"href":"https:\/\/archivioturi.lavocedelpaese.info\/index.php\/wp-json\/wp\/v2\/media?parent=6274"}],"wp:term":[{"taxonomy":"category","embeddable":true,"href":"https:\/\/archivioturi.lavocedelpaese.info\/index.php\/wp-json\/wp\/v2\/categories?post=6274"},{"taxonomy":"post_tag","embeddable":true,"href":"https:\/\/archivioturi.lavocedelpaese.info\/index.php\/wp-json\/wp\/v2\/tags?post=6274"}],"curies":[{"name":"wp","href":"https:\/\/api.w.org\/{rel}","templated":true}]}}