{"id":6259,"date":"2011-05-30T14:25:41","date_gmt":"2011-05-30T14:25:41","guid":{"rendered":"https:\/\/archivioturi.lavocedelpaese.info\/index.php\/2011\/05\/30\/la-protesta-prosegue-la-voce-del-genitore\/"},"modified":"2011-05-30T14:25:41","modified_gmt":"2011-05-30T14:25:41","slug":"la-protesta-prosegue-la-voce-del-genitore","status":"publish","type":"post","link":"https:\/\/archivioturi.lavocedelpaese.info\/index.php\/2011\/05\/30\/la-protesta-prosegue-la-voce-del-genitore\/","title":{"rendered":"LA PROTESTA PROSEGUE. LA VOCE DEL GENITORE"},"content":{"rendered":"<p><img loading=\"lazy\" decoding=\"async\" class=\" size-full wp-image-2993\" alt=\"sc_3\" height=\"150\" width=\"320\" src=\"https:\/\/archivioturi.lavocedelpaese.info\/wp-content\/uploads\/2010\/09\/sc_3.jpg\" srcset=\"https:\/\/archivioturi.lavocedelpaese.info\/wp-content\/uploads\/2010\/09\/sc_3.jpg 640w, https:\/\/archivioturi.lavocedelpaese.info\/wp-content\/uploads\/2010\/09\/sc_3-300x141.jpg 300w\" sizes=\"auto, (max-width: 320px) 100vw, 320px\" \/><\/p>\n<p style=\"text-align: justify;\">Continuiamo ad ospitare sulle nostre pagine la protesta che sta investendo la scuola primaria turese. Anche questa settimana, il genitore Di Lauro Giampaolo ha voluto far sentire la sua voce in risposta alla posizione presa dagli organi scolastici.<\/p>\n<p style=\"text-align: justify;\">Continua a ribadire il motivo per il quale il dirigente scolastico non abbia avviato la procedura indicata in sede ci Consiglio, gi\u00e0 all\u2019inizio della sua carica e domanda, attraverso la lettera, se la scuola turese sia rimasta ferma a 20 anni fa. Ci sono stati tutti i controlli delle strutture? \u201cOgnuno, aggiunge, deve prendersi le sue responsabilit\u00e0\u201d. \u201cOggi \u2013 prosegue- il Dirigente Scolastico, come datore di lavoro (secondo il D.M. 21\/06\/1996 n.292) ha l\u2019obbligo di preservare la sicurezza e l\u2019aspetto igienico \u2013 sanitario della sua scuola. Sicuramente &#8211; aggiunge infine \u2013 non pu\u00f2 conoscere tutto in maniera precisa e puntuale, quindi a lui devono riferire i Docenti che sono i responsabili delle diverse classi\u201d.<\/p>\n<p style=\"text-align: justify;\">Vi proponiamo la lettera del sig.r Di Lauro giunta in redazione.<\/p>\n<p style=\"text-align: justify;\">\u00a0<\/p>\n<hr \/>\n<p style=\"text-align: justify;\">&#8220;In merito a quando pubblicato a pagina 13 in data 20 maggio 2011 \u201cPROPOSTE CHE RISPONDONO ALLE DISPOSIZIONI NORMATIVE\u201d \u00e8 appena il caso di sottolineare che uno dei miei due figli ha frequentato per due anni la scuola dell\u2019infanzia in questo Comune nel plesso di via Ginestre. In entrambi gli anni ai genitori \u00e8 stato detto che i bambini mangiavano nel salone posto come ultima stanza a destra dell\u2019entrata. Naturalmente, in questi due anni c\u2019\u00e8 stata la buona fede\u00a0 verso la Pubblica Amministrazione Locale e l\u2019Istituzione Scolastica e, per me, quel salone era sicuramente il refettorio. Certamente, se avessi saputo qualcosa non sarei restato con le mani in mano a guardare. Purtroppo nel 2011 non funziona lo \u201cscarica barile\u201d non si pu\u00f2 colpevolizzare una persona che scrive e chiede delucidazioni come per norma previsto a vantaggio di chi \u00e8 restato inerme per tanto tempo. Tra chi dovrebbe essere a conoscenza dello stato dei luoghi, oltre agli Insegnanti ed\u00a0 al Dirigente Scolastico come disposto da previsione normativa, all\u2019 Amministrazione Locale quale Ente proprietaria degli stabili, prima del genitore (che pu\u00f2 anche non interessarsene \u2026.. fino ad un certo punto) c\u2019\u00e8 la massima rappresentanza dei genitori in Consiglio di Circolo che, certamente, vive pi\u00f9 intensamente e da vicino le problematiche della scuola e dei locali stessi\u2026\u2026\u2026\u2026\u2026.<\/p>\n<p style=\"text-align: justify;\">Senza elencare i vari Decreti che sin dal lontano 1975 dettano i limiti e le responsabilit\u00e0 imposti dalla normativa scolastica ai Dirigenti Scolastici nella formazione delle classi, onde evitare trasmissione di malattie infettive (virus e batteri) e dei parassiti (pediculosi) e cagionare in generale danni alla salute dei bambini per sovraffollamento rispetto alla metratura a disposizione, pericolo di sicurezza incendi ecc\u2026\u2026 , \u00e8 da valutare che dal punto di vista amministrativo tali eventi comporterebbero la decadenza della validit\u00e0 del certificato di agibilit\u00e0 e del certificato di prevenzione incendi rilasciati sulla base della effettiva planimetria e delle dimensioni delle aule e della scuola.<\/p>\n<p style=\"text-align: justify;\">E le norme UNI a riguardo degli arredi? Non ci pensiamo proprio \u2026.. \u00e8 meglio.<\/p>\n<p style=\"text-align: justify;\">Vogliamo affermare che siamo fermi al <strong>1975<\/strong>??? Io spero di no anzi, sono sicuro che non lo siamo.<\/p>\n<p style=\"text-align: justify;\">Nel caso invece di aule di dimensione inferiore a quelle previste dalla Legge, l\u2019 Istituzione Scolastica, assolto l\u2019obbligo di inoltro della richiesta all\u2019Ente competente in merito ai lavori di adeguamento degli edifici, attrezzature, impianti, ecc\u2026 (per la cos\u00ec detta messa a norma) ha l\u2019obbligo di adottare, senza aspettare l\u2019evento dannoso per l\u2019utenza, le misure alternative al fine di garantire un\u2019equivalente livello di sicurezza in attesa dell\u2019esecuzione dei lavori e, cio\u00e8, la proporzionale riduzione del numero degli alunni per classe.<\/p>\n<p style=\"text-align: justify;\">E nel caso di eventi dannosi cosa succede se non viene attuato quanto gi\u00e0 detto? Lo abbiamo visto in altre scuole d\u2019Italia\u2026\u2026 come minimo nessuna assicurazione coprir\u00e0 il danno e se va bene qualche sentenza di condanna che comunque non serve a riparare il danno.<\/p>\n<p style=\"text-align: justify;\">Ma noi non vogliamo questo, vogliamo che l\u2019evento dannoso, da qualsiasi cosa dovuto, sia evitato adottando tutte le misure previste.<\/p>\n<p style=\"text-align: justify;\">Ma chi ha messo in giro la voce che la scuola ha bisogno di manutenzione straordinaria ed ordinaria, che la composizione delle classi sembrano risultare inadeguate sotto il profilo strutturale dell\u2019accoglienza e degli spazi?<\/p>\n<p style=\"text-align: justify;\">Chi ha chiesto\u00a0 di conoscere se in tutti i plessi scolastici (infanzia e primaria) gli ambienti\/aule predisposti sono da ritenersi idonei dal punto di vista igienico sanitario e di accoglienza e permanenza (sicurezza, salubrit\u00e0, luminosit\u00e0 e capienza)?<\/p>\n<p style=\"text-align: justify;\">E chi ha invitato l\u2019Ente Locale (Comune) ad individuare spazi adeguati e rispettosi dei bisogni\/necessit\u00e0 dei bambini?<\/p>\n<p style=\"text-align: justify;\">Io certamente NO in quanto non ero a conoscenza di tutto questo.<\/p>\n<p style=\"text-align: justify;\">A conti fatti questo vuol dire che i nostri figli fino ad oggi non sono stati ospitati in locali con spazi adeguati e rispettosi\u00a0 e magari con problemi igienico sanitario, di sicurezza , di salubrit\u00e0, di luminosit\u00e0 e di capienza. In locali che hanno bisogno di interventi di manutenzione straordinaria ed ordinaria.<\/p>\n<p style=\"text-align: justify;\">La lettera in cui\u00a0 \u00e8 scritto questo \u00e8 del Circolo Didattico \u201cDE DONATO GIANNINI\u201d datata 11 maggio 2011 a firma del Dirigente Scolastico Prof. Giuseppe VERNI\u2019 inviata a me per conoscenza\u00a0 e come comunicazione urgente agli Enti competenti.<\/p>\n<p style=\"text-align: justify;\">E nessuno sapeva niente..\u2026\u2026<\/p>\n<p style=\"text-align: justify;\">Lascio a voi i commenti\u2026\u2026\u2026. Ma Tot\u00f2 avrebbe detto\u00a0\u00a0 \u201cMA MI FACCIA IL PIACERE\u201d<\/p>\n<p>\u00a0<\/p>\n<p>\u00a0<\/p>\n<p style=\"text-align: right;\">DI LAURO Gianpaolo&#8221;<\/p>\n<p>\u00a0<\/p>\n","protected":false},"excerpt":{"rendered":"<p><img loading=\"lazy\" decoding=\"async\" class=\" size-full wp-image-2993\" alt=\"sc_3\" height=\"150\" width=\"320\" src=\"https:\/\/archivioturi.lavocedelpaese.info\/wp-content\/uploads\/2010\/09\/sc_3.jpg\" srcset=\"https:\/\/archivioturi.lavocedelpaese.info\/wp-content\/uploads\/2010\/09\/sc_3.jpg 640w, https:\/\/archivioturi.lavocedelpaese.info\/wp-content\/uploads\/2010\/09\/sc_3-300x141.jpg 300w\" sizes=\"auto, (max-width: 320px) 100vw, 320px\" \/><\/p>\n","protected":false},"author":1,"featured_media":2993,"comment_status":"open","ping_status":"closed","sticky":false,"template":"","format":"standard","meta":{"colormag_page_container_layout":"default_layout","colormag_page_sidebar_layout":"default_layout","footnotes":""},"categories":[7],"tags":[],"class_list":["post-6259","post","type-post","status-publish","format-standard","has-post-thumbnail","hentry","category-attualita"],"_links":{"self":[{"href":"https:\/\/archivioturi.lavocedelpaese.info\/index.php\/wp-json\/wp\/v2\/posts\/6259","targetHints":{"allow":["GET"]}}],"collection":[{"href":"https:\/\/archivioturi.lavocedelpaese.info\/index.php\/wp-json\/wp\/v2\/posts"}],"about":[{"href":"https:\/\/archivioturi.lavocedelpaese.info\/index.php\/wp-json\/wp\/v2\/types\/post"}],"author":[{"embeddable":true,"href":"https:\/\/archivioturi.lavocedelpaese.info\/index.php\/wp-json\/wp\/v2\/users\/1"}],"replies":[{"embeddable":true,"href":"https:\/\/archivioturi.lavocedelpaese.info\/index.php\/wp-json\/wp\/v2\/comments?post=6259"}],"version-history":[{"count":0,"href":"https:\/\/archivioturi.lavocedelpaese.info\/index.php\/wp-json\/wp\/v2\/posts\/6259\/revisions"}],"wp:featuredmedia":[{"embeddable":true,"href":"https:\/\/archivioturi.lavocedelpaese.info\/index.php\/wp-json\/wp\/v2\/media\/2993"}],"wp:attachment":[{"href":"https:\/\/archivioturi.lavocedelpaese.info\/index.php\/wp-json\/wp\/v2\/media?parent=6259"}],"wp:term":[{"taxonomy":"category","embeddable":true,"href":"https:\/\/archivioturi.lavocedelpaese.info\/index.php\/wp-json\/wp\/v2\/categories?post=6259"},{"taxonomy":"post_tag","embeddable":true,"href":"https:\/\/archivioturi.lavocedelpaese.info\/index.php\/wp-json\/wp\/v2\/tags?post=6259"}],"curies":[{"name":"wp","href":"https:\/\/api.w.org\/{rel}","templated":true}]}}