{"id":6203,"date":"2011-05-23T06:38:42","date_gmt":"2011-05-23T06:38:42","guid":{"rendered":"https:\/\/archivioturi.lavocedelpaese.info\/index.php\/2011\/05\/23\/basta-poco-per-uscire-dalla-palude-4\/"},"modified":"2011-05-23T06:38:42","modified_gmt":"2011-05-23T06:38:42","slug":"basta-poco-per-uscire-dalla-palude-4","status":"publish","type":"post","link":"https:\/\/archivioturi.lavocedelpaese.info\/index.php\/2011\/05\/23\/basta-poco-per-uscire-dalla-palude-4\/","title":{"rendered":"BASTA POCO PER USCIRE DALLA PALUDE \u2026"},"content":{"rendered":"<p><img loading=\"lazy\" decoding=\"async\" class=\" size-full wp-image-6201\" alt=\"degrado_3\" height=\"151\" width=\"320\" src=\"https:\/\/archivioturi.lavocedelpaese.info\/wp-content\/uploads\/2011\/05\/degrado_3.jpg\" srcset=\"https:\/\/archivioturi.lavocedelpaese.info\/wp-content\/uploads\/2011\/05\/degrado_3.jpg 640w, https:\/\/archivioturi.lavocedelpaese.info\/wp-content\/uploads\/2011\/05\/degrado_3-300x141.jpg 300w\" sizes=\"auto, (max-width: 320px) 100vw, 320px\" \/><\/p>\n<p style=\"text-align: justify;\"><span style=\"font-size: 8pt;\">(foto Turi com&#8217;era)<\/span><\/p>\n<p style=\"text-align: justify;\">1985 \u2013 1988: l\u2019amministrazione comunale, dopo la parentesi del Commissario Prefettizio Ferri, \u00e8 guidata al dott. <strong>Leonardo Spada<\/strong>, il suo mandato si interruppe a meno nove mesi dalla scadenza per un\u2019altra crisi all\u2019interno della maggioranza. Delegato allo Sport e assessore ai Servizi Sociali era Franco Petrera.<\/p>\n<p style=\"text-align: justify;\">Il dott. Spada, essendo passato troppo tempo, ha ripreso tutte le delibere delle strutture sportive adottate durante i suoi tre anni. A vederli non si crede perch\u00e9 alcune opere, a detta dei precedenti delegati allo Sport, sembravano completate. Ma come sentiremo, qualcuno ha bleffato.<\/p>\n<p style=\"text-align: justify;\"><strong>Dott. Spada da dove cominciamo?<\/strong><\/p>\n<p style=\"text-align: justify;\">\u201cDalle inesattezze finora raccontate. Io parlo con le delibere adottate dal 1986 al 1988 e nessuno pu\u00f2 contestare che nei primi mesi del 1988 fu approvato ed iniziato il progetto di costruzione degli impianti sportivi (calcetto \u2013 campi da tennis) nell\u2019area del Campo Comunale per \u00a3 200.000.000\u201d.<\/p>\n<p style=\"text-align: justify;\"><strong>Ma il prof. De Carolis afferma che tutte le strutture del campo in via Cisterna sono state realizzate dalle amministrazioni Susca e Valentini 1978 \u2013 83?<\/strong><\/p>\n<p><img loading=\"lazy\" decoding=\"async\" class=\" alignright size-full wp-image-6202\" style=\"margin-top: 10px; margin-bottom: 10px; margin-left: 10px; float: right;\" alt=\"degrado_2\" height=\"360\" width=\"480\" src=\"https:\/\/archivioturi.lavocedelpaese.info\/wp-content\/uploads\/2011\/05\/degrado_2.jpg\" srcset=\"https:\/\/archivioturi.lavocedelpaese.info\/wp-content\/uploads\/2011\/05\/degrado_2.jpg 640w, https:\/\/archivioturi.lavocedelpaese.info\/wp-content\/uploads\/2011\/05\/degrado_2-300x225.jpg 300w\" sizes=\"auto, (max-width: 480px) 100vw, 480px\" \/><\/p>\n<div style=\"text-align: justify;\">\u201cLa mia amministrazione eredit\u00f2 il solo terreno di gioco con ammessi spogliatoi. \u00c8 un dato certo. Il campo era circondato da alberi di ulivo\u201d.<\/div>\n<\/p>\n<p style=\"text-align: justify;\"><strong>Dott. il suo intervento toglier\u00e0 qualche dubbio ma susciter\u00e0 in qualcuno mal contento?<\/strong><\/p>\n<p style=\"text-align: justify;\">\u201cLa storia \u00e8 fatta dai dati e dalle delibere. Con deliberazione di Consiglio Comunale n.10 del 05\u2013 03-1985 fu approvato il relativo Regolamento Comunale. L\u2019amministrazione successiva se ne fece vanto di averla \u201ccreata\u201d lei ma la realt\u00e0 \u00e8 diversa. L\u2019anno 1985 fu approvato il progetto per<\/p>\n<p style=\"text-align: justify;\">\u00a3 440.000.000 per la realizzazione della Pista Podistica al campo sportivo e terminata nel 1988. L\u2019anno 1987 fu approvato ed iniziato il progetto di costruzione della tribuna con palestra sottostante al campo sportivo comunale per \u00a3 150.000.000. Nel mese di gennaio 1988 fu approvato il progetto per la costruzione di una PALESTRA comunale per l\u2019importo di \u00a3 650.000.000 con richiesta di finanziamento alla Regione Puglia. L\u2019ultimo provvedimento fu il progetto per trasformare il terreno di gioco del campo sportivo da terra ad erbetta\u201d.<\/p>\n<p style=\"text-align: justify;\"><strong>Avevate pensato anche al palazzetto?<\/strong><\/p>\n<p style=\"text-align: justify;\">\u201cEsattamente, la denominammo Palestra ma in realt\u00e0 era il Palazzetto. Era il sogno dell\u2019assessore Michele Resta che voleva creare, finalmente, un luogo idoneo per la pallavolo e noi muovemmo i primi passi fondamentali\u201d.<\/p>\n<p style=\"text-align: justify;\"><strong>Dott. Spada cosa si rimprovera di non aver realizzato per lo sport?<\/strong><\/p>\n<p style=\"text-align: justify;\">\u201cIl rammarico \u00e8 che per \u201ccapricci\u201d personali di alcuni assessori e consiglieri consegnammo il comune al commissario. Ma soprattutto l\u2019amarezza che mi rimane ancora nell\u2019animo \u00e8 di non aver potuto realizzare, nella lama attigua al mattatoio e campo sportivo, una grande pineta con i 250.000.000 avuti per la riqualificazione della suddetta lama. Non aver potuto realizzare all\u2019interno di questa pineta la \u201cstrada della salute\u201d su cui allenarsi, passeggiare con annessa pista ciclabile per permettere ai giovani e a tutti i cittadini di Turi di praticare attivit\u00e0 sportive \u201call\u2019aria aperta\u201d ma protetta dall\u2019inquinamento sia per un buon stato di salute psico \u2013 fisica che sportiva, \u00e8 il mio pi\u00f9 grande dispiacere.<\/p>\n<p style=\"text-align: justify;\">Per lo sport \u00e8 stato realizzato quello che esiste oggi, se le amministrazioni successive non sono state in grado di realizzare la manutenzione e vari accorgimenti di sistemazione ordinaria, per non cadere nel degrado come \u00e8 la situazione odierna, rivolgiti ad altri\u201d.<\/p>\n<p style=\"text-align: justify;\">Grazie Leonardo<\/p>\n<p style=\"text-align: justify;\">Il dott. Spada si \u00e8 concesso del tempo prima di intervenire nel nostro excursus perch\u00e9 ha \u201cmesso fuori le Carte\u201d. Di fronte alle delibere non ci sono commenti ma sorgono spontanee delle considerazioni. Facendo un po\u2019 di conti l\u2019amministrazione con Sindaco Leonardo Spada ha messo fuori per l\u2019impiantistica sportiva, 1 miliardo e 440 milioni di vecchie lire. Verificheremo se \u00e8 un record per lo sport turese!!! Certo \u00e8 la prima volta che sappiamo i costi. Ed \u00e8 questo che il cittadino vuole: TRASPARENZA!!!<\/p>\n<p style=\"text-align: justify;\">Perch\u00e9 sono stati spesi altri soldi e ci troviamo con un campo inagibile, campi da tennis appena sistemati da risistemare, pista di atletica distrutta? E tutte le attrezzature per l\u2019atletica che fine hanno fatto?? Ricordo che arrivarono quattro materassoni per il salto in alto, gli ostacoli per le \u201csiepi\u201d, gli ostacoli per la corsa, il giavellotto, il martello, i pesi per i lanci sia a livello scolastico che agonistico.<\/p>\n<p style=\"text-align: justify;\">Quanto ci \u00e8 costato mantenere le vecchie strutture per giunta inagibili?<\/p>\n<p>\u00a0<\/p>\n","protected":false},"excerpt":{"rendered":"<p><img loading=\"lazy\" decoding=\"async\" class=\" size-full wp-image-6201\" alt=\"degrado_3\" height=\"151\" width=\"320\" src=\"https:\/\/archivioturi.lavocedelpaese.info\/wp-content\/uploads\/2011\/05\/degrado_3.jpg\" srcset=\"https:\/\/archivioturi.lavocedelpaese.info\/wp-content\/uploads\/2011\/05\/degrado_3.jpg 640w, https:\/\/archivioturi.lavocedelpaese.info\/wp-content\/uploads\/2011\/05\/degrado_3-300x141.jpg 300w\" sizes=\"auto, (max-width: 320px) 100vw, 320px\" \/><\/p>\n","protected":false},"author":1,"featured_media":6201,"comment_status":"open","ping_status":"closed","sticky":false,"template":"","format":"standard","meta":{"colormag_page_container_layout":"default_layout","colormag_page_sidebar_layout":"default_layout","footnotes":""},"categories":[7],"tags":[],"class_list":["post-6203","post","type-post","status-publish","format-standard","has-post-thumbnail","hentry","category-attualita"],"_links":{"self":[{"href":"https:\/\/archivioturi.lavocedelpaese.info\/index.php\/wp-json\/wp\/v2\/posts\/6203","targetHints":{"allow":["GET"]}}],"collection":[{"href":"https:\/\/archivioturi.lavocedelpaese.info\/index.php\/wp-json\/wp\/v2\/posts"}],"about":[{"href":"https:\/\/archivioturi.lavocedelpaese.info\/index.php\/wp-json\/wp\/v2\/types\/post"}],"author":[{"embeddable":true,"href":"https:\/\/archivioturi.lavocedelpaese.info\/index.php\/wp-json\/wp\/v2\/users\/1"}],"replies":[{"embeddable":true,"href":"https:\/\/archivioturi.lavocedelpaese.info\/index.php\/wp-json\/wp\/v2\/comments?post=6203"}],"version-history":[{"count":0,"href":"https:\/\/archivioturi.lavocedelpaese.info\/index.php\/wp-json\/wp\/v2\/posts\/6203\/revisions"}],"wp:featuredmedia":[{"embeddable":true,"href":"https:\/\/archivioturi.lavocedelpaese.info\/index.php\/wp-json\/wp\/v2\/media\/6201"}],"wp:attachment":[{"href":"https:\/\/archivioturi.lavocedelpaese.info\/index.php\/wp-json\/wp\/v2\/media?parent=6203"}],"wp:term":[{"taxonomy":"category","embeddable":true,"href":"https:\/\/archivioturi.lavocedelpaese.info\/index.php\/wp-json\/wp\/v2\/categories?post=6203"},{"taxonomy":"post_tag","embeddable":true,"href":"https:\/\/archivioturi.lavocedelpaese.info\/index.php\/wp-json\/wp\/v2\/tags?post=6203"}],"curies":[{"name":"wp","href":"https:\/\/api.w.org\/{rel}","templated":true}]}}