{"id":6174,"date":"2011-05-18T09:32:41","date_gmt":"2011-05-18T09:32:41","guid":{"rendered":"https:\/\/archivioturi.lavocedelpaese.info\/index.php\/2011\/05\/18\/scuola-si-tornera-in-classe-il-15-settembre-2011\/"},"modified":"2011-05-18T09:32:41","modified_gmt":"2011-05-18T09:32:41","slug":"scuola-si-tornera-in-classe-il-15-settembre-2011","status":"publish","type":"post","link":"https:\/\/archivioturi.lavocedelpaese.info\/index.php\/2011\/05\/18\/scuola-si-tornera-in-classe-il-15-settembre-2011\/","title":{"rendered":"SCUOLA: SI TORNER\u00c0 IN CLASSE IL 15 SETTEMBRE"},"content":{"rendered":"<p><img loading=\"lazy\" decoding=\"async\" class=\" size-full wp-image-5232\" alt=\"regione_puglia_esterno\" height=\"150\" width=\"320\" src=\"https:\/\/archivioturi.lavocedelpaese.info\/wp-content\/uploads\/2011\/02\/regione_puglia_esterno.jpg\" srcset=\"https:\/\/archivioturi.lavocedelpaese.info\/wp-content\/uploads\/2011\/02\/regione_puglia_esterno.jpg 640w, https:\/\/archivioturi.lavocedelpaese.info\/wp-content\/uploads\/2011\/02\/regione_puglia_esterno-300x141.jpg 300w\" sizes=\"auto, (max-width: 320px) 100vw, 320px\" \/><\/p>\n<p>La Regione Puglia ha definito il\u00a0<strong>calendario scolastico per l\u2019anno 2011-2012<\/strong>. La prima campanella per tutte le scuole pugliesi suoner\u00e0 il\u00a0<strong>15 settembre 2011<\/strong>, mentre l\u2019ultimo giorno di scuola \u00e8 fissato\u00a0<strong>al 9 giugno 2012<\/strong>, per le scuole statali e paritarie del 1\u00b0 e 2\u00b0 ciclo di istruzione, e\u00a0<strong>al 30 giugno 2012<\/strong>, per le scuole d\u2019infanzia.<\/p>\n<p>Complessivamente, saranno\u00a0<strong>204 i giorni di lezione<\/strong> nelle scuole primarie e secondarie e\u00a0<strong>222 i giorni<\/strong> di apertura delle scuole d\u2019infanzia, che si riducono rispettivamente a\u00a0<strong>203 e a 221 <\/strong>nel caso in cui<strong> la ricorrenza del Santo Patrono <\/strong>cada in un giorno nel quale siano previste lezioni.<\/p>\n<p>La Deliberazione approvata dalla Giunta Regionale, su proposta dell\u2019Assessore al Diritto allo studio e formazione\u00a0<strong>Alba Sasso<\/strong>, prevede la sospensione delle lezioni, oltre che nei giorni di festivit\u00e0 nazionale individuati con decreto ministeriale, anche\u00a0<strong>dal 23 dicembre 2011 al 7 gennaio 2012<\/strong> per festivit\u00e0 natalizie,\u00a0<strong>dal 5 al 10 aprile 2012<\/strong> per vacanze pasquali, il\u00a0<strong>2 novembre<\/strong> per la commemorazione dei defunti e nel\u00a0<strong>giorno di ricorrenza del Santo Patrono <\/strong>(qualora coincida con giorno di lezione). Sono previsti, inoltre, \u201cponti\u201d in coincidenza con le feste di Tutti i Santi e del 1\u00b0 Maggio.<\/p>\n<p>Le istituzioni scolastiche, nell\u2019ambito della propria autonomia organizzativa, potranno disporre adattamenti in relazione alle esigenze derivanti dall\u2019attuazione del Piano dell\u2019offerta formativa, promuovendo al riguardo ogni utile raccordo con le altre istituzioni scolastiche del territorio e con gli enti locali, tenuti all\u2019organizzazione dei servizi di supporto.<\/p>\n<p>\u201cLa ratio di fondo del provvedimento adottato &#8211; sottolinea l\u2019assessore regionale Sasso &#8211; deriva dalla consapevolezza\u00a0<strong>che il calendario scolastico rappresenti un importante strumento di programmazione territoriale<\/strong>, per le ripercussioni che le scansioni temporali previste possono avere sull\u2019organizzazione della vita familiare degli alunni, sui servizi connessi all\u2019attivit\u00e0 didattica e pi\u00f9 in generale sulle realt\u00e0 direttamente o indirettamente coinvolte con l\u2019attivit\u00e0 scolastica e dal riconoscimento del valore dell\u2019autonomia scolastica che, in raccordo con gli enti locali, pu\u00f2 meglio rispondere alle finalit\u00e0 ed alle esigenze di flessibilit\u00e0 dell\u2019offerta formativa nell\u2019interesse prioritario dell\u2019utenza\u201d.<\/p>\n<p style=\"text-align: center;\"><strong>CALENDARIO SCOLASTICO<\/strong><\/p>\n<p style=\"text-align: justify;\">inizio delle lezioni:<strong> <strong>15 settembre 2011<\/strong><\/strong><\/p>\n<p style=\"text-align: justify;\">termine delle lezioni:<strong> <strong>9 giugno 2012<\/strong> (scuole statali e paritarie del 1\u00b0 e 2\u00b0 ciclo)<\/strong><\/p>\n<p style=\"text-align: justify;\">termine delle attivit\u00e0 educative nelle scuole dell\u2019infanzia:<strong> <strong>30 giugno 2012<\/strong><\/strong><\/p>\n<p style=\"text-align: justify;\"><strong><strong><strong>FESTIVIT\u00c0 NAZIONALI:<\/strong><\/strong><\/strong><\/p>\n<ul>\n<li>Tutte le domeniche<\/li>\n<li><strong>1\u00b0 novembre<\/strong>, festa di tutti i Santi<\/li>\n<li><strong>8 dicembre<\/strong>, Immacolata Concezione<\/li>\n<li><strong>25 dicembre<\/strong>, Natale<\/li>\n<li><strong>26 dicembre<\/strong>, S.Stefano;<\/li>\n<li><strong>1\u00b0 gennaio<\/strong>, Capodanno;<\/li>\n<li><strong>6 gennaio<\/strong>, Epifania;<\/li>\n<li>luned\u00ec dopo Pasqua;<\/li>\n<li><strong>25 aprile<\/strong>, anniversario della Liberazione;<\/li>\n<li><strong>1\u00b0 maggio<\/strong>, festa del Lavoro;<\/li>\n<li><strong>2 giugno<\/strong>, festa nazionale della Repubblica;<\/li>\n<\/ul>\n<p>\u00a0<\/p>\n<p><strong>VACANZE SCOLASTICHE:<\/strong><\/p>\n<p><strong><strong>31 ottobre 2011<\/strong><\/strong><\/p>\n<p><strong><strong><strong>2 novembre 2011<\/strong><\/strong><\/strong><\/p>\n<p><strong><strong><strong>vacanze natalizie:<strong> dal 23 dicembre 2011 al 7 gennaio 2012<\/strong><\/strong><\/strong><\/strong><\/p>\n<p><strong><strong><strong><strong>vacanze pasquali:\u00a0<strong>dal 5 al 10 aprile 2012<\/strong><\/strong><\/strong><\/strong><\/strong><\/p>\n<p><strong><strong><strong><strong><strong><strong>30 aprile 2012<\/strong><\/strong><\/strong><\/strong><\/strong><\/strong><\/p>\n","protected":false},"excerpt":{"rendered":"<p><img loading=\"lazy\" decoding=\"async\" class=\" size-full wp-image-5232\" alt=\"regione_puglia_esterno\" height=\"150\" width=\"320\" src=\"https:\/\/archivioturi.lavocedelpaese.info\/wp-content\/uploads\/2011\/02\/regione_puglia_esterno.jpg\" srcset=\"https:\/\/archivioturi.lavocedelpaese.info\/wp-content\/uploads\/2011\/02\/regione_puglia_esterno.jpg 640w, https:\/\/archivioturi.lavocedelpaese.info\/wp-content\/uploads\/2011\/02\/regione_puglia_esterno-300x141.jpg 300w\" sizes=\"auto, (max-width: 320px) 100vw, 320px\" \/><\/p>\n","protected":false},"author":1,"featured_media":5232,"comment_status":"open","ping_status":"closed","sticky":false,"template":"","format":"standard","meta":{"colormag_page_container_layout":"default_layout","colormag_page_sidebar_layout":"default_layout","footnotes":""},"categories":[7],"tags":[],"class_list":["post-6174","post","type-post","status-publish","format-standard","has-post-thumbnail","hentry","category-attualita"],"_links":{"self":[{"href":"https:\/\/archivioturi.lavocedelpaese.info\/index.php\/wp-json\/wp\/v2\/posts\/6174","targetHints":{"allow":["GET"]}}],"collection":[{"href":"https:\/\/archivioturi.lavocedelpaese.info\/index.php\/wp-json\/wp\/v2\/posts"}],"about":[{"href":"https:\/\/archivioturi.lavocedelpaese.info\/index.php\/wp-json\/wp\/v2\/types\/post"}],"author":[{"embeddable":true,"href":"https:\/\/archivioturi.lavocedelpaese.info\/index.php\/wp-json\/wp\/v2\/users\/1"}],"replies":[{"embeddable":true,"href":"https:\/\/archivioturi.lavocedelpaese.info\/index.php\/wp-json\/wp\/v2\/comments?post=6174"}],"version-history":[{"count":0,"href":"https:\/\/archivioturi.lavocedelpaese.info\/index.php\/wp-json\/wp\/v2\/posts\/6174\/revisions"}],"wp:featuredmedia":[{"embeddable":true,"href":"https:\/\/archivioturi.lavocedelpaese.info\/index.php\/wp-json\/wp\/v2\/media\/5232"}],"wp:attachment":[{"href":"https:\/\/archivioturi.lavocedelpaese.info\/index.php\/wp-json\/wp\/v2\/media?parent=6174"}],"wp:term":[{"taxonomy":"category","embeddable":true,"href":"https:\/\/archivioturi.lavocedelpaese.info\/index.php\/wp-json\/wp\/v2\/categories?post=6174"},{"taxonomy":"post_tag","embeddable":true,"href":"https:\/\/archivioturi.lavocedelpaese.info\/index.php\/wp-json\/wp\/v2\/tags?post=6174"}],"curies":[{"name":"wp","href":"https:\/\/api.w.org\/{rel}","templated":true}]}}