{"id":6135,"date":"2011-05-16T05:36:46","date_gmt":"2011-05-16T05:36:46","guid":{"rendered":"https:\/\/archivioturi.lavocedelpaese.info\/index.php\/2011\/05\/16\/maria-regina-mundi\/"},"modified":"2011-05-16T05:36:46","modified_gmt":"2011-05-16T05:36:46","slug":"maria-regina-mundi","status":"publish","type":"post","link":"https:\/\/archivioturi.lavocedelpaese.info\/index.php\/2011\/05\/16\/maria-regina-mundi\/","title":{"rendered":"MARIA: REGINA MUNDI! PREGHIERA NEL SUO MESE"},"content":{"rendered":"<p><img loading=\"lazy\" decoding=\"async\" class=\" size-full wp-image-6134\" alt=\"pompei_madonna\" height=\"150\" width=\"320\" src=\"https:\/\/archivioturi.lavocedelpaese.info\/wp-content\/uploads\/2011\/05\/pompei_madonna.png\" \/><\/p>\n<p style=\"text-align: justify;\">Maggio. Mese molto caro alla devozione cattolica di parrocchie e famiglie che soprattutto in questo periodo si avvicinano di pi\u00f9 alla preghiera. Nel Paese di Turi, ogni famiglia devota, ospita la Madonna, per un giorno e per una notte, per tutti i giorni del mese, allestendo per Lei i cosiddetti \u201caltarini\u201d. Attorno a questi si riuniscono un gran numero di fedeli che recitano il Santo Rosario, indispensabile poich\u00e9 in esso riecheggia la preghiera di Maria, il suo perenne Magnificat (Lc 1-46) per l&#8217;opera dell&#8217;Incarnazione redentrice iniziata nel suo grembo verginale, perch\u00e9, \u00e8 nel suo grembo che si \u00e8 plasmato, prendendo da Lei anche un&#8217;umana somiglianza.<\/p>\n<p style=\"text-align: justify;\">Nel Vangelo, significativi sono i versetti di Giovanni 19-26. Con le frasi: \u201cDonna, ecco il tuo figlio!\u201d, e proseguendo: \u201cEcco, la tua madre\u201d,\u00a0 il Cristo, rivela la vera identit\u00e0 di Sua Madre\u00a0 con due sostantivi; con il primo, ovvero, con l\u2019 appellativo di \u201cdonna\u201d , il Redentore esplica che Maria \u00e8 la \u201cnuova Eva\u201d e con quello di \u201cmadre\u201d,\u00a0 che Maria \u00e8 Madre spirituale di tutti i presenti. La Theot\u00f2kos, appunto, alla Quale, mediante l\u2019intercessione del Santo Rosario, ci rivolgiamo, affidando la nostra vita e l\u2019ora della nostra morte, essendo Lei solo, in strettissimo contatto con Cristo, nostro Signore. Per questo, l\u2019appena Beato Giovanni Paolo II, con il motto: \u201cTotus tuus ego sum\u201d (Sono tutto tuo), ha desiderato profondamente che ogni credente potesse servirsi di Maria per arrivare al Cristo, Suo Unico Figlio, ed \u00e8 proprio sullo sfondo delle parole dell\u2019AVE MARIA, che davanti agli occhi del credente passano i principali episodi della vita di Ges\u00f9 Cristo. Con esso il popolo cristiano\u00a0 si mette \u201calla scuola di Maria\u201d, poich\u00e9, non si tratta solo di imparare le cose che Egli ha insegnato, ma di \u201cimparare e conoscere Lui\u201d. Quale miglior maestra, se non Maria in persona, conosce Ges\u00f9 Cristo pi\u00f9 di tutti? \u201cAlla scuola di Maria, impariamo- dice il Papa Benedetto XVI- a conformarci al suo divin Figlio e ad annunciarlo con la nostra stessa vita\u201d.<\/p>\n<p style=\"text-align: justify;\">Inoltre, diceva Papa Giovanni Paolo II, che al giorno d\u2019oggi manca la pace, non solo tra le Nazioni, ma, molte volte, persino nell\u2019ambito del focolare domestico. Per questo \u201cLa famiglia che prega unita, resta unita. Il Santo Rosario, per antica tradizione, si presta particolarmente ad essere preghiera in cui la famiglia si ritrova riproducendo un po\u2019 il clima della casa di Nazareth in cui si pone al centro Ges\u00f9, si mettono nelle sue mani bisogni e progetti, si attingono da Lui la speranza e la forza per il cammino\u201d.<\/p>\n<p style=\"text-align: justify;\">Proprio su queste splendide parole recitate dal Vicario di Cristo, Giovanni Paolo II, voglio concludere il mio articolo nella speranza che nei cuori della gente penetri pi\u00f9 luce e vengano scacciate via le tenebre della perfidia e della malignit\u00e0, di cui il mondo \u00e8 sempre pi\u00f9 intriso,attraverso un semplice gesto che \u00e8 quello della preghiera.<\/p>\n<p style=\"text-align: justify;\">La riuscita di tale articolo \u00e8 stata resa possibile dalla lettura de: \u201cLa lettera apostolica Rosarium Virginis Mariae del sommo Pontefice Giovanni Paolo II all\u2019Episcopato, al clero e ai fedeli sul Santo Rosario.<\/p>\n<p>\u00a0<\/p>\n","protected":false},"excerpt":{"rendered":"<p><img loading=\"lazy\" decoding=\"async\" class=\" size-full wp-image-6134\" alt=\"pompei_madonna\" height=\"150\" width=\"320\" src=\"https:\/\/archivioturi.lavocedelpaese.info\/wp-content\/uploads\/2011\/05\/pompei_madonna.png\" \/><\/p>\n","protected":false},"author":1,"featured_media":6134,"comment_status":"open","ping_status":"closed","sticky":false,"template":"","format":"standard","meta":{"colormag_page_container_layout":"default_layout","colormag_page_sidebar_layout":"default_layout","footnotes":""},"categories":[7],"tags":[],"class_list":["post-6135","post","type-post","status-publish","format-standard","has-post-thumbnail","hentry","category-attualita"],"_links":{"self":[{"href":"https:\/\/archivioturi.lavocedelpaese.info\/index.php\/wp-json\/wp\/v2\/posts\/6135","targetHints":{"allow":["GET"]}}],"collection":[{"href":"https:\/\/archivioturi.lavocedelpaese.info\/index.php\/wp-json\/wp\/v2\/posts"}],"about":[{"href":"https:\/\/archivioturi.lavocedelpaese.info\/index.php\/wp-json\/wp\/v2\/types\/post"}],"author":[{"embeddable":true,"href":"https:\/\/archivioturi.lavocedelpaese.info\/index.php\/wp-json\/wp\/v2\/users\/1"}],"replies":[{"embeddable":true,"href":"https:\/\/archivioturi.lavocedelpaese.info\/index.php\/wp-json\/wp\/v2\/comments?post=6135"}],"version-history":[{"count":0,"href":"https:\/\/archivioturi.lavocedelpaese.info\/index.php\/wp-json\/wp\/v2\/posts\/6135\/revisions"}],"wp:featuredmedia":[{"embeddable":true,"href":"https:\/\/archivioturi.lavocedelpaese.info\/index.php\/wp-json\/wp\/v2\/media\/6134"}],"wp:attachment":[{"href":"https:\/\/archivioturi.lavocedelpaese.info\/index.php\/wp-json\/wp\/v2\/media?parent=6135"}],"wp:term":[{"taxonomy":"category","embeddable":true,"href":"https:\/\/archivioturi.lavocedelpaese.info\/index.php\/wp-json\/wp\/v2\/categories?post=6135"},{"taxonomy":"post_tag","embeddable":true,"href":"https:\/\/archivioturi.lavocedelpaese.info\/index.php\/wp-json\/wp\/v2\/tags?post=6135"}],"curies":[{"name":"wp","href":"https:\/\/api.w.org\/{rel}","templated":true}]}}