{"id":613,"date":"2009-11-02T09:46:10","date_gmt":"2009-11-02T09:46:10","guid":{"rendered":"https:\/\/archivioturi.lavocedelpaese.info\/index.php\/2009\/11\/02\/10-domande-al-sindaco-gigantelli\/"},"modified":"2009-11-02T09:46:10","modified_gmt":"2009-11-02T09:46:10","slug":"10-domande-al-sindaco-gigantelli","status":"publish","type":"post","link":"https:\/\/archivioturi.lavocedelpaese.info\/index.php\/2009\/11\/02\/10-domande-al-sindaco-gigantelli\/","title":{"rendered":"10 DOMANDE AL SINDACO GIGANTELLI"},"content":{"rendered":"<p><img loading=\"lazy\" decoding=\"async\" class=\" size-full wp-image-119\" alt=\"Sinistra-e-Liberta-logo-h\" src=\"https:\/\/archivioturi.lavocedelpaese.info\/wp-content\/uploads\/2009\/07\/Sinistra-e-Liberta-logo-h.jpg\" width=\"320\" height=\"156\" srcset=\"https:\/\/archivioturi.lavocedelpaese.info\/wp-content\/uploads\/2009\/07\/Sinistra-e-Liberta-logo-h.jpg 410w, https:\/\/archivioturi.lavocedelpaese.info\/wp-content\/uploads\/2009\/07\/Sinistra-e-Liberta-logo-h-300x146.jpg 300w\" sizes=\"auto, (max-width: 320px) 100vw, 320px\" \/> <\/p>\n<ul>\n<li>Premesso      che riguardo alle <strong>politiche sociali<\/strong> non \u00e8 stato ancora aperto un tavolo di confronto e concertazione con le      parti sociali, quanto tempo ancora i cittadini di Turi devono attendere      affinch\u00e8 ci sia una concreta risposta ai bisogni dei pensionati,      diversamente abili, giovani, disoccupati, studenti e bambini?<\/li>\n<\/ul>\n<ul>\n<li>Quante <strong>concessioni edilizie e lottizzazioni<\/strong> sono state approvate e rilasciate dal Maggio 2007 ad oggi? Quanti metri cubi di cemento e vani abitativi sono stati e verranno realizzati?<\/li>\n<\/ul>\n<ul>\n<li>Esiste una differenza tra la <strong>pista ciclabile<\/strong> realizzata a Putignano e quella realizzata a Turi in via Cisterna? Perch\u00e8 \u00e8 stato variato l&#8217;indirizzo dato dalla scorsa amministrazione realizzando un opera inutile e pericolosa per i cittadini sprecando di fatto risorse pubbliche?<\/li>\n<\/ul>\n<ul>\n<li>Le <strong>vie cittadine<\/strong> assomigliano sempre pi\u00f9 a percorsi di guerra, perch\u00e8 l&#8217;ufficio tecnico non vigila lo stato delle strade urbane e rurali dopo i vari interventi delle innumerevoli ditte (gas, acquedotto, privati, ecc.) obbligando le stesse ad un ripristino immediato del manto stradale a regola d&#8217;arte?<\/li>\n<\/ul>\n<ul>\n<li>Nel Maggio 2007 i cittadini di Turi hanno eletto una <strong>maggioranza di centro destra<\/strong>, oggi si rileva che tale maggioranza \u00e8 variata nei nomi e nella composizione politica, alla luce di quanto detto: vorrebbe spiegare alla cittadinanza se l&#8217;attuale maggioranza \u00e8 ancora corrispondente al mandato elettorale ottenuto con il voto chiesto ai turesi?<\/li>\n<\/ul>\n<ul>\n<li>Perch\u00e8 \u00e8 stato soppresso lo <strong>sportello universitario<\/strong> decentrato implementato dalla scorsa amministazione? Non \u00e8 il caso di ripristinarlo in modo da diminuire i disagi ai giovani universitari turesi?<\/li>\n<\/ul>\n<ul>\n<li>Sa spiegare perch\u00e8 lei non ha terminato l&#8217;iter avviato dalla precedente giunta per la realizzazione dell&#8217;area artigianale<strong> &#8211; PIP <\/strong>(Piano Insediamenti Produttivi)? E perch\u00e8 Turi ha perso nel ordine: diverse aziende pronte ad investire su 18 ettari, a fronte di un area di 19, in seguito al bando pubblicato nel marzo 2007, un milione di euro a fondo perduto riveniente dal PIT murgia (da utilizzare entro il 31-12-2008) e tre anni di tempo per realizzare quella zona artigianale cos\u00ec importante per lo sviluppo sociale ed economico della nostra cittadina?<\/li>\n<\/ul>\n<ul>\n<li>Sempre in riferimento alla zona artigianale perch\u00e8 in questi tre anni la sua giunta ha profuso atteggiamenti schizzofrenici, passando dalla volont\u00e0 di voler realizzare attivit\u00e0 produttive senza regole, cio\u00e8 a<strong> &#8216;macchia di leopardo&#8217; <\/strong>tramite la richiesta sistematica delle coferenze di servizio peraltro bocciate dall&#8217;ente Regione, alla volont\u00e0 di passare dal procedimento dell&#8217;esproprio ed esecuzione pubblica ad un &#8216;<strong>progetto di finanza&#8217; <\/strong>(project financing)<strong> <\/strong>gestito da un privato nella realizzazione dell&#8217;area artiginale? forse a qulcuno conviene questa situazione di caos?<\/li>\n<\/ul>\n<ul>\n<li>Sfogliando il <strong>libro bianco delle opere pubbliche<\/strong> la quasi totalit\u00e0 delle opere risalgono al lavoro della passata amministrazione (palazzetto dello sport, restauro della Chiesa Matrice, San Rocco ed area circostante, sistemazione strade e regimazione delle acque \u00a0meteoriche, ecc); bene dopo questi anni quali progetti sono stati realizzati in seguito alle idee dei suoi assessori? e perch\u00e8 alcune opere come il palazzetto dello sport presentano oltre il 15% in pi\u00f9 del costo totale in varianti in corso d&#8217;opera? in virt\u00f9 della <strong>\u201ctrasparenza\u201d <\/strong>tanto decantata, perch\u00e8 il libro bianco non spiega il perch\u00e8 di questi costosi interventi per le casse comunali? <\/li>\n<\/ul>\n<ul>\n<li>Nei giorni scorsi i fascicoli contenenti gli scritti di Romagnoli (biografo di Di Vittorio), l&#8217;archivio dello storico De Felice<strong> <\/strong>ed altri scritti inediti ed unici sono stati traslocati presso i locali della CGIL di Bari, dopo il parziale sfratto imposto alla <strong>fondazione Gramsci <\/strong>da parte di un assessore della sua giunta, considerando tali fonti storiche come un ingombro e non come risorsa per Turi, la domanda sorge spontanea: per lei la cultura deve rimanere un tab\u00f9?<\/li>\n<\/ul>\n","protected":false},"excerpt":{"rendered":"<p><img loading=\"lazy\" decoding=\"async\" class=\" size-full wp-image-119\" alt=\"Sinistra-e-Liberta-logo-h\" src=\"https:\/\/archivioturi.lavocedelpaese.info\/wp-content\/uploads\/2009\/07\/Sinistra-e-Liberta-logo-h.jpg\" width=\"320\" height=\"156\" srcset=\"https:\/\/archivioturi.lavocedelpaese.info\/wp-content\/uploads\/2009\/07\/Sinistra-e-Liberta-logo-h.jpg 410w, https:\/\/archivioturi.lavocedelpaese.info\/wp-content\/uploads\/2009\/07\/Sinistra-e-Liberta-logo-h-300x146.jpg 300w\" sizes=\"auto, (max-width: 320px) 100vw, 320px\" \/> <\/p>\n","protected":false},"author":1,"featured_media":119,"comment_status":"open","ping_status":"closed","sticky":false,"template":"","format":"standard","meta":{"colormag_page_container_layout":"default_layout","colormag_page_sidebar_layout":"default_layout","footnotes":""},"categories":[4],"tags":[],"class_list":["post-613","post","type-post","status-publish","format-standard","has-post-thumbnail","hentry","category-politica"],"_links":{"self":[{"href":"https:\/\/archivioturi.lavocedelpaese.info\/index.php\/wp-json\/wp\/v2\/posts\/613","targetHints":{"allow":["GET"]}}],"collection":[{"href":"https:\/\/archivioturi.lavocedelpaese.info\/index.php\/wp-json\/wp\/v2\/posts"}],"about":[{"href":"https:\/\/archivioturi.lavocedelpaese.info\/index.php\/wp-json\/wp\/v2\/types\/post"}],"author":[{"embeddable":true,"href":"https:\/\/archivioturi.lavocedelpaese.info\/index.php\/wp-json\/wp\/v2\/users\/1"}],"replies":[{"embeddable":true,"href":"https:\/\/archivioturi.lavocedelpaese.info\/index.php\/wp-json\/wp\/v2\/comments?post=613"}],"version-history":[{"count":0,"href":"https:\/\/archivioturi.lavocedelpaese.info\/index.php\/wp-json\/wp\/v2\/posts\/613\/revisions"}],"wp:featuredmedia":[{"embeddable":true,"href":"https:\/\/archivioturi.lavocedelpaese.info\/index.php\/wp-json\/wp\/v2\/media\/119"}],"wp:attachment":[{"href":"https:\/\/archivioturi.lavocedelpaese.info\/index.php\/wp-json\/wp\/v2\/media?parent=613"}],"wp:term":[{"taxonomy":"category","embeddable":true,"href":"https:\/\/archivioturi.lavocedelpaese.info\/index.php\/wp-json\/wp\/v2\/categories?post=613"},{"taxonomy":"post_tag","embeddable":true,"href":"https:\/\/archivioturi.lavocedelpaese.info\/index.php\/wp-json\/wp\/v2\/tags?post=613"}],"curies":[{"name":"wp","href":"https:\/\/api.w.org\/{rel}","templated":true}]}}