{"id":6034,"date":"2011-05-02T11:38:01","date_gmt":"2011-05-02T11:38:01","guid":{"rendered":"https:\/\/archivioturi.lavocedelpaese.info\/index.php\/2011\/05\/02\/italiani-alle-urne-emergenza-acqua-e-legittimo-impedimento\/"},"modified":"2011-05-02T11:38:01","modified_gmt":"2011-05-02T11:38:01","slug":"italiani-alle-urne-emergenza-acqua-e-legittimo-impedimento","status":"publish","type":"post","link":"https:\/\/archivioturi.lavocedelpaese.info\/index.php\/2011\/05\/02\/italiani-alle-urne-emergenza-acqua-e-legittimo-impedimento\/","title":{"rendered":"ITALIANI ALLE URNE? REFERENDUM 12-13 GIUGNO"},"content":{"rendered":"<p><img loading=\"lazy\" decoding=\"async\" class=\" size-full wp-image-6033\" alt=\"referendum_11\" height=\"150\" width=\"320\" src=\"https:\/\/archivioturi.lavocedelpaese.info\/wp-content\/uploads\/2011\/05\/referendum_11.png\" srcset=\"https:\/\/archivioturi.lavocedelpaese.info\/wp-content\/uploads\/2011\/05\/referendum_11.png 640w, https:\/\/archivioturi.lavocedelpaese.info\/wp-content\/uploads\/2011\/05\/referendum_11-300x141.png 300w\" sizes=\"auto, (max-width: 320px) 100vw, 320px\" \/><\/p>\n<p style=\"text-align: justify;\">Anche i cittadini turesi si preparano per il Referendum del giugno prossimo. Come in democrazia le opinioni hanno differenti identit\u00e0. C&#8217;\u00e8 chi \u00e8 favorevole alla privatizzazione per tutelare un bene comune ed evitare sperperi, c&#8217;\u00e8 invece chi difende il diritto della propriet\u00e0 pubblica su un bene cos\u00ec prezioso.<\/p>\n<p style=\"text-align: justify;\">La scorsa settimana il Governo Berlusconi ha abolito il referendum relativo al nucleare, ma restano ancora al vaglio degli italiani i referendum sulla privatizzazione dell&#8217;acqua e sul legittimo impedimento. Il referendum \u00e8 un diritto ed un dovere del cittadino, che permette di esprimere direttamente la propria volont\u00e0. I quesiti in discussione, per la privatizzazione dell\u2019acqua, sono due. Il primo riguarda la volont\u00e0 del cittadino di abrogare o meno la normativa che attribuisce la gestione del servizio idrico ad enti privati mediante gara o ad una societ\u00e0 a capitale misto pubblico\/privato. La sua abrogazione contrasta la consegna dei servizi idrici al gran mercato economico. Il secondo quesito invece chiede l&#8217;abrogazione di una normativa che permette al gestore di ottenere profitti certi sulla tariffa, aumentando la bolletta del cittadino del 7% senza tener conto di un miglioramento qualitativo dei servizi.<\/p>\n<p style=\"text-align: justify;\">Inoltre \u00e8 d&#8217;obbligo considerare che a seguito della crescita demografica e per effetto dell&#8217;inquinamento, alcuni scienziati del settore, pronosticano che nel 2020 il Mondo accuser\u00e0 il 40% in meno di risorse idriche; ci\u00f2 ne comporterebbe l&#8217;adesione, da parte della Banca Mondiale, alla normativa sulla privatizzazione delle acque e sulla tariffazione a pieno costo. Dunque l&#8217;acqua diverr\u00e0 il nuovo petrolio? Con la privatizzazione i potenti gestiranno anche questa risorsa naturale per evitare che ci siano conflitti tra popolazioni sull&#8217;utilizzo e sulle quantit\u00e0 di spreco delle acque.<\/p>\n<p style=\"text-align: justify;\">La privatizzazione comporterebbe un danno per le famiglie con un tenore di vita medio-basso, perch\u00e8 i\u00a0 gestori adotteranno l&#8217;esclusiva su un bene affidato a tutti.<\/p>\n<p style=\"text-align: justify;\">Un ulteriore quesito, posto a crivello, \u00e8 improntato sul legittimo impedimento. Questa abrogazione permette di irrigidire le direttive sull&#8217;assenza dell&#8217;imputato in aula. Attualmente si distingue in due possibilit\u00e0: se si tratta di prima udienza l&#8217;imputato deve presentarsi, in caso contrario le giustificazioni della propria assenza saranno esaminate dal giudice che potr\u00e0, in caso di assenza non volontaria, dichiararne la condizione di contumacia e per questo motivo il processo seguir\u00e0 il suo percorso. Se, invece, l&#8217;assenza riguarda udienze successive, e l&#8217;imputato non \u00e8 dichiarato contumace, lo stesso \u00e8 giudicato semplicemente assente.<\/p>\n<p style=\"text-align: justify;\">Quale potrebbe essere una soluzione agli accadimenti odierni privi di buon senso?<\/p>\n<p style=\"text-align: justify;\">Le capacit\u00e0 di un essere umano di sviluppare, articolare e verificare un dato fenomeno sono molto molteplici. Le ricerche, gli studi approfonditi e la distinzione tra bene e male ci allontana dagli organismi sensibili in grado di muoversi senza vincoli e senza ragione. Tuttavia \u00e8 bene distinguere il progresso dall&#8217;avidit\u00e0, esattamente come il celebre filosofo e politilogo di origine francese, Jean Jacques Rousseau, precisava: \u201cle anime si sono corrotte nella stessa misura in cui le nostre arti, le nostre scienze hanno progredito verso la perfezione.\u201d Rousseau era avverso al progresso, perch\u00e8 creava disuguaglianze tra gli uomini: la magistratura decreta la disuguaglianza tra debole e potente, la propriet\u00e0 \u00e8 alla base della divisione tra ricchi e poveri. In realt\u00e0 se tutto ci\u00f2 non ci fosse, vivremmo in libero arbitrio e l&#8217;uomo si danneggerebbe a vicenda perch\u00e8 il vero problema \u00e8 l\u2019incapacit\u00e0 dell&#8217;uomo di domare i suoi istinti pi\u00f9 materiali. Se tutto ci\u00f2 venisse eseguito con ponderazione non ci si ritroverebbe con una \u201cmosca in mano\u201d, anzi si riuscirebbe a distinguere il progresso, come l&#8217;energia alternativa, dalla mera distruzione degli organismi e dell&#8217;ecosistema.<\/p>\n","protected":false},"excerpt":{"rendered":"<p><img loading=\"lazy\" decoding=\"async\" class=\" size-full wp-image-6033\" alt=\"referendum_11\" height=\"150\" width=\"320\" src=\"https:\/\/archivioturi.lavocedelpaese.info\/wp-content\/uploads\/2011\/05\/referendum_11.png\" srcset=\"https:\/\/archivioturi.lavocedelpaese.info\/wp-content\/uploads\/2011\/05\/referendum_11.png 640w, https:\/\/archivioturi.lavocedelpaese.info\/wp-content\/uploads\/2011\/05\/referendum_11-300x141.png 300w\" sizes=\"auto, (max-width: 320px) 100vw, 320px\" \/><\/p>\n","protected":false},"author":1,"featured_media":6033,"comment_status":"open","ping_status":"closed","sticky":false,"template":"","format":"standard","meta":{"colormag_page_container_layout":"default_layout","colormag_page_sidebar_layout":"default_layout","footnotes":""},"categories":[7],"tags":[],"class_list":["post-6034","post","type-post","status-publish","format-standard","has-post-thumbnail","hentry","category-attualita"],"_links":{"self":[{"href":"https:\/\/archivioturi.lavocedelpaese.info\/index.php\/wp-json\/wp\/v2\/posts\/6034","targetHints":{"allow":["GET"]}}],"collection":[{"href":"https:\/\/archivioturi.lavocedelpaese.info\/index.php\/wp-json\/wp\/v2\/posts"}],"about":[{"href":"https:\/\/archivioturi.lavocedelpaese.info\/index.php\/wp-json\/wp\/v2\/types\/post"}],"author":[{"embeddable":true,"href":"https:\/\/archivioturi.lavocedelpaese.info\/index.php\/wp-json\/wp\/v2\/users\/1"}],"replies":[{"embeddable":true,"href":"https:\/\/archivioturi.lavocedelpaese.info\/index.php\/wp-json\/wp\/v2\/comments?post=6034"}],"version-history":[{"count":0,"href":"https:\/\/archivioturi.lavocedelpaese.info\/index.php\/wp-json\/wp\/v2\/posts\/6034\/revisions"}],"wp:featuredmedia":[{"embeddable":true,"href":"https:\/\/archivioturi.lavocedelpaese.info\/index.php\/wp-json\/wp\/v2\/media\/6033"}],"wp:attachment":[{"href":"https:\/\/archivioturi.lavocedelpaese.info\/index.php\/wp-json\/wp\/v2\/media?parent=6034"}],"wp:term":[{"taxonomy":"category","embeddable":true,"href":"https:\/\/archivioturi.lavocedelpaese.info\/index.php\/wp-json\/wp\/v2\/categories?post=6034"},{"taxonomy":"post_tag","embeddable":true,"href":"https:\/\/archivioturi.lavocedelpaese.info\/index.php\/wp-json\/wp\/v2\/tags?post=6034"}],"curies":[{"name":"wp","href":"https:\/\/api.w.org\/{rel}","templated":true}]}}